{"id":57878,"date":"2025-11-17T18:15:23","date_gmt":"2025-11-17T18:15:23","guid":{"rendered":"https:\/\/www.europesays.com\/nl\/57878\/"},"modified":"2025-11-17T18:15:23","modified_gmt":"2025-11-17T18:15:23","slug":"helene-hendriks-noa-vahle-en-merel-ek-slaan-handen-ineen","status":"publish","type":"post","link":"https:\/\/www.europesays.com\/nl\/57878\/","title":{"rendered":"H\u00e9l\u00e8ne Hendriks, Noa Vahle en Merel Ek slaan handen ineen"},"content":{"rendered":"<p class=\"mui-173mato e10ntc2u0\">H\u00e9l\u00e8ne Hendriks, Noa Vahle en Merel Ek gaan samen een podcast maken. Het drietal is vanaf 22 december te horen in HNM de podcast. &#8220;We maken ook veel mee met elkaar en dat is ook leuk om over te ouwehoeren.&#8221; <\/p>\n<p class=\"mui-173mato e10ntc2u0\">&#8220;Vanaf 22 december zijn we wekelijks te horen op al je favoriete platforms&#8221;, laten de vaste gezichten van SBS6-programma&#8217;s De Oranjezomer en Vandaag Inside weten. De podcast &#8220;bundelt het beste van televisie, sport en politiek in een show. Wij laten je alle hoeken van de tv-wereld zien&#8221;, luidt de aankondiging op Instagram.<\/p>\n<p class=\"mui-173mato e10ntc2u0\">Lees verder onder de post&#8230;<\/p>\n<p>Achter de schermen<\/p>\n<p class=\"mui-173mato e10ntc2u0\">H\u00e9l\u00e8ne laat aan Shownieuws weten dat ze het vooral heel gezellig vindt. &#8220;Ook al spreken we elkaar best wel veel op werkgebied, we maken ook best wel veel mee met elkaar en dat is ook leuk om over te ouwehoeren.&#8221; <\/p>\n<p class=\"mui-173mato e10ntc2u0\">Wat we kunnen verwachten? &#8220;Een wekelijkse podcast waarin we een aantal rubrieken hebben&#8221;, legt de presentatrice uit. Het wordt een mini-programmaatje met beelden waarin we bespreken wat we meemaken in ons werk. Wat gebeurt er achter die schermen?&#8221;<\/p>\n<p class=\"mui-173mato e10ntc2u0\">Maar de gezelligheid is het belangrijkste, laat Merel weten. &#8220;Verder kan het ons gestolen worden of het nou leuk wordt of niet&#8221;, lacht ze. &#8220;We zitten in elk geval weer even met z&#8217;n drie\u00ebn bij elkaar om te kletsen. Ik hoop dat anderen er ook van gaan genieten.&#8221;<\/p>\n<p>Avonturen met elkaar<\/p>\n<p class=\"mui-173mato e10ntc2u0\">Het drietal ging vorige maand met elkaar op stap na het Gouden Televizier-Ring-feest en beleefde heel wat avonturen. Noa vertelde erover in De Oranjezomer. &#8220;Ik heb twintig minuten gestaan en getwijfeld van moet ik nu bellen? Want ik kwam om 04:30 thuis. Ik was wel met de auto, dus het is niet dat ik helemaal starnakel daar stond, maar ik kreeg het hek niet open&#8221;, vertelt ze over de villa van haar moeder<a rel=\"noopener noreferrer nofollow\" target=\"_blank\" class=\"mui-1i4zqbr e1bmvyuj0\" href=\"https:\/\/www.shownieuws.nl\/entertainment\/bners\/artikelen\/noa-vahle-linda-de-mol\"> Linda de Mol.<\/a> &#8220;Uiteindelijk heb ik mijn broer gebeld, want die sliep daar ook, en hij heeft open gedaan.&#8221;<\/p>\n<p class=\"mui-173mato e10ntc2u0\">Wat was er nu aan de hand? &#8220;Waar je de code intypt dat was even aan de andere kant geplaatst en dat wist ik niet&#8221;, grinnikt Noa. Merel en H\u00e9l\u00e8ne brachten de nacht samen door na het feest. &#8220;Niks gebeurd, maar het was wel gezellig&#8221;, grapt H\u00e9l\u00e8ne.<\/p>\n<p class=\"mui-173mato e10ntc2u0\">Bekijk de beelden van het ogenschijnlijk gezellige feestje in de video hieronder&#8230;<\/p>\n<p><img alt=\"Noa Vahle vertelt over nachtelijk voorval na Gouden Televizier-Ring-feest\" loading=\"lazy\" decoding=\"async\" data-nimg=\"fill\" class=\"mui-nacstu e1qtpq9e5\" style=\"position:absolute;height:100%;width:100%;left:0;top:0;right:0;bottom:0;color:transparent\"   src=\"https:\/\/www.europesays.com\/nl\/wp-content\/uploads\/2025\/10\/noa-vahle-vertelt-over-nachtelijk-voorval-na-gouden-televizier-ring-feest.jpg\"\/><\/p>\n<p>1:15<\/p>\n<p>Noa Vahle vertelt over nachtelijk voorval na Gouden Televizier-Ring-feest<\/p>\n","protected":false},"excerpt":{"rendered":"H\u00e9l\u00e8ne Hendriks, Noa Vahle en Merel Ek gaan samen een podcast maken. Het drietal is vanaf 22 december&hellip;\n","protected":false},"author":2,"featured_media":57879,"comment_status":"","ping_status":"","sticky":false,"template":"","format":"standard","meta":{"footnotes":""},"categories":[25],"tags":[99,48,98,46,47,49,45,50],"class_list":{"0":"post-57878","1":"post","2":"type-post","3":"status-publish","4":"format-standard","5":"has-post-thumbnail","7":"category-amusement","8":"tag-amusement","9":"tag-dutch","10":"tag-entertainment","11":"tag-nederland","12":"tag-nederlanden","13":"tag-nederlands","14":"tag-netherlands","15":"tag-nl"},"share_on_mastodon":{"url":"https:\/\/pubeurope.com\/@nl\/115566406756584976","error":""},"_links":{"self":[{"href":"https:\/\/www.europesays.com\/nl\/wp-json\/wp\/v2\/posts\/57878","targetHints":{"allow":["GET"]}}],"collection":[{"href":"https:\/\/www.europesays.com\/nl\/wp-json\/wp\/v2\/posts"}],"about":[{"href":"https:\/\/www.europesays.com\/nl\/wp-json\/wp\/v2\/types\/post"}],"author":[{"embeddable":true,"href":"https:\/\/www.europesays.com\/nl\/wp-json\/wp\/v2\/users\/2"}],"replies":[{"embeddable":true,"href":"https:\/\/www.europesays.com\/nl\/wp-json\/wp\/v2\/comments?post=57878"}],"version-history":[{"count":0,"href":"https:\/\/www.europesays.com\/nl\/wp-json\/wp\/v2\/posts\/57878\/revisions"}],"wp:featuredmedia":[{"embeddable":true,"href":"https:\/\/www.europesays.com\/nl\/wp-json\/wp\/v2\/media\/57879"}],"wp:attachment":[{"href":"https:\/\/www.europesays.com\/nl\/wp-json\/wp\/v2\/media?parent=57878"}],"wp:term":[{"taxonomy":"category","embeddable":true,"href":"https:\/\/www.europesays.com\/nl\/wp-json\/wp\/v2\/categories?post=57878"},{"taxonomy":"post_tag","embeddable":true,"href":"https:\/\/www.europesays.com\/nl\/wp-json\/wp\/v2\/tags?post=57878"}],"curies":[{"name":"wp","href":"https:\/\/api.w.org\/{rel}","templated":true}]}}