{"id":57898,"date":"2025-11-17T18:31:16","date_gmt":"2025-11-17T18:31:16","guid":{"rendered":"https:\/\/www.europesays.com\/nl\/57898\/"},"modified":"2025-11-17T18:31:16","modified_gmt":"2025-11-17T18:31:16","slug":"waterreus-kijkt-reikhalzend-uit-naar-c-sterren-op-wk-een-mooi-vooruitzicht","status":"publish","type":"post","link":"https:\/\/www.europesays.com\/nl\/57898\/","title":{"rendered":"Waterreus kijkt reikhalzend uit naar &#8216;C-sterren&#8217; op WK: &#8216;Een mooi vooruitzicht&#8217;"},"content":{"rendered":"<p class=\"intro\">Ronald Waterreus kijkt al reikhalzend uit naar het komende WK met mogelijk Kaapverdi\u00eb, Suriname \u00e9n Cura\u00e7ao met Nederlandse inbreng. De oud-keeper van onder meer PSV zoomt in zijn column voor <a target=\"_blank\" href=\"https:\/\/www.limburger.nl\/opinie\/column\/het-is-folkore-natuurlijk-al-die-c-sterren-op-het-wk-maar-ik-zet-straks-mijn-wekker-voor-suriname-kaapverdie-en-curacao\/105384920.html\" rel=\"nofollow noopener\">De Limburger<\/a> in op de &#8216;C-sterren&#8217; bij de nationale teams.<\/p>\n<p>&#8216;Mooi is het natuurlijk, het vooruitzicht op wat komen gaat&#8217;, begint Waterreus. &#8216;Winst op Guatemala, woensdag, en Suriname kan het WK nauwelijks nog mislopen. En dat betekent dat Menzo&#8217;s elftal, met daarin louter eredivisiespelers of voormalige eredivisiespelers, komende zomer voor het eerst op het allergrootste voetbalpodium staat. Hetzelfde geldt vermoedelijk voor het Nederlands getinte Cura\u00e7ao van Dick Advocaat.&#8217;<\/p>\n<p>De oud-doelman spreekt van &#8216;folklore&#8217; op het WK, aangezien er zo\u2019n tachtig procent van de deelnemers niets te zoeken heeft. &#8216;Het is slechts wachten op de dag dat de ultra-commerci\u00eble FIFA de weg naar een eindtoernooi ook plaveit voor Tuvalu, Vaticaanstad en Luilekkerland. (Zijn we meteen van die stroperige kwalificatiewedstrijden af, \u00e1 la Polen &#8211; Nederland.).&#8217;<\/p>\n<p>&#8216;Dick Advocaat spurt langs de zijlijn&#8217;<\/p>\n<p>Liever belicht Waterreus de mooie kanten van de deelname van de &#8216;C-sterren&#8217; aan het WK. &#8216;Wat te denken van ons aller Dicky Advocaat, 78 jaar en for ever young. Hoewel hij er vanwege familieomstandigheden woensdag niet bij kan zijn tegen Jamaica heeft &#8216;zijn&#8217; Cura\u00e7ao aan een puntje genoeg om plaatsing af te dwingen. Echt, wat zou het fantastisch zijn, Dick die in het Mexicaanse Estadio Azteca op z\u2019n Dicks naar de zijlijn spurt omdat zijn mid-voor van RKC niet goed in de organisatie loopt.&#8217;<\/p>\n<p>&#8216;Voor Stanley Menzo is het ook prachtig, mocht het hem lukken om erbij te zijn&#8217;, vervolgt Waterreus. &#8216;Afgelopen week vertelde hij hoe zijn vrouw en zijn moeder hem ge\u00ebmotioneerd opbelden, nu het WK zo serieus lonkt voor zijn ploeg. Een ontroerend mooi gebaar. Alleen al voor die mensen, aanhangers van de &#8216;kleintjes&#8217;, zet ik komende zomer elke nacht mijn wekker. Hup Suriname! Hup Kaapverdi\u00eb! Hup Cura\u00e7ao!&#8217;<\/p>\n","protected":false},"excerpt":{"rendered":"Ronald Waterreus kijkt al reikhalzend uit naar het komende WK met mogelijk Kaapverdi\u00eb, Suriname \u00e9n Cura\u00e7ao met Nederlandse&hellip;\n","protected":false},"author":2,"featured_media":36757,"comment_status":"","ping_status":"","sticky":false,"template":"","format":"standard","meta":{"footnotes":""},"categories":[21],"tags":[48,46,47,49,45,50,92,91],"class_list":{"0":"post-57898","1":"post","2":"type-post","3":"status-publish","4":"format-standard","5":"has-post-thumbnail","7":"category-sport","8":"tag-dutch","9":"tag-nederland","10":"tag-nederlanden","11":"tag-nederlands","12":"tag-netherlands","13":"tag-nl","14":"tag-sport","15":"tag-sports"},"share_on_mastodon":{"url":"https:\/\/pubeurope.com\/@nl\/115566469552549686","error":""},"_links":{"self":[{"href":"https:\/\/www.europesays.com\/nl\/wp-json\/wp\/v2\/posts\/57898","targetHints":{"allow":["GET"]}}],"collection":[{"href":"https:\/\/www.europesays.com\/nl\/wp-json\/wp\/v2\/posts"}],"about":[{"href":"https:\/\/www.europesays.com\/nl\/wp-json\/wp\/v2\/types\/post"}],"author":[{"embeddable":true,"href":"https:\/\/www.europesays.com\/nl\/wp-json\/wp\/v2\/users\/2"}],"replies":[{"embeddable":true,"href":"https:\/\/www.europesays.com\/nl\/wp-json\/wp\/v2\/comments?post=57898"}],"version-history":[{"count":0,"href":"https:\/\/www.europesays.com\/nl\/wp-json\/wp\/v2\/posts\/57898\/revisions"}],"wp:featuredmedia":[{"embeddable":true,"href":"https:\/\/www.europesays.com\/nl\/wp-json\/wp\/v2\/media\/36757"}],"wp:attachment":[{"href":"https:\/\/www.europesays.com\/nl\/wp-json\/wp\/v2\/media?parent=57898"}],"wp:term":[{"taxonomy":"category","embeddable":true,"href":"https:\/\/www.europesays.com\/nl\/wp-json\/wp\/v2\/categories?post=57898"},{"taxonomy":"post_tag","embeddable":true,"href":"https:\/\/www.europesays.com\/nl\/wp-json\/wp\/v2\/tags?post=57898"}],"curies":[{"name":"wp","href":"https:\/\/api.w.org\/{rel}","templated":true}]}}