{"id":57965,"date":"2025-11-17T19:33:13","date_gmt":"2025-11-17T19:33:13","guid":{"rendered":"https:\/\/www.europesays.com\/nl\/57965\/"},"modified":"2025-11-17T19:33:13","modified_gmt":"2025-11-17T19:33:13","slug":"roemenie-evacueert-grensdorpjes-bij-oekraine-vanwege-explosiegevaar-gastanker","status":"publish","type":"post","link":"https:\/\/www.europesays.com\/nl\/57965\/","title":{"rendered":"Roemeni\u00eb evacueert grensdorpjes bij Oekra\u00efne vanwege explosiegevaar gastanker"},"content":{"rendered":"<p><img alt=\"\" decoding=\"async\" loading=\"eager\" src=\"https:\/\/www.europesays.com\/nl\/wp-content\/uploads\/2025\/11\/1763407992_10_1024x576a.jpg\" class=\"sc-bcb3b750-1 cULYcE\"\/>Associated PressDe brandende LNG-tanker<\/p>\n<p>NOS Nieuws\u2022vandaag, 19:33<\/p>\n<p class=\"sc-2ea02837-0 fedhGB\" id=\"516564737877148\">Roemeni\u00eb heeft twee grensdorpjes ge\u00ebvacueerd vanwege een brand op een lpg-tanker in de Oekra\u00efense havenstad Izmajil. De tanker zou volgens de autoriteiten elk moment kunnen exploderen. Het schip bevindt zich op de rivier de Donau, op ongeveer 500 meter van het dorpje Plauru. Ook inwoners uit Ceatalchioi worden elders ondergebracht.<\/p>\n<p class=\"sc-2ea02837-0 fedhGB\" id=\"825295991253042\">Volgens een verklaring van het Roemeense Ministerie van Noodsituaties is de brand gisteren ontstaan door een Russische droneaanval op Oekra\u00efens grondgebied.<\/p>\n<p class=\"sc-2ea02837-0 fedhGB\" id=\"766372153207751\">Het schip vaart onder Turkse vlag en vervoert ongeveer 4000 ton vloeibaar gas. De bemanning raakte niet gewond en is eveneens ge\u00ebvacueerd. De haven van Izmajil is een belangrijke haven voor de Oekra\u00efense import en export.<\/p>\n<p class=\"sc-2ea02837-0 fedhGB\" id=\"386571223615088\">Ook de Roemeense militairen die zich in het gebied bevinden om toezicht te houden op de grens hebben zich teruggetrokken, meldt de Roemeense nieuwssite <a href=\"https:\/\/www.digi24.ro\/stiri\/actualitate\/raed-arafat-daca-nava-cu-gpl-care-arde-pe-malul-ucrainean-al-dunarii-ar-exploda-impactul-s-ar-resimti-pe-o-raza-de-45-5-kilometri-3506831\" data-tracking=\"elementType=external-link|elementId=https:\/\/www.digi24.ro\/stiri\/actualitate\/raed-arafat-daca-nava-cu-gpl-care-arde-pe-malul-ucrainean-al-dunarii-ar-exploda-impactul-s-ar-resimti-pe-o-raza-de-45-5-kilometri-3506831|eventType=navigation|eventName=open\" target=\"_blank\" rel=\"nofollow noopener\">Digi24<\/a>.<\/p>\n<p><img alt=\"\" decoding=\"async\" loading=\"lazy\" src=\"https:\/\/www.europesays.com\/nl\/wp-content\/uploads\/2025\/11\/1763407993_630_1024x576a.jpg\" class=\"sc-bcb3b750-1 cULYcE\"\/>NOS<\/p>\n<p class=\"sc-2ea02837-0 fedhGB\" id=\"894659950120417\">De Oekra\u00efense minister van Buitenlandse Zaken Sybiha <a href=\"https:\/\/x.com\/andrii_sybiha\/status\/1990421062077628756?s=20\" data-tracking=\"elementType=external-link|elementId=https:\/\/x.com\/andrii_sybiha\/status\/1990421062077628756?s20|eventType=navigation|eventName=open\" target=\"_blank\" rel=\"nofollow\">bevestigt<\/a> de aanval op de LNG-tanker. Volgens Sybiha laat dit zien dat Rusland ook de Oekra\u00efense buurlanden bedreigt. &#8220;Dit benadrukt de urgentie van collectieve druk op Moskou om de oorlog te be\u00ebindigen&#8221;, aldus de minister.<\/p>\n<p class=\"sc-2ea02837-0 fedhGB\" id=\"56681864465348\">Roemeni\u00eb heeft vaker last van de Russische aanvallen op Oekra\u00efne. Zo zijn er meerdere keren Russische drones het Roemeense luchtruim ingevlogen.<\/p>\n<p class=\"sc-2ea02837-0 fedhGB\" id=\"992017518027674\">Vorige week riep Roemeni\u00eb de Russische ambassadeur op het matje vanwege de vondst van brokstukken van drones die volgens de Romeense autoriteiten van Russische oorsprong waren. Die droneresten werden gevonden na een Russische aanval op de Oekra\u00efense havens langs de river de Donau.<\/p>\n","protected":false},"excerpt":{"rendered":"Associated PressDe brandende LNG-tanker NOS Nieuws\u2022vandaag, 19:33 Roemeni\u00eb heeft twee grensdorpjes ge\u00ebvacueerd vanwege een brand op een lpg-tanker&hellip;\n","protected":false},"author":2,"featured_media":57966,"comment_status":"","ping_status":"","sticky":false,"template":"","format":"standard","meta":{"footnotes":""},"categories":[15],"tags":[39,40,962,48,14231,43,44,34,35,41,42,46,47,49,45,32,33,50,12468,4538,155,36,37,38,67,64,65,66],"class_list":{"0":"post-57965","1":"post","2":"type-post","3":"status-publish","4":"format-standard","5":"has-post-thumbnail","7":"category-wereld","8":"tag-breaking-news","9":"tag-breakingnews","10":"tag-drones","11":"tag-dutch","12":"tag-evacuatie","13":"tag-featured-news","14":"tag-featurednews","15":"tag-headlines","16":"tag-hoofdpunten","17":"tag-latest-news","18":"tag-latestnews","19":"tag-nederland","20":"tag-nederlanden","21":"tag-nederlands","22":"tag-netherlands","23":"tag-news","24":"tag-nieuws","25":"tag-nl","26":"tag-oekra","27":"tag-roemenie","28":"tag-rusland","29":"tag-top-stories","30":"tag-topstories","31":"tag-voorpaginanieuws","32":"tag-wereld","33":"tag-world","34":"tag-world-news","35":"tag-worldnews"},"share_on_mastodon":{"url":"https:\/\/pubeurope.com\/@nl\/115566713666305931","error":""},"_links":{"self":[{"href":"https:\/\/www.europesays.com\/nl\/wp-json\/wp\/v2\/posts\/57965","targetHints":{"allow":["GET"]}}],"collection":[{"href":"https:\/\/www.europesays.com\/nl\/wp-json\/wp\/v2\/posts"}],"about":[{"href":"https:\/\/www.europesays.com\/nl\/wp-json\/wp\/v2\/types\/post"}],"author":[{"embeddable":true,"href":"https:\/\/www.europesays.com\/nl\/wp-json\/wp\/v2\/users\/2"}],"replies":[{"embeddable":true,"href":"https:\/\/www.europesays.com\/nl\/wp-json\/wp\/v2\/comments?post=57965"}],"version-history":[{"count":0,"href":"https:\/\/www.europesays.com\/nl\/wp-json\/wp\/v2\/posts\/57965\/revisions"}],"wp:featuredmedia":[{"embeddable":true,"href":"https:\/\/www.europesays.com\/nl\/wp-json\/wp\/v2\/media\/57966"}],"wp:attachment":[{"href":"https:\/\/www.europesays.com\/nl\/wp-json\/wp\/v2\/media?parent=57965"}],"wp:term":[{"taxonomy":"category","embeddable":true,"href":"https:\/\/www.europesays.com\/nl\/wp-json\/wp\/v2\/categories?post=57965"},{"taxonomy":"post_tag","embeddable":true,"href":"https:\/\/www.europesays.com\/nl\/wp-json\/wp\/v2\/tags?post=57965"}],"curies":[{"name":"wp","href":"https:\/\/api.w.org\/{rel}","templated":true}]}}