{"id":58480,"date":"2025-11-18T09:52:12","date_gmt":"2025-11-18T09:52:12","guid":{"rendered":"https:\/\/www.europesays.com\/nl\/58480\/"},"modified":"2025-11-18T09:52:12","modified_gmt":"2025-11-18T09:52:12","slug":"ronald-koeman-doet-boekje-open-over-nederlands-elftal-ik-weet-niet-of-knvb-blij-is-dat-ik-dit-zeg","status":"publish","type":"post","link":"https:\/\/www.europesays.com\/nl\/58480\/","title":{"rendered":"Ronald Koeman doet boekje open over Nederlands elftal: &#8216;Ik weet niet of KNVB blij is dat ik dit zeg&#8217;"},"content":{"rendered":"<p><a class=\"article-details_article-details__section__element--authorName__j3rZA article-details_link__9uNPj\" href=\"https:\/\/www.voetbalzone.nl\/auteur\/siep-engelen\/326526\" rel=\"nofollow noopener\" target=\"_blank\">Siep Engelen<\/a>18 nov 2025, 06:25<\/p>\n<p>Laatst bijgewerkt: 18 nov 2025, 08:01<\/p>\n<p>Nu het Nederlands elftal zich heeft geplaatst voor het WK 2026 in de Verenigde Staten, Canada en Mexico, kunnen de voorbereidingen daarop van start gaan. Oranje komt in aanloop naar het eindtoernooi nog twee keer bij elkaar, om te beginnen in maart.\u00a0<\/p>\n<p>Bondscoach Ronald Koeman werd op de persconferentie na afloop van de gewonnen wedstrijd tegen Litouwen (4-0) logischerwijs gevraagd naar de tegenstanders, maar kon daar nog niet alles over prijsgeven.\u00a0<\/p>\n<p>\u201cIk kan niks daarover zeggen, omdat ik heb begrepen van de KNVB dat die contracten nog niet getekend zijn\u201d, begint Koeman eerst heel geheimzinnig.\u00a0<\/p>\n<p>\u201cWe spelen in maart in principe twee keer thuis. E\u00e9n keer tegen een Europese ploeg en \u00e9\u00e9n keer tegen een Zuid-Amerikaanse ploeg\u201d, geeft hij vervolgens toch het een en ander weg. \u201cIk weet niet of ze blij zijn bij de KNVB dat ik dit nu zeg.\u201d\u00a0<\/p>\n<p>De volgende interlandperiode zal Koeman ongetwijfeld verder werken aan het vinden van zijn ideale opstelling. Vooral het middenveld geeft de bondscoach veel reden tot nadenken, nu Frenkie de Jong, Ryan Gravenberch en Tijjani Reijnders bedreigd worden door Justin Kluivert en Xavi Simons.\u00a0<\/p>\n<p>\u201cIk denk ook niet dat je moet denken dat er maar drie middenvelders zijn en dat het middenveld altijd hetzelfde moet zijn\u201d, aldus Koeman. \u201cDat kan echt per wedstrijd veranderen.\u201d\u00a0<\/p>\n<p>\u201cNatuurlijk hebben wij geweldige middenvelders. We hebben keuzes, maar ik ben er wel redelijk uit wat normaal gesproken het middenveld moet zijn. Maar er zijn wedstrijden waarin het ook anders kan. Die concurrentie hebben we\u201d, besluit hij.<\/p>\n","protected":false},"excerpt":{"rendered":"Siep Engelen18 nov 2025, 06:25 Laatst bijgewerkt: 18 nov 2025, 08:01 Nu het Nederlands elftal zich heeft geplaatst&hellip;\n","protected":false},"author":2,"featured_media":58481,"comment_status":"","ping_status":"","sticky":false,"template":"","format":"standard","meta":{"footnotes":""},"categories":[21],"tags":[48,46,47,49,45,50,4968,92,91],"class_list":{"0":"post-58480","1":"post","2":"type-post","3":"status-publish","4":"format-standard","5":"has-post-thumbnail","7":"category-sport","8":"tag-dutch","9":"tag-nederland","10":"tag-nederlanden","11":"tag-nederlands","12":"tag-netherlands","13":"tag-nl","14":"tag-r-koeman","15":"tag-sport","16":"tag-sports"},"share_on_mastodon":{"url":"https:\/\/pubeurope.com\/@nl\/115570091148399223","error":""},"_links":{"self":[{"href":"https:\/\/www.europesays.com\/nl\/wp-json\/wp\/v2\/posts\/58480","targetHints":{"allow":["GET"]}}],"collection":[{"href":"https:\/\/www.europesays.com\/nl\/wp-json\/wp\/v2\/posts"}],"about":[{"href":"https:\/\/www.europesays.com\/nl\/wp-json\/wp\/v2\/types\/post"}],"author":[{"embeddable":true,"href":"https:\/\/www.europesays.com\/nl\/wp-json\/wp\/v2\/users\/2"}],"replies":[{"embeddable":true,"href":"https:\/\/www.europesays.com\/nl\/wp-json\/wp\/v2\/comments?post=58480"}],"version-history":[{"count":0,"href":"https:\/\/www.europesays.com\/nl\/wp-json\/wp\/v2\/posts\/58480\/revisions"}],"wp:featuredmedia":[{"embeddable":true,"href":"https:\/\/www.europesays.com\/nl\/wp-json\/wp\/v2\/media\/58481"}],"wp:attachment":[{"href":"https:\/\/www.europesays.com\/nl\/wp-json\/wp\/v2\/media?parent=58480"}],"wp:term":[{"taxonomy":"category","embeddable":true,"href":"https:\/\/www.europesays.com\/nl\/wp-json\/wp\/v2\/categories?post=58480"},{"taxonomy":"post_tag","embeddable":true,"href":"https:\/\/www.europesays.com\/nl\/wp-json\/wp\/v2\/tags?post=58480"}],"curies":[{"name":"wp","href":"https:\/\/api.w.org\/{rel}","templated":true}]}}