{"id":59028,"date":"2025-11-18T19:51:24","date_gmt":"2025-11-18T19:51:24","guid":{"rendered":"https:\/\/www.europesays.com\/nl\/59028\/"},"modified":"2025-11-18T19:51:24","modified_gmt":"2025-11-18T19:51:24","slug":"oekraine-koopt-honderd-franse-straaljagers-het-financieele-dagblad","status":"publish","type":"post","link":"https:\/\/www.europesays.com\/nl\/59028\/","title":{"rendered":"Oekra\u00efne koopt honderd Franse straaljagers &#8211; Het Financieele Dagblad"},"content":{"rendered":"<ol>\n<li><a href=\"https:\/\/news.google.com\/rss\/articles\/CBMieEFVX3lxTFBqMWxFaFFjX0V6UzY5eE01Z0ZBSURlMG1NTGFlN29HQmkwTXlWNHBMak53cHpBLVotU2pQTWxSbDY5REFqZlBudk9qYmdvdEJWSHFuVXowVGNVUmxLWXVVdEU3dmx5cUg2Y0RucU51cUZEUHdRRGNzcw?oc=5\" target=\"_blank\" rel=\"nofollow noopener\">Oekra\u00efne koopt honderd Franse straaljagers<\/a>&nbsp;&nbsp;Het Financieele Dagblad<\/li>\n<li><a href=\"https:\/\/news.google.com\/rss\/articles\/CBMisgFBVV95cUxONTFSdnM3Q0JsZzVsQWkyZE03ZS0xdDhpeG5PUkZfQXdDT19sQTRGNjlXT2VNNXpsWEZXYzlIaXlwMmFocnJsRGstYXVQZEZfcnVpQWRlSFZHZXNUaXhIbl9sVnl2R0lhTXdSQkYxbGhVT0pvNUwwT000aGt2Rm4td1FYMWhoSGpyRm5YeG1HMEdHZnRmMFVCcDlIcFdKeEJfdVd4LTB5ZF81NGR4TGlzUUd3?oc=5\" target=\"_blank\" rel=\"nofollow noopener\">Frankrijk en Oekra\u00efne akkoord over levering 100 straaljagers, financiering onzeker<\/a>&nbsp;&nbsp;NOS<\/li>\n<li><a href=\"https:\/\/news.google.com\/rss\/articles\/CBMiugFBVV95cUxOVWNTV1JTY0poUjMxNTA3d0xrMklHQ2tTS0cyS2xSNDYzbEQ3Yjd4bWJfaUdBaDBVSzRUMHFBd1lZcEhobUVBWlo0RmNQVzRKdGVRNnEyQ0xIRjJnZ3JTUVAzTnhmMzIxTmw3a3FWRnotVTNES09oMlFwV2RCVVJWV0JmOF9fLVFENWJZQTFqY2RjVkg3MlBiUWl6c1Q5X2ZtUGZLaHNlNlVybVdWMXpPYTliVE0zNmU4elE?oc=5\" target=\"_blank\" rel=\"nofollow noopener\">Oekra\u00efne schaft komende jaren zo\u2019n honderd Franse gevechtsvliegtuigen aan<\/a>&nbsp;&nbsp;NRC<\/li>\n<li><a href=\"https:\/\/news.google.com\/rss\/articles\/CBMiuAFBVV95cUxNRWVNdWY5enN6TFR1dU1zbGd2YlZQVGE3eklLT05qQ0x6MEVjc3dEMFoteTY4N2xjQzI5eERaWmxDdXVHXzF6UjVISGNONE43VWRwRThKQ096UXc0R0h1VTJSOFBJWGVmbTVpSVNZN3pFaXM1dDF3ZUdMSlRITXo4SFNiMi14SkxiNkcxbjdMRnZyY0tUVWtvY3J3dTI2VFYtd010ZGhXZVdGd2lfZWdhZkNQU2VsUGps?oc=5\" target=\"_blank\" rel=\"nofollow noopener\">LIVE Oorlog Oekra\u00efne | Oekra\u00efne wil honderd moderne Franse gevechtsvliegtuigen kopen<\/a>&nbsp;&nbsp;AD.nl<\/li>\n<li><a href=\"https:\/\/news.google.com\/rss\/articles\/CBMiuAFBVV95cUxNR25RdjVOOE5LU0dVZkRzaG0tbUtzUkRPbjJwYS1Td3owZmF1ajZIc0ZWeU1CcTRUVGl5RWN5T01nclU0eTk0eFU3ZFNHN0hWV1ktVEtCSFpadWRoNnRldENTVVdxemplMHp3dC13M2d5bGN2NS1TdEJWVkRDV1RrT0RuZUlET3BaZDBLamxLcTloNEhhWDJhamk3dmt5X3hSSnRra3hrR1B1SWE3RGoxTnQ4ZkstRlBR?oc=5\" target=\"_blank\" rel=\"nofollow noopener\">LIVE Zelensky en Macron tekenen contract voor levering van 100 Franse Rafale-gevechtsvliegtuigen aan Oekra\u00efne<\/a>&nbsp;&nbsp;VRT<\/li>\n<\/ol>\n","protected":false},"excerpt":{"rendered":"Oekra\u00efne koopt honderd Franse straaljagers&nbsp;&nbsp;Het Financieele Dagblad Frankrijk en Oekra\u00efne akkoord over levering 100 straaljagers, financiering onzeker&nbsp;&nbsp;NOS Oekra\u00efne&hellip;\n","protected":false},"author":2,"featured_media":38418,"comment_status":"","ping_status":"","sticky":false,"template":"","format":"standard","meta":{"footnotes":""},"categories":[15],"tags":[39,40,48,43,44,34,35,41,42,46,47,49,45,32,33,50,36,37,38,67,64,65,66],"class_list":{"0":"post-59028","1":"post","2":"type-post","3":"status-publish","4":"format-standard","5":"has-post-thumbnail","7":"category-wereld","8":"tag-breaking-news","9":"tag-breakingnews","10":"tag-dutch","11":"tag-featured-news","12":"tag-featurednews","13":"tag-headlines","14":"tag-hoofdpunten","15":"tag-latest-news","16":"tag-latestnews","17":"tag-nederland","18":"tag-nederlanden","19":"tag-nederlands","20":"tag-netherlands","21":"tag-news","22":"tag-nieuws","23":"tag-nl","24":"tag-top-stories","25":"tag-topstories","26":"tag-voorpaginanieuws","27":"tag-wereld","28":"tag-world","29":"tag-world-news","30":"tag-worldnews"},"share_on_mastodon":{"url":"https:\/\/pubeurope.com\/@nl\/115572446675474077","error":""},"_links":{"self":[{"href":"https:\/\/www.europesays.com\/nl\/wp-json\/wp\/v2\/posts\/59028","targetHints":{"allow":["GET"]}}],"collection":[{"href":"https:\/\/www.europesays.com\/nl\/wp-json\/wp\/v2\/posts"}],"about":[{"href":"https:\/\/www.europesays.com\/nl\/wp-json\/wp\/v2\/types\/post"}],"author":[{"embeddable":true,"href":"https:\/\/www.europesays.com\/nl\/wp-json\/wp\/v2\/users\/2"}],"replies":[{"embeddable":true,"href":"https:\/\/www.europesays.com\/nl\/wp-json\/wp\/v2\/comments?post=59028"}],"version-history":[{"count":0,"href":"https:\/\/www.europesays.com\/nl\/wp-json\/wp\/v2\/posts\/59028\/revisions"}],"wp:featuredmedia":[{"embeddable":true,"href":"https:\/\/www.europesays.com\/nl\/wp-json\/wp\/v2\/media\/38418"}],"wp:attachment":[{"href":"https:\/\/www.europesays.com\/nl\/wp-json\/wp\/v2\/media?parent=59028"}],"wp:term":[{"taxonomy":"category","embeddable":true,"href":"https:\/\/www.europesays.com\/nl\/wp-json\/wp\/v2\/categories?post=59028"},{"taxonomy":"post_tag","embeddable":true,"href":"https:\/\/www.europesays.com\/nl\/wp-json\/wp\/v2\/tags?post=59028"}],"curies":[{"name":"wp","href":"https:\/\/api.w.org\/{rel}","templated":true}]}}