{"id":59064,"date":"2025-11-18T20:33:14","date_gmt":"2025-11-18T20:33:14","guid":{"rendered":"https:\/\/www.europesays.com\/nl\/59064\/"},"modified":"2025-11-18T20:33:14","modified_gmt":"2025-11-18T20:33:14","slug":"de-naschokken-van-corruptie-onderzoek-operatie-midas-houden-aan-in-oekraine","status":"publish","type":"post","link":"https:\/\/www.europesays.com\/nl\/59064\/","title":{"rendered":"De naschokken van corruptie-onderzoek \u2018Operatie Midas\u2019 houden aan in Oekra\u00efne"},"content":{"rendered":"<p>Het is een \u201eanti-corruptie-aardbeving\u201d voor de Oekra\u00efense regering, aldus <a href=\"https:\/\/www.pravda.com.ua\/articles\/2025\/11\/18\/8007740\/\" rel=\"noreferrer noopener nofollow\" target=\"_blank\">lokale media<\/a>. De naschokken van \u2018Operatie Midas\u2019, het strafrechtelijk onderzoek naar corruptie met de budgetten van staatsenergiebedrijf Energoatom, duren voort.\u00a0<\/p>\n<p>Inmiddels hangen er vraagtekens rond de voorzitter van de Oekra\u00efense Veiligheidsraad en wordt met een schuin oog gekeken naar de stafchef van president Volodymyr Zelensky. \u00a0Terwijl hij in het buitenland is, riep een minderheid in het parlement dinsdag op tot het aftreden van het kabinet. \u00a0<\/p>\n<p>De fraude met energiegelden is een rode lap voor de Oekra\u00efense bevolking die dagelijks geconfronteerd wordt met urenlange stroomonderbrekingen als gevolg van Russische aanvallen. Zonder elektriciteit hebben veel woningen ook geen verwarming of stromend water \u2013 terwijl de temperatuur \u2019s nachts inmiddels onder 0 graden is. \u00a0<\/p>\n<p>Vorige week maandag uitte de door de VS en EU gefinancierde Oekra\u00efense anticorruptiewaarhond NABU de verdenking dat in een criminele samenzwering onder leiding van de Isra\u00eblisch-Oekra\u00efense zakenman Timoer Minditsj (die de codenaam Karlsson gebruikte) de staatsschatkist voor 100 miljoen dollar is opgelicht. De opbrengst zou zijn weggesluisd naar andere landen. Ook tegen oud-vicepremier Oleksi Tsjernysov bestaan ernstige verdenkingen van betrokkenheid bij het complot. \u00a0<\/p>\n<p>Zakenman Minditsj opereerde in de hoogste regionen van de macht.  Hij is een vriend van president Zelensky, voor wie in 2021 nog een surpriseparty in Minditsj\u2019 appartement werd <a href=\"https:\/\/www.pravda.com.ua\/articles\/2025\/11\/06\/8006063\/\" rel=\"noreferrer noopener nofollow\" target=\"_blank\">georganiseerd<\/a>. De man is mede-eigenaar van het door Zelensky opgerichte productiebedrijf Studio Kvartal 95. \u00a0\u00a0<\/p>\n<p>Schuin oog<\/p>\n<p>De kwestie ondermijnt het vertrouwen in de regering, terwijl het land vecht voor zijn voortbestaan. \u201eHet zijn de Oekra\u00efners die betalen voor elektriciteit, hun belastinggeld heeft deze corruptie gefinancierd. Je zou kunnen zeggen dat iedere Oekra\u00efner nu is beroofd\u201d, zegt Daria Kalenjoek, directeur van het Centrum Tegen Corruptie in Kyiv, via de telefoon.<\/p>\n<p>In de zesenhalf jaar dat Zelensky in Oekra\u00efne aan de macht is, heeft hij geen grotere politieke crisis meegemaakt. Minister van Energie Svitlana Hryntsjoek is opgestapt en minister van Justitie Herman Haloesjtsjenko werd ontslagen. Maar het lijkt er niet op dat de situatie hiermee gestabiliseerd is.<\/p>\n<p>Roestem Oemerov, oud-minister van Defensie en huidig voorzitter van de Veiligheidsraad, zou veelvuldig direct contact hebben gehad met Minditsj. Dat ging onder meer over de aankoop van Isra\u00eblische kogelvrije vesten en andere militaire uitgaven. De speciaal aanklager voor corruptiezaken (SAPO) <a href=\"https:\/\/news.liga.net\/en\/politics\/news\/the-sapo-reported-mindichs-alleged-influence-on-umerov-the-nsdc-secretary-responded\" rel=\"nofollow noopener\" target=\"_blank\">stelt <\/a>dat Oemerov \u201eonder invloed\u201d stond van Minditsj.<\/p>\n<p>Op dinsdag ontstond het gerucht dat Oemerov, die zich nu in het buitenland bevindt, weigert terug te keren naar Oekra\u00efne.\u00a0\u201eDeze informatie klopt niet\u201d, schrijft het aan het presidenti\u00eble kantoor gelieerde Centrum tegen Desinformatie op Telegram. \u201eOemerov is op een geplande zakenreis\u201d in de Verenigde Staten, hij staat \u201evoortdurend in contact met de staatsleiding en vervult alle toegewezen taken.\u201d Oemerov erkent de zakenman gesproken te hebben, maar ontkent dat Minditsj invloed over hem had. \u00a0<\/p>\n<p><a class=\"dmt-article-suggestion\" href=\"https:\/\/www.nrc.nl\/nieuws\/2025\/11\/13\/met-corruptieschandaal-in-energiesector-heeft-zelensky-er-nog-een-probleem-bij-a4912552\" rel=\"nofollow noopener\" target=\"_blank\"><\/p>\n<p>\n\t\t\t\tLees ook\n\t\t\t<\/p>\n<p>Met corruptieschandaal in energiesector heeft Zelensky er n\u00f3g een probleem bij<\/p>\n<p><img decoding=\"async\" alt=\"De Oekra\u00efense president Volodymyr Zelensky bij een Europese top in Brussel, vorige maand.\" class=\"dmt-article-suggestion__image\" src=\"https:\/\/www.europesays.com\/nl\/wp-content\/uploads\/2025\/11\/131125WEE_2023234942_Zelensky.jpg\"\/><br \/>\n<\/a><\/p>\n<p>Een raar verhaal, zegt anticorruptie-activist Kalenjoek. \u201eZijn reisagenda is onduidelijk. Hij zou zich met een gevangenenruil bezighouden, maar bronnen binnen de overheid zeggen dat er geen plannen waren voor dergelijke onderhandelingen.\u201d Zekerheid is er pas als Oemerov terug is, wat op vrijdag het geval zou moeten zijn. \u00a0<\/p>\n<p>Steun voor Oekra\u00efne<\/p>\n<p>Alleen al het feit dat de loyaliteit van iemand op de positie van Oemerov wordt betwijfeld, toont de omvang van de crisis. Om te stellen dat de verdenkingen op een precair moment komen, is een understatement. Zelensky is op dit moment in de EU om verdere steun voor Oekra\u00efne zeker te stellen. Maandag ondertekende hij een grote defensiedeal met Frankrijk. Dinsdag bezocht hij de Spaanse premier S\u00e1nchez, woensdag reist hij naar Turkije voor gesprekken over een mogelijke vrede. \u00a0<\/p>\n<p>Bij terugkeer op donderdag belooft Zelensky \u201erelevante discussies\u201d te gaan voeren met kabinetsleden, het parlement, en leden van zijn partij Dienaar van het Volk. \u201eIk bereid verschillende noodzakelijke wetgevende initiatieven voor en zal de principi\u00eble, snelle beslissingen nemen die onze staat nodig heeft\u201d, zei hij. \u00a0De kwestie zal dus zeker tot donderdag voortsudderen.<\/p>\n<p>Binnen de regering zou een <a href=\"https:\/\/www.pravda.com.ua\/news\/2025\/11\/18\/8007753\/\" rel=\"noreferrer noopener nofollow\" target=\"_blank\">oproep<\/a> klinken om stafchef Andri Jermak te ontslaan, meldt de Oekra\u00efense nieuwssite Pravda. Jermak is h\u00e9t gezicht van Zelenskys regering en de rechterhand van de president. Hij is al langer doelwit van kritiek omdat hij veel macht heeft maar nooit verkozen is en niet weggestemd kan worden. \u00a0<\/p>\n<p>\u201eWaarom heeft hij zoveel supermacht?\u201d, vraagt Kalenjoek retorisch. \u201eHij co\u00f6rdineert de rechtshandhaving, hij had dit moeten opmerken.\u201d \u00a0In plaats daarvan poogde het presidenti\u00eble kantoor in juli de Oekra\u00efense anticorruptiewaakhond NABU, die het onderzoek uitvoerde, zijn onafhankelijkheid af te nemen. Dit leidde tot fel protest van Oekra\u00efense burgers en van bondgenoten \u2013 waarop het besluit werd teruggedraaid.<\/p>\n<p>De teruggedraaide actie tegen NABU schrijven veel Oekra\u00efners aan Jermak toe. \u201eHij moet ontslagen worden of aftreden, anders verandert er niets\u201d, zegt Kalenjoek. \u201eAls hij blijft, worden alle fraudeurs vervangen door nieuwe fraudeurs. Als de top van de instituties gevuld zijn met volk dat geld verduistert, kost dat mensenlevens.\u201d<\/p>\n<p>Surpriseparty<\/p>\n<p>NABU deed vijftien maanden onderzoek en zegt duizend uur aan opnamen te hebben verzameld. Op de vraag of dit betekent dat de opsporingsdienst mogelijk bewijs tegen andere hooggeplaatste Oekra\u00efners heeft, weigert de woordvoerder telefonisch antwoord: \u201eWe geven geen informatie over toekomstig handelen.\u201d \u00a0<\/p>\n<p>Enkele uren voordat de anticorruptiedienst huiszoeking deed ontvluchtte Minditsj het land, naar verluidt naar Isra\u00ebl. De deur van zijn appartement liet hij open, vermoedelijk om te laten zien dat hij \u2018gasten\u2019 verwachtte. \u00a0<\/p>\n<p>Geef cadeau<\/p>\n<p>Deel<\/p>\n<p>Mail de redactie<\/p>\n<p>\nNIEUW: Geef dit artikel cadeau<br \/>\n\t\t\tAls NRC-abonnee kun je elke maand 10 artikelen cadeau geven aan iemand zonder NRC-abonnement. De ontvanger kan het artikel direct lezen, zonder betaalmuur.\n\t\t<\/p>\n","protected":false},"excerpt":{"rendered":"Het is een \u201eanti-corruptie-aardbeving\u201d voor de Oekra\u00efense regering, aldus lokale media. De naschokken van \u2018Operatie Midas\u2019, het strafrechtelijk&hellip;\n","protected":false},"author":2,"featured_media":59065,"comment_status":"","ping_status":"","sticky":false,"template":"","format":"standard","meta":{"footnotes":""},"categories":[15],"tags":[39,40,48,43,44,34,35,41,42,46,47,49,45,32,33,50,36,37,38,67,64,65,66],"class_list":{"0":"post-59064","1":"post","2":"type-post","3":"status-publish","4":"format-standard","5":"has-post-thumbnail","7":"category-wereld","8":"tag-breaking-news","9":"tag-breakingnews","10":"tag-dutch","11":"tag-featured-news","12":"tag-featurednews","13":"tag-headlines","14":"tag-hoofdpunten","15":"tag-latest-news","16":"tag-latestnews","17":"tag-nederland","18":"tag-nederlanden","19":"tag-nederlands","20":"tag-netherlands","21":"tag-news","22":"tag-nieuws","23":"tag-nl","24":"tag-top-stories","25":"tag-topstories","26":"tag-voorpaginanieuws","27":"tag-wereld","28":"tag-world","29":"tag-world-news","30":"tag-worldnews"},"share_on_mastodon":{"url":"https:\/\/pubeurope.com\/@nl\/115572611981085124","error":""},"_links":{"self":[{"href":"https:\/\/www.europesays.com\/nl\/wp-json\/wp\/v2\/posts\/59064","targetHints":{"allow":["GET"]}}],"collection":[{"href":"https:\/\/www.europesays.com\/nl\/wp-json\/wp\/v2\/posts"}],"about":[{"href":"https:\/\/www.europesays.com\/nl\/wp-json\/wp\/v2\/types\/post"}],"author":[{"embeddable":true,"href":"https:\/\/www.europesays.com\/nl\/wp-json\/wp\/v2\/users\/2"}],"replies":[{"embeddable":true,"href":"https:\/\/www.europesays.com\/nl\/wp-json\/wp\/v2\/comments?post=59064"}],"version-history":[{"count":0,"href":"https:\/\/www.europesays.com\/nl\/wp-json\/wp\/v2\/posts\/59064\/revisions"}],"wp:featuredmedia":[{"embeddable":true,"href":"https:\/\/www.europesays.com\/nl\/wp-json\/wp\/v2\/media\/59065"}],"wp:attachment":[{"href":"https:\/\/www.europesays.com\/nl\/wp-json\/wp\/v2\/media?parent=59064"}],"wp:term":[{"taxonomy":"category","embeddable":true,"href":"https:\/\/www.europesays.com\/nl\/wp-json\/wp\/v2\/categories?post=59064"},{"taxonomy":"post_tag","embeddable":true,"href":"https:\/\/www.europesays.com\/nl\/wp-json\/wp\/v2\/tags?post=59064"}],"curies":[{"name":"wp","href":"https:\/\/api.w.org\/{rel}","templated":true}]}}