{"id":59743,"date":"2025-11-19T13:46:12","date_gmt":"2025-11-19T13:46:12","guid":{"rendered":"https:\/\/www.europesays.com\/nl\/59743\/"},"modified":"2025-11-19T13:46:12","modified_gmt":"2025-11-19T13:46:12","slug":"deze-jas-van-maxima-maakt-in-een-klap-alles-chiquer-koningin-gaat-met-hoed-nog-stapje-verder","status":"publish","type":"post","link":"https:\/\/www.europesays.com\/nl\/59743\/","title":{"rendered":"\u2019Deze jas van M\u00e1xima maakt in een klap alles chiquer; koningin gaat met hoed nog stapje verder\u2019"},"content":{"rendered":"<p class=\"Paragraph_paragraph__nQNQ9 Paragraph_paragraph--default-lg-default__2m2_h articleParagraph\">M\u00e1xima sprak met bewoners en ontwikkelaars tijdens een rondleiding door het gebouw en arriveerde op deze wat kille dag in een dieprode mantel met losjes gestrikte ceintuur. Deze jas is al eerder gesignaleerd en zal ook zeker een blijvertje zijn want dergelijke wollen jassen zijn behoorlijk tijdloos. <\/p>\n<p>Lenen<\/p>\n<p class=\"Paragraph_paragraph__nQNQ9 Paragraph_paragraph--default-lg-default__2m2_h articleParagraph\">Daarnaast passen ze bij zowel wat zakelijkere kleding als bij een sportieve outfit. Zelfs al ben je een dagje thuis aan het werk in een simpele jeans en moet je nog naar een afspraak: dan is dit d\u00e9 jas om de boel in \u00e9\u00e9n klap chiquer te maken. Het kan haast niet anders dan dat de prinsessen deze jas ook regelmatig van hun moeder zullen lenen.<\/p>\n<p><a href=\"https:\/\/www.telegraaf.nl\/vrouw\/kan-het-zijn-dat-maxima-voor-dit-grijze-pak-koos-omdat-het-zo-goed-matcht-met-haar-favoriete-grijze-chaneltas\/104691022.html\" class=\"RelatedTeaser_related-teaser__pNEhJ RelatedTeaser_related-teaser--image__dk4DP read-more_withImage__1YJa_\" data-article-id=\"104691022\" rel=\"nofollow noopener\" target=\"_blank\"><\/p>\n<p>Kan het zijn dat M\u00e1xima voor dit grijze pak koos, omdat het zo goed matcht met haar favoriete grijze Chaneltas? <\/p>\n<p><\/a>Fedora hoed<\/p>\n<p class=\"Paragraph_paragraph__nQNQ9 Paragraph_paragraph--default-lg-default__2m2_h articleParagraph\">M\u00e1xima weet dat uiteraard als geen ander. En ze ging nog een stapje verder door bij de jas een stoere wollen vilten Fedora hoed (met de bekende deuk in het materiaal) van het merk Maison Michel in de kleur burgundy te dragen. En even voor de goede orde: deze past qua kleur weer prima bij de andere accessoires zoals de tas en de laarzen, laat dat maar aan onze modekoningin over! Datzelfde geldt overigens voor de burgundy rode ceintuur van de bekende dieprode jurk met waterval halslijn en iets wijder uitlopend aan de onderkant. Al met al maakt het geheel een mooi herfstachtig plaatje, passend bij deze\u00a0tijd van het jaar. <\/p>\n<p><a href=\"https:\/\/www.telegraaf.nl\/binnenland\/maxima-heeft-al-twaalf-bijbanen-en-lanceert-weer-iets-nieuws-drukke-koningin-oogst-lof-maar-moet-wel-op-haar-woorden-letten\/104024691.html\" class=\"RelatedTeaser_related-teaser__pNEhJ RelatedTeaser_related-teaser--image__dk4DP read-more_withImage__1YJa_\" data-article-id=\"104024691\" rel=\"nofollow noopener\" target=\"_blank\"><\/p>\n<p>M\u00e1xima heeft al twaalf bijbanen en lanceert w\u00e9\u00e9r iets nieuws: drukke koningin oogst lof, maar moet wel op haar woorden letten <\/p>\n<p><\/a>Broche trend<\/p>\n<p class=\"Paragraph_paragraph__nQNQ9 Paragraph_paragraph--default-lg-default__2m2_h articleParagraph\">M\u00e1xima blijft trendsetter want door deze toegankelijke, stoere hoed te dragen zullen veel vrouwen misschien ook deze look opvolgen. Dit is namelijk ook de ideale manier om stijlvol droog te blijven als het regent. Een andere trend waarin M\u00e1xima volhardend is, blijft het dragen van een broche, ook deze keer weer en nu een opvallend goudkleurig exemplaar dat hoog in de hals op de kraag is gespeld. Hopelijk gaan we deze winter nog veel meer mooie broches uit haar accessoire collectie zien. <\/p>\n<p><a href=\"https:\/\/www.telegraaf.nl\/vrouw\/maxima-en-dochters-lenen-fanatiek-uit-elkaars-kledingkast-koningin-beheerst-recyclingconcept-tot-in-de-puntjes\/101310263.html\" class=\"RelatedTeaser_related-teaser__pNEhJ RelatedTeaser_related-teaser--image__dk4DP read-more_withImage__1YJa_\" data-article-id=\"101310263\" rel=\"nofollow noopener\" target=\"_blank\"><\/p>\n<p>M\u00e1xima en dochters lenen fanatiek uit elkaars kledingkast: \u2019Koningin beheerst recyclingconcept tot in de puntjes\u2019 <\/p>\n<p><\/a><\/p>\n<p>\u2019Al met al maakt het geheel een mooi herfstachtig plaatje, passend bij deze\u00a0tijd van het jaar.\u00a0\u2019\u00a0\u00a9 ANP <\/p>\n<p>Meer VROUW<\/p>\n<p class=\"Paragraph_paragraph__nQNQ9 Paragraph_paragraph--default-lg-default__2m2_h articleParagraph\">Wil je niets van VROUW missen? Speciaal voor de trouwste lezeressen versturen we elke dag een mail met al onze dagelijkse hoogtepunten. Abonneer je <a class=\"LinkText_link-text__lvGzt annotation-link_annotationLink__nXU8B\" href=\"https:\/\/tmg.emsecure.net\/optiext\/optiextension.dll?ID=QtSQKbDQc04uRVYYKdkaNiQvg39OoE6lRQ_OEzmDJYBFTyZpTxKSE1ouYPJs0%2BbS_Fmr%2B5fhfjMC6c&amp;NEWSLETTERS=vrouw_dagelijks&amp;SOURCE_DETAIL=inarticle_link\" target=\"_blank\" rel=\"nofollow noopener\">hier<\/a>. Verder kun je ons natuurlijk op de voet volgen op <a class=\"LinkText_link-text__lvGzt annotation-link_annotationLink__nXU8B\" href=\"https:\/\/www.tiktok.com\/@vrouw_nl\" target=\"_blank\" rel=\"nofollow noopener\">TikTok<\/a>, <a class=\"LinkText_link-text__lvGzt annotation-link_annotationLink__nXU8B\" href=\"https:\/\/www.facebook.com\/vrouw\" target=\"_blank\" rel=\"nofollow noopener\">Facebook<\/a> en <a class=\"LinkText_link-text__lvGzt annotation-link_annotationLink__nXU8B\" href=\"https:\/\/www.instagram.com\/vrouw_nl\/\" target=\"_blank\" rel=\"nofollow noopener\">Instagram.<\/a><\/p>\n<p><script async src=\"\/\/www.instagram.com\/embed.js\"><\/script><script async src=\"\/\/www.tiktok.com\/embed.js\"><\/script><\/p>\n","protected":false},"excerpt":{"rendered":"M\u00e1xima sprak met bewoners en ontwikkelaars tijdens een rondleiding door het gebouw en arriveerde op deze wat kille&hellip;\n","protected":false},"author":2,"featured_media":59744,"comment_status":"","ping_status":"","sticky":false,"template":"","format":"standard","meta":{"footnotes":""},"categories":[25],"tags":[99,48,98,46,47,49,45,50],"class_list":{"0":"post-59743","1":"post","2":"type-post","3":"status-publish","4":"format-standard","5":"has-post-thumbnail","7":"category-amusement","8":"tag-amusement","9":"tag-dutch","10":"tag-entertainment","11":"tag-nederland","12":"tag-nederlanden","13":"tag-nederlands","14":"tag-netherlands","15":"tag-nl"},"share_on_mastodon":{"url":"https:\/\/pubeurope.com\/@nl\/115576673602269442","error":""},"_links":{"self":[{"href":"https:\/\/www.europesays.com\/nl\/wp-json\/wp\/v2\/posts\/59743","targetHints":{"allow":["GET"]}}],"collection":[{"href":"https:\/\/www.europesays.com\/nl\/wp-json\/wp\/v2\/posts"}],"about":[{"href":"https:\/\/www.europesays.com\/nl\/wp-json\/wp\/v2\/types\/post"}],"author":[{"embeddable":true,"href":"https:\/\/www.europesays.com\/nl\/wp-json\/wp\/v2\/users\/2"}],"replies":[{"embeddable":true,"href":"https:\/\/www.europesays.com\/nl\/wp-json\/wp\/v2\/comments?post=59743"}],"version-history":[{"count":0,"href":"https:\/\/www.europesays.com\/nl\/wp-json\/wp\/v2\/posts\/59743\/revisions"}],"wp:featuredmedia":[{"embeddable":true,"href":"https:\/\/www.europesays.com\/nl\/wp-json\/wp\/v2\/media\/59744"}],"wp:attachment":[{"href":"https:\/\/www.europesays.com\/nl\/wp-json\/wp\/v2\/media?parent=59743"}],"wp:term":[{"taxonomy":"category","embeddable":true,"href":"https:\/\/www.europesays.com\/nl\/wp-json\/wp\/v2\/categories?post=59743"},{"taxonomy":"post_tag","embeddable":true,"href":"https:\/\/www.europesays.com\/nl\/wp-json\/wp\/v2\/tags?post=59743"}],"curies":[{"name":"wp","href":"https:\/\/api.w.org\/{rel}","templated":true}]}}