{"id":59775,"date":"2025-11-19T14:14:22","date_gmt":"2025-11-19T14:14:22","guid":{"rendered":"https:\/\/www.europesays.com\/nl\/59775\/"},"modified":"2025-11-19T14:14:22","modified_gmt":"2025-11-19T14:14:22","slug":"jada-borsato-geschrokken-van-strafeis-marco-ongekend","status":"publish","type":"post","link":"https:\/\/www.europesays.com\/nl\/59775\/","title":{"rendered":"Jada Borsato geschrokken van strafeis Marco: &#8216;Ongekend&#8217;"},"content":{"rendered":"<p class=\"mui-173mato e10ntc2u0\">Jada Borsato heeft met veel emoties gekeken naar de <a rel=\"noopener noreferrer nofollow\" target=\"_blank\" class=\"mui-1i4zqbr e1bmvyuj0\" href=\"https:\/\/www.shownieuws.nl\/entertainment\/bners\/artikelen\/marco-borsato-vermeende-slachtoffer\">ontuchtzaak <\/a>van haar vader. Eerder vertelde ze al over de impact hiervan aan Shownieuws. Deze week vertelt ze aan Weekend ook hoe erg ze is geschrokken bij het horen van de strafeis.<\/p>\n<p class=\"mui-173mato e10ntc2u0\">&#8220;Dat is ongekend. Mijn vader zei zelf ook: &#8216;Ik ben me<a rel=\"noopener noreferrer nofollow\" target=\"_blank\" class=\"mui-1i4zqbr e1bmvyuj0\" href=\"https:\/\/www.shownieuws.nl\/crime\/rechtszaken\/artikelen\/marco-borsato-emotioneel-over-eerste-zittingsdag-heel-heftig\"> kapot geschrokken<\/a>&#8216;. Maar ik denk dat er maar \u00e9\u00e9n juiste uitspraak is en dat is vrijspraak. Meer kan ik er niet over kwijt. Het is uiteindelijk aan de rechters om te beslissen, maar we hopen natuurlijk op de juiste uitspraak&#8221;, stelt de 22-jarige zangeres, die eerder ook in onderstaande video benadrukte haar vader <a rel=\"noopener noreferrer nofollow\" target=\"_blank\" class=\"mui-1i4zqbr e1bmvyuj0\" href=\"https:\/\/www.shownieuws.nl\/entertainment\/bners\/artikelen\/jada-borsato-proces-marco-trots-papa\">door dik en dun te steunen.<\/a><\/p>\n<p class=\"mui-173mato e10ntc2u0\">Of ze dat ook verwacht? &#8220;Ik kan daar niet echt een duidelijk antwoord op geven, want ik denk dat je nooit iets moet verwachten als het op zoiets aankomt. Natuurlijk wil ik er graag ervan uitgaan dat de rechters het verhaal zien zoals het is, en dat zou betekenen dat hij vrijspraak zou krijgen.&#8221;<\/p>\n<p class=\"mui-173mato e10ntc2u0\">Lees hieronder verder.<\/p>\n<p><img alt=\"Jada Borsato over rechtszaak Marco: 'Soms na\u00efef gehandeld'\" loading=\"lazy\" decoding=\"async\" data-nimg=\"fill\" class=\"mui-nacstu e1qtpq9e5\" style=\"position:absolute;height:100%;width:100%;left:0;top:0;right:0;bottom:0;color:transparent\"   src=\"https:\/\/www.europesays.com\/nl\/wp-content\/uploads\/2025\/11\/jada-borsato-over-rechtszaak-marco-soms-naief-gehandeld.jpg\"\/><\/p>\n<p>2:07<\/p>\n<p>Jada Borsato over rechtszaak Marco: &#8216;Soms na\u00efef gehandeld&#8217;<\/p>\n<p>Vertrouwt Jada het rechtssysteem?<\/p>\n<p class=\"mui-173mato e10ntc2u0\">Jada wilt <a rel=\"noopener noreferrer nofollow\" target=\"_blank\" class=\"mui-1i4zqbr e1bmvyuj0\" href=\"https:\/\/www.shownieuws.nl\/entertainment\/bners\/artikelen\/jada-borsato-over-rechtszaak-marco-soms-naief-gehandeld\">geen verwachtingen hebben<\/a>, want daar horen ook teleurstellingen bij. &#8220;Als het kwartje w\u00e9l de andere kant opvalt, schrik je je natuurlijk helemaal het apelazerus. Ik ga er niet vanuit dat ons rechtssysteem <a rel=\"noopener noreferrer nofollow\" target=\"_blank\" class=\"mui-1i4zqbr e1bmvyuj0\" href=\"https:\/\/www.shownieuws.nl\/crime\/rechtszaken\/artikelen\/advocaat-marco-borsato-vrijspraak-is-enige-juiste-uitkomst\">een onschuldige persoon veroordeelt, <\/a>dus ik hoop dat ik daarop kan vertrouwen.&#8221;<\/p>\n<p class=\"mui-173mato e10ntc2u0\">Ook vertelt Jada waarom het gezin niet aanwezig was bij de rechtbank in Utrecht, hoewel ze Marco wel openlijk steunden <a rel=\"noopener noreferrer nofollow\" target=\"_blank\" class=\"mui-1i4zqbr e1bmvyuj0\" href=\"https:\/\/www.shownieuws.nl\/entertainment\/bners\/artikelen\/jada-borsato-signaal-af-rechtszaak-marco-borsato\">via sociale media<\/a>, zoals hieronder is te zien. &#8220;Papa wilde niet dat wij aanwezig waren. Als hij had gewild dat we er w\u00e9l waren geweest, waren we er absoluut bij. Maar die keuze is aan hem en die wens hebben wij gerespecteerd. Hij zei: &#8216;Wees lekker samen met elkaar&#8217;. Dus dat is wat we hebben gedaan.&#8221;<\/p>\n<p class=\"mui-173mato e10ntc2u0\">Lees hieronder verder.<\/p>\n<p><img alt=\"Leontine en Jada maken hun steun richting Marco Borsato kenbaar op Instagram\" loading=\"lazy\" decoding=\"async\" data-nimg=\"fill\" class=\"mui-nacstu e1qtpq9e5\" style=\"position:absolute;height:100%;width:100%;left:0;top:0;right:0;bottom:0;color:transparent\"   src=\"https:\/\/www.europesays.com\/nl\/wp-content\/uploads\/2025\/11\/leontine-en-jada-maken-hun-steun-richting-marco-borsato-kenbaar-op-instagram.jpg\"\/><\/p>\n<p>0:29<\/p>\n<p>Leontine en Jada maken hun steun richting Marco Borsato kenbaar op Instagram<\/p>\n<p>&#8216;Heb je wel geluisterd?&#8217;<\/p>\n<p class=\"mui-173mato e10ntc2u0\">Marco&#8217;s enige dochter kan niet begrijpen dat mensen negatief over haar vader blijven praten, ook n\u00e1 de rechtszaak. &#8220;Dan denk ik bijna: h\u00e8?! Heb je wel geluisterd naar alles wat er is besproken? Want als je nu nog st\u00e9\u00e9ds &#8211; en dat is mijn mening, h\u00e8 &#8211; denkt dat hij schuldig is, heb ik het idee dat je de rechtszaak niet hebt gevolgd. Ik denk dat het heel duidelijk is allemaal, hoe het daadwerkelijk in elkaar zit.&#8221;  <\/p>\n<p class=\"mui-173mato e10ntc2u0\">Na de rechtszaak heeft Marco, die op onderstaande beelden &#8220;<a rel=\"noopener noreferrer nofollow\" target=\"_blank\" class=\"mui-1i4zqbr e1bmvyuj0\" href=\"https:\/\/www.shownieuws.nl\/crime\/rechtszaken\/artikelen\/marco-borsato-geeft-eerste-reactie-na-rechtszaak-ben-echt-leeg\">helemaal leeg<\/a>&#8221; was na de tweede zittingsdag, zich van alles en iedereen teruggetrokken. Jada: &#8220;Hij was helemaal kapot. Hij moest echt slapen na de rechtszaak. Maar we zijn wel een aantal dagen later met de familie geweest, toen hij weer een beetje was opgeladen. Dat was ontzettend fijn.&#8221;<\/p>\n<p class=\"mui-173mato e10ntc2u0\">Lees hieronder verder.<\/p>\n<p><img alt=\"Marco Borsato verlaat de rechtbank na een emotioneel slotwoord\" loading=\"lazy\" decoding=\"async\" data-nimg=\"fill\" class=\"mui-nacstu e1qtpq9e5\" style=\"position:absolute;height:100%;width:100%;left:0;top:0;right:0;bottom:0;color:transparent\"   src=\"https:\/\/www.europesays.com\/nl\/wp-content\/uploads\/2025\/11\/marco-borsato-verlaat-de-rechtbank-na-een-emotioneel-slotwoord.jpg\"\/><\/p>\n<p>4:04<\/p>\n<p>Marco Borsato verlaat de rechtbank na een emotioneel slotwoord<\/p>\n<p>Niet om de hete brij heen draaien<\/p>\n<p class=\"mui-173mato e10ntc2u0\">Haar moeder Leontine, Marco&#8217;s ex-vrouw, was daar ook bij. &#8220;Dat was een ongelooflijk fijne avond omdat we er samen over hebben kunnen praten en daarna was het ook gewoon gezellig. We gaan niet doen alsof het er niet is, want het is er. Dus we m\u00f3\u00e9ten het erover hebben, maar op een gegeven moment is het ook wel klaar.&#8221; Leontine liet op haar manier aan de buitenwereld weten Marco te <a rel=\"noopener noreferrer nofollow\" target=\"_blank\" class=\"mui-1i4zqbr e1bmvyuj0\" href=\"https:\/\/www.shownieuws.nl\/entertainment\/bners\/artikelen\/leontine-ruiters-laat-van-zich-horen-na-emotionele-dagen\">blijven steunen<\/a>, zoals in onderstaande video is te zien.<\/p>\n<p class=\"mui-173mato e10ntc2u0\">Jada vervolgt: &#8220;Mijn vader had een heerlijke borrelplank gemaakt en daar hebben we van genoten, onder het genot van een rood wijntje. Gewoon genieten van hoe wij als gezin sterk staan, hoe wij elkaar steunen en van het leven genieten. Want je ziet het: je weet nooit hoe het leven loopt.&#8221;<\/p>\n<p class=\"mui-173mato e10ntc2u0\">Lees hieronder verder.<\/p>\n<p><img alt=\"Leontine Ruiters laat opnieuw van zich horen na rechtszaak Marco Borsato\" loading=\"lazy\" decoding=\"async\" data-nimg=\"fill\" class=\"mui-nacstu e1qtpq9e5\" style=\"position:absolute;height:100%;width:100%;left:0;top:0;right:0;bottom:0;color:transparent\"   src=\"https:\/\/www.europesays.com\/nl\/wp-content\/uploads\/2025\/11\/1763561662_534_leontine-ruiters-laat-opnieuw-van-zich-horen-na-rechtszaak-marco-borsato.jpg\"\/><\/p>\n<p>1:17<\/p>\n<p>Leontine Ruiters laat opnieuw van zich horen na rechtszaak Marco Borsato<\/p>\n<p>&#8216;Vecht voor wat je waard bent!&#8217;<\/p>\n<p class=\"mui-173mato e10ntc2u0\">Jada heeft zich heel lang zorgen om haar vader gemaakt. Inmiddels niet meer, omdat ze nu een krachtige man ziet. &#8220;Een man die <a rel=\"noopener noreferrer nofollow\" target=\"_blank\" class=\"mui-1i4zqbr e1bmvyuj0\" href=\"https:\/\/www.shownieuws.nl\/crime\/rechtszaken\/artikelen\/woeste-marco-borsato-in-tranen-dit-is-niet-wie-ik-ben\">vecht voor wat hij waard is<\/a>, om zijn naam te zuiveren en de waarheid te vinden, en daar kan ik gewoon alleen maar ongelooflijk trots op zijn. Dat is ook echt de Marco die wij graag zien, want inderdaad: vecht voor wat je waard bent! En laat de wereld alsjeblieft zien en horen wie Marco is!&#8221;<\/p>\n<p class=\"mui-173mato e10ntc2u0\">Jada hoopt voor haar vader dat hij <a rel=\"noopener noreferrer nofollow\" target=\"_blank\" class=\"mui-1i4zqbr e1bmvyuj0\" href=\"https:\/\/www.shownieuws.nl\/entertainment\/bners\/artikelen\/marco-borsato-openhartig-over-toekomst-van-zangcarriere\">een terugkeer gaat maken<\/a> op het podium. &#8220;Natuurlijk mist de wereld zijn muziek, maar ik hoop het vooral voor h\u00e9m. En anders hoop ik dat mijn vader <a rel=\"noopener noreferrer nofollow\" target=\"_blank\" class=\"mui-1i4zqbr e1bmvyuj0\" href=\"https:\/\/www.shownieuws.nl\/entertainment\/bners\/artikelen\/carriere-marco-borsato-naar-de-knoppen\">een volwaardig afscheid<\/a> krijgt op het podium, net als dat iedereen die met pensioen gaat. Dat verdient hij.&#8221; Marco wordt in onderstaande beelden een van de succesvolste Nederlandse artiesten genoemd, waardoor velen ook wachten op zijn <a rel=\"noopener noreferrer nofollow\" target=\"_blank\" class=\"mui-1i4zqbr e1bmvyuj0\" href=\"https:\/\/www.shownieuws.nl\/entertainment\/bners\/artikelen\/steun-voor-marco-borsato-uit-opvallende-hoek\">muzikale comeback<\/a> indien zijn onschuld wordt bewezen.<\/p>\n<p><img alt=\"Wordt 2025 h\u00e9t jaar van Marco Borsato?\" loading=\"lazy\" decoding=\"async\" data-nimg=\"fill\" class=\"mui-nacstu e1qtpq9e5\" style=\"position:absolute;height:100%;width:100%;left:0;top:0;right:0;bottom:0;color:transparent\"   src=\"https:\/\/www.europesays.com\/nl\/wp-content\/uploads\/2025\/11\/wordt-2025-het-jaar-van-marco-borsato.jpg\"\/><\/p>\n<p>4:27<\/p>\n<p>Wordt 2025 h\u00e9t jaar van Marco Borsato?<\/p>\n","protected":false},"excerpt":{"rendered":"Jada Borsato heeft met veel emoties gekeken naar de ontuchtzaak van haar vader. Eerder vertelde ze al over&hellip;\n","protected":false},"author":2,"featured_media":59776,"comment_status":"","ping_status":"","sticky":false,"template":"","format":"standard","meta":{"footnotes":""},"categories":[25],"tags":[99,48,98,46,47,49,45,50],"class_list":{"0":"post-59775","1":"post","2":"type-post","3":"status-publish","4":"format-standard","5":"has-post-thumbnail","7":"category-amusement","8":"tag-amusement","9":"tag-dutch","10":"tag-entertainment","11":"tag-nederland","12":"tag-nederlanden","13":"tag-nederlands","14":"tag-netherlands","15":"tag-nl"},"share_on_mastodon":{"url":"https:\/\/pubeurope.com\/@nl\/115576783796282462","error":""},"_links":{"self":[{"href":"https:\/\/www.europesays.com\/nl\/wp-json\/wp\/v2\/posts\/59775","targetHints":{"allow":["GET"]}}],"collection":[{"href":"https:\/\/www.europesays.com\/nl\/wp-json\/wp\/v2\/posts"}],"about":[{"href":"https:\/\/www.europesays.com\/nl\/wp-json\/wp\/v2\/types\/post"}],"author":[{"embeddable":true,"href":"https:\/\/www.europesays.com\/nl\/wp-json\/wp\/v2\/users\/2"}],"replies":[{"embeddable":true,"href":"https:\/\/www.europesays.com\/nl\/wp-json\/wp\/v2\/comments?post=59775"}],"version-history":[{"count":0,"href":"https:\/\/www.europesays.com\/nl\/wp-json\/wp\/v2\/posts\/59775\/revisions"}],"wp:featuredmedia":[{"embeddable":true,"href":"https:\/\/www.europesays.com\/nl\/wp-json\/wp\/v2\/media\/59776"}],"wp:attachment":[{"href":"https:\/\/www.europesays.com\/nl\/wp-json\/wp\/v2\/media?parent=59775"}],"wp:term":[{"taxonomy":"category","embeddable":true,"href":"https:\/\/www.europesays.com\/nl\/wp-json\/wp\/v2\/categories?post=59775"},{"taxonomy":"post_tag","embeddable":true,"href":"https:\/\/www.europesays.com\/nl\/wp-json\/wp\/v2\/tags?post=59775"}],"curies":[{"name":"wp","href":"https:\/\/api.w.org\/{rel}","templated":true}]}}