{"id":60224,"date":"2025-11-19T22:18:08","date_gmt":"2025-11-19T22:18:08","guid":{"rendered":"https:\/\/www.europesays.com\/nl\/60224\/"},"modified":"2025-11-19T22:18:08","modified_gmt":"2025-11-19T22:18:08","slug":"verdachte-nord-stream-sabotage-alsnog-van-italie-naar-duitsland","status":"publish","type":"post","link":"https:\/\/www.europesays.com\/nl\/60224\/","title":{"rendered":"Verdachte Nord Stream-sabotage alsnog van Itali\u00eb naar Duitsland"},"content":{"rendered":"<p><img alt=\"\" decoding=\"async\" loading=\"eager\" src=\"https:\/\/www.europesays.com\/nl\/wp-content\/uploads\/2025\/11\/1763590688_742_1024x576a.jpg\" class=\"sc-bcb3b750-1 cULYcE\"\/>AFP\/Danish DefenseEen gaslek uit de Nord Stream 2<\/p>\n<p>NOS Nieuws\u2022vandaag, 22:12<\/p>\n<p class=\"sc-2ea02837-0 fedhGB\" id=\"681596917122161\">Itali\u00eb gaat een Oekra\u00efense verdachte van de sabotage van de Nord Stream-pijpleidingen overleveren aan Duitsland. De hoogste rechter in Itali\u00eb heeft de overlevering van Serhii K. goedgekeurd.<\/p>\n<p class=\"sc-2ea02837-0 fedhGB\" id=\"401418795506580\">Eerder <a data-tracking=\"elementType=page|elementId=https:\/\/nos.nl\/artikel\/2586594-voorlopige-streep-door-overlevering-nord-stream-verdachte-aan-duitsland|eventType=navigation|eventName=open\" target=\"_self\" href=\"https:\/\/nos.nl\/artikel\/2586594-voorlopige-streep-door-overlevering-nord-stream-verdachte-aan-duitsland\" rel=\"nofollow noopener\">blokkeerde<\/a> het hooggerechtshof zijn overlevering nog. Toen oordeelde de hoogste rechter dat Serhii K. op verkeerde gronden was aangehouden. Daardoor moest de zaak worden overgedaan.<\/p>\n<p class=\"sc-2ea02837-0 fedhGB\" id=\"585538907609188\">De Oekra\u00efner werd in augustus in de Italiaanse provincie Rimini <a data-tracking=\"elementType=page|elementId=https:\/\/nos.nl\/artikel\/2579382-oekraiense-man-opgepakt-in-italie-om-nord-stream-sabotage|eventType=navigation|eventName=open\" target=\"_self\" href=\"https:\/\/nos.nl\/artikel\/2579382-oekraiense-man-opgepakt-in-italie-om-nord-stream-sabotage\" rel=\"nofollow noopener\">aangehouden<\/a>. Hij zou verantwoordelijk zijn voor de co\u00f6rdinatie van de sabotageactie.<\/p>\n<p class=\"sc-2ea02837-0 fedhGB\" id=\"522188003423964\">Nord Stream was een Duits-Russisch miljardenproject. Via pijpleidingen, die deels nog niet in gebruik waren genomen, ging Russisch gas naar Duitsland. Op 26 september 2022 werden op vier plekken leidingen opgeblazen.<\/p>\n<p class=\"sc-2ea02837-0 fedhGB\" id=\"270198861777693\">Lange tijd was onduidelijk wie erachter zat. Oekra\u00efne en Rusland wezen naar elkaar, maar na verloop van tijd bleek Oekra\u00efense betrokkenheid. Dat land heeft altijd ontkend verantwoordelijk te zijn voor de sabotage.<\/p>\n<p>Zeven verdachten<\/p>\n<p class=\"sc-2ea02837-0 fedhGB\" id=\"601841919550081\">In augustus meldden Duitse media dat de Duitse politie alle verdachten van de sabotageactie <a data-tracking=\"elementType=page|elementId=https:\/\/nos.nl\/artikel\/2580150-duitse-politie-identificeert-zeven-oekraiense-verdachten-van-sabotage-nord-stream|eventType=navigation|eventName=open\" target=\"_self\" href=\"https:\/\/nos.nl\/artikel\/2580150-duitse-politie-identificeert-zeven-oekraiense-verdachten-van-sabotage-nord-stream\" rel=\"nofollow noopener\">in beeld<\/a> had. Het zijn zeven leden van een Oekra\u00efense commando-eenheid die de pijpleidingen zou hebben vernietigd. Van hen is er een inmiddels gesneuveld aan het front. Duitsland heeft zes arrestatiebevelen uitgevaardigd tegen de leden van het commando, onder wie ook K. Vier van hen zijn spoorloos.<\/p>\n<p class=\"sc-2ea02837-0 fedhGB\" id=\"18863045184286\">Volgens de Duitse aanklagers heeft K. ervoor gezorgd dat vier zware bommen op ruim 70 meter diepte in de Oostzee zijn ontploft. Ook zou hij documenten hebben vervalst om een jacht te huren. Met dat vaartuig zou hij naar het gebied zijn gevaren waar de aanslag op de pijpleiding plaatsvond.<\/p>\n<p class=\"sc-2ea02837-0 fedhGB\" id=\"244633749313639\">Zelf ontkent hij de aantijgingen; volgens de verdachte was hij ten tijde van de sabotageactie in Oekra\u00efne, waar hij diende als legerleider.<\/p>\n<p class=\"sc-2ea02837-0 fedhGB\" id=\"838430634159712\">Een andere Oekra\u00efense verdachte werd vorige maand <a data-tracking=\"elementType=page|elementId=https:\/\/nos.nl\/artikel\/2586810-poolse-rechter-laat-verdachte-sabotage-nord-stream-vrij-was-een-militaire-actie|eventType=navigation|eventName=open\" target=\"_self\" href=\"https:\/\/nos.nl\/artikel\/2586810-poolse-rechter-laat-verdachte-sabotage-nord-stream-vrij-was-een-militaire-actie\" rel=\"nofollow noopener\">vrijgelaten<\/a> in Polen, nadat een rechter had geoordeeld dat hij niet kon worden vervolgd. Volgens de rechter moest de sabotage worden gezien als militaire actie in oorlogstijd.<\/p>\n","protected":false},"excerpt":{"rendered":"AFP\/Danish DefenseEen gaslek uit de Nord Stream 2 NOS Nieuws\u2022vandaag, 22:12 Itali\u00eb gaat een Oekra\u00efense verdachte van de&hellip;\n","protected":false},"author":2,"featured_media":60225,"comment_status":"","ping_status":"","sticky":false,"template":"","format":"standard","meta":{"footnotes":""},"categories":[15],"tags":[39,40,819,48,43,44,34,35,1372,41,42,46,47,49,45,32,33,50,3589,14698,36,37,1666,38,67,64,65,66],"class_list":{"0":"post-60224","1":"post","2":"type-post","3":"status-publish","4":"format-standard","5":"has-post-thumbnail","7":"category-wereld","8":"tag-breaking-news","9":"tag-breakingnews","10":"tag-duitsland","11":"tag-dutch","12":"tag-featured-news","13":"tag-featurednews","14":"tag-headlines","15":"tag-hoofdpunten","16":"tag-italie","17":"tag-latest-news","18":"tag-latestnews","19":"tag-nederland","20":"tag-nederlanden","21":"tag-nederlands","22":"tag-netherlands","23":"tag-news","24":"tag-nieuws","25":"tag-nl","26":"tag-nord-stream","27":"tag-serhii-k","28":"tag-top-stories","29":"tag-topstories","30":"tag-verdachte","31":"tag-voorpaginanieuws","32":"tag-wereld","33":"tag-world","34":"tag-world-news","35":"tag-worldnews"},"share_on_mastodon":{"url":"https:\/\/pubeurope.com\/@nl\/115578687095067102","error":""},"_links":{"self":[{"href":"https:\/\/www.europesays.com\/nl\/wp-json\/wp\/v2\/posts\/60224","targetHints":{"allow":["GET"]}}],"collection":[{"href":"https:\/\/www.europesays.com\/nl\/wp-json\/wp\/v2\/posts"}],"about":[{"href":"https:\/\/www.europesays.com\/nl\/wp-json\/wp\/v2\/types\/post"}],"author":[{"embeddable":true,"href":"https:\/\/www.europesays.com\/nl\/wp-json\/wp\/v2\/users\/2"}],"replies":[{"embeddable":true,"href":"https:\/\/www.europesays.com\/nl\/wp-json\/wp\/v2\/comments?post=60224"}],"version-history":[{"count":0,"href":"https:\/\/www.europesays.com\/nl\/wp-json\/wp\/v2\/posts\/60224\/revisions"}],"wp:featuredmedia":[{"embeddable":true,"href":"https:\/\/www.europesays.com\/nl\/wp-json\/wp\/v2\/media\/60225"}],"wp:attachment":[{"href":"https:\/\/www.europesays.com\/nl\/wp-json\/wp\/v2\/media?parent=60224"}],"wp:term":[{"taxonomy":"category","embeddable":true,"href":"https:\/\/www.europesays.com\/nl\/wp-json\/wp\/v2\/categories?post=60224"},{"taxonomy":"post_tag","embeddable":true,"href":"https:\/\/www.europesays.com\/nl\/wp-json\/wp\/v2\/tags?post=60224"}],"curies":[{"name":"wp","href":"https:\/\/api.w.org\/{rel}","templated":true}]}}