{"id":60312,"date":"2025-11-20T00:25:25","date_gmt":"2025-11-20T00:25:25","guid":{"rendered":"https:\/\/www.europesays.com\/nl\/60312\/"},"modified":"2025-11-20T00:25:25","modified_gmt":"2025-11-20T00:25:25","slug":"polen-sluit-vliegvelden-om-bombardementen-net-over-de-grens-luchtvaartnieuws","status":"publish","type":"post","link":"https:\/\/www.europesays.com\/nl\/60312\/","title":{"rendered":"Polen sluit vliegvelden om bombardementen net over de grens &#8211; Luchtvaartnieuws"},"content":{"rendered":"<ol>\n<li><a href=\"https:\/\/news.google.com\/rss\/articles\/CBMiuwFBVV95cUxNR2tubjJUZUdHNEZsSnJDR01JeHNSWlJSQUlZWkI3VTZKUDVvVFRESjBEd2YwTnJsZDdwSUEzMS1Ja2JLLWk1SHpkelp5Qkt0NUcxUkpzVVYtQWhkZjNPaFBEa3JNWE50aGNpVVFsUk95a1ozNWhnakg1bkxwWGhyM3dBc2NzclJseVgwazJ4amtNUTUzREhKYnBVUnhVUUVFYW15aDdrZEExOG5Hb3luelFYSjhOWVQ4NGM4?oc=5\" target=\"_blank\" rel=\"nofollow noopener\">Polen sluit vliegvelden om bombardementen net over de grens<\/a>&nbsp;&nbsp;Luchtvaartnieuws<\/li>\n<li><a href=\"https:\/\/news.google.com\/rss\/articles\/CBMi4AFBVV95cUxQcWxCalVHbTdxYWxILWV6eDRORlVNQkdpbTBYUGdPcG13d0I2aVNFSExDekZSaFBYQVlWa3RMam1oV0ZuczJBb2VnV2R6SF9XWU40aW01MGo0MnFoTVVmRkpERUM5NFg4c0FuMTh3bVJ3LThjckYxQm5kY3Q5aWs4S0F2a0NrQmIzT3BTNjhHQTVYZXdQQktvYnRpblZjRTEyeXF1Y2Fqa3dXSUZmekpCVDQ5RTVZcXNwLWV2ME93NDZibHIxeUpScGxxaFBMaE9nMmRPTnBNTU1SaGhXYTdIQg?oc=5\" target=\"_blank\" rel=\"nofollow noopener\">LIVE Oorlog Oekra\u00efne | Navo-landen Polen en Roemeni\u00eb zetten luchtmacht in na nachtelijke aanvallen op Oekra\u00efne<\/a>&nbsp;&nbsp;AD.nl<\/li>\n<li><a href=\"https:\/\/news.google.com\/rss\/articles\/CBMi3gFBVV95cUxOR21IWE1xNWhTUXFtZHZnV2pmMjlxa3lpd0FVSThQZzk0S2QzbUJWX05xd3pMNEJLZ3oyNW4yX2I5ajVQRnljaGxGTVIzNmVPSm1SeWd1MU0tbU12cEVJMkV1aHhyMDBwOEwyYk0xWVhOOTNmdEFsNjducUZ4NS1CMTE3YjVQczFaXzM3Vm9zT2gyQnNwN0xhX3hZY054clVMemtOUlVFbjVCMFpIUzJwVVRmajJkMk5KU3NPMmlwTTYzZ0tZLWdja2otMEhVRUhVMS01UkFNNHVzNjNtQVE?oc=5\" target=\"_blank\" rel=\"nofollow noopener\">LIVE | NAVO-landen Polen en Roemeni\u00eb zetten luchtmacht in na aanvallen Rusland in westen Oekra\u00efne<\/a>&nbsp;&nbsp;De Telegraaf<\/li>\n<li><a href=\"https:\/\/news.google.com\/rss\/articles\/CBMipwFBVV95cUxQMG41TEszejNxTWdud1lJOGstMVNLLW9Zc1RJa3VINDlLZVI0SjlJbFRjd242UDFaeHdYd3FhMGx4ZVRNLVhSZm4xa3FMY2stVWgwdTFQcDMtaHQ1Q2haMUVicGxYd2xOcTVKUUxCQUJ1UWNUWUtKb1RKYWticm5ZcVRmMjNtWFU2T1RucHZqVFItRkdrZTk5dEJqTGR0ZG5vS19OVFRhUQ?oc=5\" target=\"_blank\" rel=\"nofollow noopener\">Het nieuwe \u2018vredesplan\u2019 van Trump: \u201cOekra\u00efne moet grondgebied opgeven, leger halveren en Russisch als offici\u00eble taal erkennen\u201d<\/a>&nbsp;&nbsp;HLN<\/li>\n<li><a href=\"https:\/\/news.google.com\/rss\/articles\/CBMizwFBVV95cUxNSkZ1UnMxVDhuM0t2M0ZLNDBPX0xabVZ0VUNibjhCQzdhelJhWkE5dVZGcm5NeWs3NHkxR2JXZmxsNWRQbTJqVXVMZzJDUW1BUDVoSkgyOUtNM3hhckYtd3M2eUdBZThvWEk1bnQ1czVUdkxYdDQ2MTVrd3hKQWhoRVdiZU1zZ20tU2JlbE1QUWFSM3hrYkdmX201TDRjY1BUQWNING5ZRUMwc2NsVGVMY05XLXEtdVByU041ZzhDWkFYeTBQMDRfbGlhT2F6RjQ?oc=5\" target=\"_blank\" rel=\"nofollow noopener\">Polen zet 10.000 militairen in om infrastructuur te beschermen \u2022 Meerdere drones boven havengebied Terneuzen<\/a>&nbsp;&nbsp;Reformatorisch Dagblad<\/li>\n<\/ol>\n","protected":false},"excerpt":{"rendered":"Polen sluit vliegvelden om bombardementen net over de grens&nbsp;&nbsp;Luchtvaartnieuws LIVE Oorlog Oekra\u00efne | Navo-landen Polen en Roemeni\u00eb zetten&hellip;\n","protected":false},"author":2,"featured_media":60313,"comment_status":"","ping_status":"","sticky":false,"template":"","format":"standard","meta":{"footnotes":""},"categories":[15],"tags":[1412,1413,39,40,48,43,44,34,35,41,42,14722,77,423,1409,46,47,49,45,32,33,50,321,180,1414,36,37,1417,1418,1411,1410,76,38,67,64,65,66,1416,1415],"class_list":{"0":"post-60312","1":"post","2":"type-post","3":"status-publish","4":"format-standard","5":"has-post-thumbnail","7":"category-wereld","8":"tag-airlines","9":"tag-airports","10":"tag-breaking-news","11":"tag-breakingnews","12":"tag-dutch","13":"tag-featured-news","14":"tag-featurednews","15":"tag-headlines","16":"tag-hoofdpunten","17":"tag-latest-news","18":"tag-latestnews","19":"tag-lublin","20":"tag-luchthaven","21":"tag-luchtvaart","22":"tag-luchtvaartnieuws","23":"tag-nederland","24":"tag-nederlanden","25":"tag-nederlands","26":"tag-netherlands","27":"tag-news","28":"tag-nieuws","29":"tag-nl","30":"tag-oekraine","31":"tag-polen","32":"tag-tickets","33":"tag-top-stories","34":"tag-topstories","35":"tag-trip","36":"tag-tripnieuws","37":"tag-vliegen","38":"tag-vliegtuigen","39":"tag-vliegveld","40":"tag-voorpaginanieuws","41":"tag-wereld","42":"tag-world","43":"tag-world-news","44":"tag-worldnews","45":"tag-zakenreis","46":"tag-zakenreisnieuws"},"share_on_mastodon":{"url":"","error":"Validation failed: Text character limit of 500 exceeded"},"_links":{"self":[{"href":"https:\/\/www.europesays.com\/nl\/wp-json\/wp\/v2\/posts\/60312","targetHints":{"allow":["GET"]}}],"collection":[{"href":"https:\/\/www.europesays.com\/nl\/wp-json\/wp\/v2\/posts"}],"about":[{"href":"https:\/\/www.europesays.com\/nl\/wp-json\/wp\/v2\/types\/post"}],"author":[{"embeddable":true,"href":"https:\/\/www.europesays.com\/nl\/wp-json\/wp\/v2\/users\/2"}],"replies":[{"embeddable":true,"href":"https:\/\/www.europesays.com\/nl\/wp-json\/wp\/v2\/comments?post=60312"}],"version-history":[{"count":0,"href":"https:\/\/www.europesays.com\/nl\/wp-json\/wp\/v2\/posts\/60312\/revisions"}],"wp:featuredmedia":[{"embeddable":true,"href":"https:\/\/www.europesays.com\/nl\/wp-json\/wp\/v2\/media\/60313"}],"wp:attachment":[{"href":"https:\/\/www.europesays.com\/nl\/wp-json\/wp\/v2\/media?parent=60312"}],"wp:term":[{"taxonomy":"category","embeddable":true,"href":"https:\/\/www.europesays.com\/nl\/wp-json\/wp\/v2\/categories?post=60312"},{"taxonomy":"post_tag","embeddable":true,"href":"https:\/\/www.europesays.com\/nl\/wp-json\/wp\/v2\/tags?post=60312"}],"curies":[{"name":"wp","href":"https:\/\/api.w.org\/{rel}","templated":true}]}}