{"id":60407,"date":"2025-11-20T06:03:13","date_gmt":"2025-11-20T06:03:13","guid":{"rendered":"https:\/\/www.europesays.com\/nl\/60407\/"},"modified":"2025-11-20T06:03:13","modified_gmt":"2025-11-20T06:03:13","slug":"om-deze-reden-hadden-andre-en-roxeanne-hazes-geen-contact","status":"publish","type":"post","link":"https:\/\/www.europesays.com\/nl\/60407\/","title":{"rendered":"Om d\u00e9ze reden hadden Andr\u00e9 en Roxeanne Hazes geen contact"},"content":{"rendered":"<p class=\"mui-173mato e10ntc2u0\">Hoewel Andr\u00e9 en Roxeanne Hazes nu beste vrienden zijn, hadden ze een tijd lang geen contact. Dat voelde voor Andr\u00e9 als een relatie die op een nare manier was uitgegaan en waar hij maar niet overheen kwam. Bij LINDA. blikken Andr\u00e9 en Roxeanne terug op die periode&#8230;<\/p>\n<p class=\"mui-173mato e10ntc2u0\">Waarom de twee elkaar een tijd lang niet spraken? Volgens Andr\u00e9 was dat de laatste keer zijn schuld, al vindt Roxeanne dat lastig te accepteren omdat Andr\u00e9 destijds verslaafd was. &#8220;Het was na mijn opname in de kliniek, dus ik was al nuchter. Ik heb toen dingen gezegd over wat jij in Beste Zangers (zie video hieronder) over <a rel=\"noopener noreferrer nofollow\" target=\"_blank\" class=\"mui-1i4zqbr e1bmvyuj0\" href=\"https:\/\/www.shownieuws.nl\/entertainment\/bners\/hazes\/artikelen\/kijkers-woest-op-rachel-hazes-na-beste-zangers\">jouw jeugd vertelde<\/a>, zonder eerst aan jou te vragen wat nou precies jouw gevoel daarbij was. En ik ben daarmee voor de verkeerde mensen opgekomen. Heel stom van mezelf, zeker als ik nu weer zie hoe belangrijk wij voor elkaar zijn. Er is niemand op aarde die ik zo graag bel als mijn zus.&#8221;<\/p>\n<p class=\"mui-173mato e10ntc2u0\">Lees hieronder verder. <\/p>\n<p><img alt=\"Roxeanne Hazes in Beste Zangers\" loading=\"lazy\" decoding=\"async\" data-nimg=\"fill\" class=\"mui-nacstu e1qtpq9e5\" style=\"position:absolute;height:100%;width:100%;left:0;top:0;right:0;bottom:0;color:transparent\"   src=\"https:\/\/www.europesays.com\/nl\/wp-content\/uploads\/2025\/11\/roxeanne-hazes-in-beste-zangers.jpg\"\/><\/p>\n<p>0:55<\/p>\n<p>Roxeanne Hazes in Beste Zangers<\/p>\n<p class=\"mui-173mato e10ntc2u0\">Roxeanne nuanceert dat ook zij in het verleden dingen verkeerd heeft aangepakt. Ook laat ze weten dat het Andr\u00e9 was die altijd zijn best heeft gedaan om hun band te herstellen. &#8220;In het begin heb ik gezegd: \u2018Geef me heel even.\u2019 Niet om je pijn te doen of hard to get te spelen, maar omdat ik mijn hart nog moest laten herstellen. En dat begreep jij.&#8221;<\/p>\n<p>Leven met veel verdriet<\/p>\n<p class=\"mui-173mato e10ntc2u0\">Hoewel Andr\u00e9 dus eindelijk was afgekickt, leefde hij met veel verdriet, zo geeft hij toe. Mensen om hem heen raadden hem direct aan om het bij te leggen met zijn zus. Toen de twee elkaar eindelijk weer spraken, merkte Andr\u00e9 meteen dat dat inderdaad hetgene was wat hij zo had gemist. <\/p>\n<p class=\"mui-173mato e10ntc2u0\">Dat de band tussen broer en zus zo sterk is, bevestigt ook Roxeanne: &#8220;We schelen maar een jaar en drie dagen, dus vroeger riep ik al dat we een soort tweeling zijn. Ons contact is bijna telepathisch; als hij vertelt dat hij maagpijn heeft, had ik het die ochtend ook al. Als kind was dat precies zo, \u00f3\u00f3k omdat we vaak alleen elkaar hadden. Bij ons thuis werden de pijnlijke dingen meestal niet besproken, dus dat hebben wij juist w\u00e9l gedaan toen het contact herstelde.&#8221;<\/p>\n<p>Negatieve invloeden<\/p>\n<p class=\"mui-173mato e10ntc2u0\">Zo laten ze beiden weten dat ze be\u00efnvloed zijn door mensen om hen heen. Daarmee doelen ze op hun moeder, maar daar praten ze allebei liever niet over. &#8220;Het heeft al genoeg aandacht gekregen bij ons, snap je? Hoe je het ook wendt of keert: die situatie heeft intern voor zo veel onrust bij mij gezorgd, dat ik dat soort negatieve invloeden nu niet meer wil toelaten. Dus hebben we het er gewoon niet meer over&#8221;, aldus Roxeanne. <\/p>\n<p class=\"mui-173mato e10ntc2u0\">Headerfoto: Instagram Roxeanne Hazes<\/p>\n","protected":false},"excerpt":{"rendered":"Hoewel Andr\u00e9 en Roxeanne Hazes nu beste vrienden zijn, hadden ze een tijd lang geen contact. Dat voelde&hellip;\n","protected":false},"author":2,"featured_media":60408,"comment_status":"","ping_status":"","sticky":false,"template":"","format":"standard","meta":{"footnotes":""},"categories":[5],"tags":[39,40,48,43,44,34,35,41,42,46,47,49,45,32,33,50,36,37,38],"class_list":{"0":"post-60407","1":"post","2":"type-post","3":"status-publish","4":"format-standard","5":"has-post-thumbnail","7":"category-hoofdpunten","8":"tag-breaking-news","9":"tag-breakingnews","10":"tag-dutch","11":"tag-featured-news","12":"tag-featurednews","13":"tag-headlines","14":"tag-hoofdpunten","15":"tag-latest-news","16":"tag-latestnews","17":"tag-nederland","18":"tag-nederlanden","19":"tag-nederlands","20":"tag-netherlands","21":"tag-news","22":"tag-nieuws","23":"tag-nl","24":"tag-top-stories","25":"tag-topstories","26":"tag-voorpaginanieuws"},"share_on_mastodon":{"url":"https:\/\/pubeurope.com\/@nl\/115580515402361794","error":""},"_links":{"self":[{"href":"https:\/\/www.europesays.com\/nl\/wp-json\/wp\/v2\/posts\/60407","targetHints":{"allow":["GET"]}}],"collection":[{"href":"https:\/\/www.europesays.com\/nl\/wp-json\/wp\/v2\/posts"}],"about":[{"href":"https:\/\/www.europesays.com\/nl\/wp-json\/wp\/v2\/types\/post"}],"author":[{"embeddable":true,"href":"https:\/\/www.europesays.com\/nl\/wp-json\/wp\/v2\/users\/2"}],"replies":[{"embeddable":true,"href":"https:\/\/www.europesays.com\/nl\/wp-json\/wp\/v2\/comments?post=60407"}],"version-history":[{"count":0,"href":"https:\/\/www.europesays.com\/nl\/wp-json\/wp\/v2\/posts\/60407\/revisions"}],"wp:featuredmedia":[{"embeddable":true,"href":"https:\/\/www.europesays.com\/nl\/wp-json\/wp\/v2\/media\/60408"}],"wp:attachment":[{"href":"https:\/\/www.europesays.com\/nl\/wp-json\/wp\/v2\/media?parent=60407"}],"wp:term":[{"taxonomy":"category","embeddable":true,"href":"https:\/\/www.europesays.com\/nl\/wp-json\/wp\/v2\/categories?post=60407"},{"taxonomy":"post_tag","embeddable":true,"href":"https:\/\/www.europesays.com\/nl\/wp-json\/wp\/v2\/tags?post=60407"}],"curies":[{"name":"wp","href":"https:\/\/api.w.org\/{rel}","templated":true}]}}