{"id":60531,"date":"2025-11-20T08:44:13","date_gmt":"2025-11-20T08:44:13","guid":{"rendered":"https:\/\/www.europesays.com\/nl\/60531\/"},"modified":"2025-11-20T08:44:13","modified_gmt":"2025-11-20T08:44:13","slug":"albert-verlinde-basht-hulpje-matthijs-van-nieuwkerk-geen-kloten","status":"publish","type":"post","link":"https:\/\/www.europesays.com\/nl\/60531\/","title":{"rendered":"Albert Verlinde basht hulpje Matthijs van Nieuwkerk: \u2018Geen kloten\u2019"},"content":{"rendered":"<p>Albert Verlinde haalt live op televisie keihard uit naar Dieuwke Wynia, die jarenlang het beruchte horrorhulpje van Matthijs van Nieuwkerk was. \u201cIk heb problemen met haar. Dan moet je kloten hebben!\u201d<\/p>\n<p>        Door onze entertainmentredactie<\/p>\n<p>        <img fetchpriority=\"high\" decoding=\"async\" width=\"1280\" height=\"720\" src=\"https:\/\/www.europesays.com\/nl\/wp-content\/uploads\/2025\/11\/1120-Dieuwke-Matthijs-Albert.jpg\" class=\"attachment-post-thumbnail size-post-thumbnail wp-post-image\" alt=\"Dieuwke Wynia, Matthijs van Nieuwkerk en Albert Verlinde\"  \/>        \u00a9 SBS    <\/p>\n<p>Dieuwke Wynia weet het allemaal mooi om te draaien: ze lag net als Matthijs van Nieuwkerk onder vuur vanwege wangedrag bij De Wereld Draait Door, maar heeft zich nu in een soort slachtofferrol gemanoeuvreerd. Ze schrijft al geruime tijd allerlei kritische stukjes over haar tijd bij DWDD en nu komt ze met een heel boek op de proppen.<\/p>\n<p>Albert haalt uit<\/p>\n<p>Wat een foute actie, vindt Albert Verlinde. \u201cIk heb er toch ernstige problemen, moet ik eerlijk zeggen\u201d, zegt hij aan de desk van <a href=\"https:\/\/www.rtl.nl\/programma\/5523298\/rtl-tonight\" rel=\"nofollow noopener\" target=\"_blank\">RTL Tonight<\/a>. \u201cTen eerste vind ik echt: als je dat vindt, dan zeg je dat op dat moment en moet je een vrouw met kloten zijn en zeggen: \u2018Luister, ik pik het niet, ik sta voor m\u2019n team, ik laat dit allemaal niet gebeuren.\u2019\u201d<\/p>\n<p>Dan tegen zijn collega Beau van Erven Dorens: \u201cJij hebt d\u2019r meegemaakt, ik heb d\u2019r meegemaakt, het was echt een heel harde tante in die tijd en dat is logisch, want ze hadden de macht. (\u2026) Er zijn mensen gewoon op het laatste moment afgebeld of op zwarte lijsten terechtgekomen. Het was een harde cultuur die daar was.\u201d<\/p>\n<p>Straatje schoon<\/p>\n<p>Beau lijkt dezelfde mening te hebben. \u201cHet klinkt dus een beetje als je eigen straatje schoonvegen?\u201d<\/p>\n<p>Albert: \u201cDat is het. En dan denk ik: waarom? Matthijs is ergens zijn wonden aan het likken en komt nu voorzichtig met avondjes in het land op zijn manier weer onder de mensen. Hij heeft ook een keer z\u2019n excuses aangeboden en bij haar denk ik: get a life, weet je wel.\u201d<\/p>\n<p>Seksismekaart<\/p>\n<p>Dieuwke stelt dat ze slachtoffer was van seksisme. Zwak, vindt Albert. \u201cJ\u00edj bent er nog mee bezig, het zit nog in j\u00f3\u00faw hoofd en ga nou niet achteraf je gelijk nog eens een keer proberen te halen. En vooral: die seksismekaart? Trek die nou niet zeg. Wees even stoer.\u201d<\/p>\n<p>Priv\u00e9-baas Evert Santegoeds is ook kritisch. Hij zegt in <a href=\"https:\/\/www.kijk.nl\/programmas\/shownieuws\" rel=\"nofollow noopener\" target=\"_blank\">Shownieuws<\/a>: \u201cJe kunt je afvragen na zo lang: houdt het nou nooit op?\u201d<\/p>\n<p>Dyantha Brooks: \u201cEn is het chic?\u201d<\/p>\n<p>Evert: \u201cNee, het hoeft niet per se chic te zijn. De omslag vond ik ook niet heel chic.\u201d<\/p>\n<p>Briesende leeuwin<\/p>\n<p>MAX-baas Jan Slagter vindt Dieuwke een valse tante. Hij zegt: \u201cHoe zij ook andere mensen heeft vernederd en hoe ze daar tekeerging als een briesende leeuwin\u2026 Dan vind ik het wel heel makkelijk om als slachtoffer nieuwsbrieven en een boek te schrijven over anderen, terwijl je zelf nog niet goed in de spiegel hebt gekeken.\u201d<\/p>\n<p>Hij vervolgt: \u201cZe werd als een dictator gezien op de redactie en mensen waren bang voor haar.\u201d<\/p>\n<p>BN\u2019er-fotograaf William Rutten tot slot: \u201cIk ken heel veel mensen die op de vloer hebben gewerkt en die waren veel banger voor haar dan voor Matthijs.\u201d<\/p>\n","protected":false},"excerpt":{"rendered":"Albert Verlinde haalt live op televisie keihard uit naar Dieuwke Wynia, die jarenlang het beruchte horrorhulpje van Matthijs&hellip;\n","protected":false},"author":2,"featured_media":60532,"comment_status":"","ping_status":"","sticky":false,"template":"","format":"standard","meta":{"footnotes":""},"categories":[25],"tags":[263,99,14775,48,98,10518,46,47,49,45,50],"class_list":{"0":"post-60531","1":"post","2":"type-post","3":"status-publish","4":"format-standard","5":"has-post-thumbnail","7":"category-amusement","8":"tag-albert-verlinde","9":"tag-amusement","10":"tag-dieuwke-wynia","11":"tag-dutch","12":"tag-entertainment","13":"tag-matthijs-van-nieuwkerk","14":"tag-nederland","15":"tag-nederlanden","16":"tag-nederlands","17":"tag-netherlands","18":"tag-nl"},"share_on_mastodon":{"url":"https:\/\/pubeurope.com\/@nl\/115581148575566348","error":""},"_links":{"self":[{"href":"https:\/\/www.europesays.com\/nl\/wp-json\/wp\/v2\/posts\/60531","targetHints":{"allow":["GET"]}}],"collection":[{"href":"https:\/\/www.europesays.com\/nl\/wp-json\/wp\/v2\/posts"}],"about":[{"href":"https:\/\/www.europesays.com\/nl\/wp-json\/wp\/v2\/types\/post"}],"author":[{"embeddable":true,"href":"https:\/\/www.europesays.com\/nl\/wp-json\/wp\/v2\/users\/2"}],"replies":[{"embeddable":true,"href":"https:\/\/www.europesays.com\/nl\/wp-json\/wp\/v2\/comments?post=60531"}],"version-history":[{"count":0,"href":"https:\/\/www.europesays.com\/nl\/wp-json\/wp\/v2\/posts\/60531\/revisions"}],"wp:featuredmedia":[{"embeddable":true,"href":"https:\/\/www.europesays.com\/nl\/wp-json\/wp\/v2\/media\/60532"}],"wp:attachment":[{"href":"https:\/\/www.europesays.com\/nl\/wp-json\/wp\/v2\/media?parent=60531"}],"wp:term":[{"taxonomy":"category","embeddable":true,"href":"https:\/\/www.europesays.com\/nl\/wp-json\/wp\/v2\/categories?post=60531"},{"taxonomy":"post_tag","embeddable":true,"href":"https:\/\/www.europesays.com\/nl\/wp-json\/wp\/v2\/tags?post=60531"}],"curies":[{"name":"wp","href":"https:\/\/api.w.org\/{rel}","templated":true}]}}