{"id":60662,"date":"2025-11-20T10:45:20","date_gmt":"2025-11-20T10:45:20","guid":{"rendered":"https:\/\/www.europesays.com\/nl\/60662\/"},"modified":"2025-11-20T10:45:20","modified_gmt":"2025-11-20T10:45:20","slug":"oranje-ontvangt-bijna-twee-weken-voor-de-wk-loting-al-geweldig-nieuws","status":"publish","type":"post","link":"https:\/\/www.europesays.com\/nl\/60662\/","title":{"rendered":"Oranje ontvangt bijna twee weken voor de WK-loting al geweldig nieuws"},"content":{"rendered":"<p style=\"text-align:start\">Nederland is \u00e9\u00e9n plekje gedaald op de FIFA-ranking. Dat blijkt uit de nieuwe lijst van de wereldvoetbalbond. Oranje staat nu op de zevende plaats en is daardoor verzekerd van een plek in Pot 1 tijdens de WK-loting op 5 december.\u00a0<\/p>\n<p style=\"text-align:start\">De ploeg van Ronald Koeman stond eerst op plek zes van de wereldranglijst. Oranje is na de wedstrijden tegen Polen (1-1) en Litouwen (4-0) gezakt naar plaats zeven. Dat heeft verder geen gevolgen, want Nederland moest bij deze update bij de eerste negen landen van de wereld zitten. Die landen zitten bij de WK-loting namelijk in Pot 1 en zijn dus groepshoofd in de poulefase van het mondiale eindtoernooi.<\/p>\n<p style=\"text-align:start\">Het WK start met twaalf groepen. De negen beste landen en Canada, de Verenigde Staten en Mexico, die het toernooi organiseren, zijn verzekerd van een plek in Pot 1. Naast die landen zijn dat ook Spanje, Argentini\u00eb, Frankrijk, Engeland, Brazili\u00eb, Portugal, Nederland, Belgi\u00eb en Duitsland. Zij kunnen elkaar dus sowieso niet treffen in de groepsfase.\u00a0\u00a0<\/p>\n<p style=\"text-align:start\">De 48 deelnemers worden verdeeld over twaalf poules van vier. Op dit moment zijn er <a target=\"_self\" href=\"https:\/\/www.voetbalprimeur.nl\/nieuws\/1266219\/deze-landen-doen-mee-aan-het-wk-van-2026.html\" rel=\"nofollow noopener\">42 landen die zich al hebben geplaatst<\/a>. De laatste landen kwalificeren zich in maart via de play-offs.\u00a0<\/p>\n<p style=\"text-align:start\">Check de nieuwste Studio Oranje over de weg naar het WK, de zekerheidjes voor Koeman, potenti\u00eble WK-gangers en veel meer!<\/p>\n","protected":false},"excerpt":{"rendered":"Nederland is \u00e9\u00e9n plekje gedaald op de FIFA-ranking. Dat blijkt uit de nieuwe lijst van de wereldvoetbalbond. Oranje&hellip;\n","protected":false},"author":2,"featured_media":60663,"comment_status":"","ping_status":"","sticky":false,"template":"","format":"standard","meta":{"footnotes":""},"categories":[5],"tags":[39,40,48,43,44,34,35,41,42,46,47,49,45,32,33,50,36,37,38],"class_list":{"0":"post-60662","1":"post","2":"type-post","3":"status-publish","4":"format-standard","5":"has-post-thumbnail","7":"category-hoofdpunten","8":"tag-breaking-news","9":"tag-breakingnews","10":"tag-dutch","11":"tag-featured-news","12":"tag-featurednews","13":"tag-headlines","14":"tag-hoofdpunten","15":"tag-latest-news","16":"tag-latestnews","17":"tag-nederland","18":"tag-nederlanden","19":"tag-nederlands","20":"tag-netherlands","21":"tag-news","22":"tag-nieuws","23":"tag-nl","24":"tag-top-stories","25":"tag-topstories","26":"tag-voorpaginanieuws"},"share_on_mastodon":{"url":"https:\/\/pubeurope.com\/@nl\/115581624302616388","error":""},"_links":{"self":[{"href":"https:\/\/www.europesays.com\/nl\/wp-json\/wp\/v2\/posts\/60662","targetHints":{"allow":["GET"]}}],"collection":[{"href":"https:\/\/www.europesays.com\/nl\/wp-json\/wp\/v2\/posts"}],"about":[{"href":"https:\/\/www.europesays.com\/nl\/wp-json\/wp\/v2\/types\/post"}],"author":[{"embeddable":true,"href":"https:\/\/www.europesays.com\/nl\/wp-json\/wp\/v2\/users\/2"}],"replies":[{"embeddable":true,"href":"https:\/\/www.europesays.com\/nl\/wp-json\/wp\/v2\/comments?post=60662"}],"version-history":[{"count":0,"href":"https:\/\/www.europesays.com\/nl\/wp-json\/wp\/v2\/posts\/60662\/revisions"}],"wp:featuredmedia":[{"embeddable":true,"href":"https:\/\/www.europesays.com\/nl\/wp-json\/wp\/v2\/media\/60663"}],"wp:attachment":[{"href":"https:\/\/www.europesays.com\/nl\/wp-json\/wp\/v2\/media?parent=60662"}],"wp:term":[{"taxonomy":"category","embeddable":true,"href":"https:\/\/www.europesays.com\/nl\/wp-json\/wp\/v2\/categories?post=60662"},{"taxonomy":"post_tag","embeddable":true,"href":"https:\/\/www.europesays.com\/nl\/wp-json\/wp\/v2\/tags?post=60662"}],"curies":[{"name":"wp","href":"https:\/\/api.w.org\/{rel}","templated":true}]}}