{"id":61003,"date":"2025-11-20T16:33:25","date_gmt":"2025-11-20T16:33:25","guid":{"rendered":"https:\/\/www.europesays.com\/nl\/61003\/"},"modified":"2025-11-20T16:33:25","modified_gmt":"2025-11-20T16:33:25","slug":"vijftig-jaar-na-de-dood-van-franco-zoeken-duizenden-spanjaarden-nog-naar-de-botten-van-hun-geexecuteerde-familieleden","status":"publish","type":"post","link":"https:\/\/www.europesays.com\/nl\/61003\/","title":{"rendered":"Vijftig jaar na de dood van Franco zoeken duizenden Spanjaarden nog naar de botten van hun ge\u00ebxecuteerde familieleden"},"content":{"rendered":"<p><img decoding=\"async\" alt=\"\" class=\"dmt-agno-player__live-message\" src=\"https:\/\/www.europesays.com\/nl\/wp-content\/uploads\/2025\/10\/liveplayer-off.jpeg\"\/><\/p>\n<p>NRC<\/p>\n<p>\t\t\tSorry, het lukt niet om de video af te spelen.<br \/>\n\t\t\t\tProbeer de pagina opnieuw te laden<\/p>\n<p>\t\t\tof probeer het later nog eens.<\/p>\n<p class=\"caption\">Vrijwilligers en medewerkers van de ARMH graven het lichaam op dat ze hebben gevonden net buiten het Spaanse dorp Vegas de Matute.<\/p>\n<p>video CLAUDIA PAPARELLI<\/p>\n<p class=\"has-drop-cap\">Iets na half elf \u2019s ochtends verstomt het gebulder van de graafmachine. Een groep mensen snelt naar de blauwe partytent middenin een veld in het Spaanse binnenland, een uur ten noorden van Madrid. Onder het klapperende zeil verwijdert een vrijwilliger doeken die een kuil toedekken. Als hij de laatste beschermlaag optilt \u2013 een groot stuk karton \u2013 wordt een gebroken schedel zichtbaar.<\/p>\n<p>Twee anderen laten zich ook op hun knie\u00ebn zakken. De harken en scheppen rondom de kuil maken plaats voor  borstels, kwasten en messen. De een knipt met een tang wortels door en rondom de schedel weg, de ander schept met een lepel het gruis van het scheenbeen en de derde strijkt net zo lang met een smalle kwast over de ondergrond ter hoogte van het middenrif totdat de ribben tevoorschijn komen. Een uur later heeft het drietal het een dag eerder ontdekte geraamte volledig aan het oppervlak gebracht.<\/p>\n<p>\u201eHet skelet is compleet\u201d, zegt Marco Gonz\u00e1lez even later. Hij leidt de opgraving net buiten het dorpje Vegas de Matute als onderdeel van zijn werk bij de Vereniging voor het Herstel van de Historische Herinnering (ARMH). Die vereniging richt zich op het documenteren van de Spaanse burgeroorlog (1936-1939) en het daarop volgende dictatoriale bewind van generaal Francisco Franco.<\/p>\n<p>Tot zijn dood in 1975, deze donderdag precies vijftig jaar geleden, regeerde Franco het land met harde hand. De fascistische dictator liet <a href=\"https:\/\/www.lse.ac.uk\/research\/research-impact-case-studies\/seeking-justice-forgotten-victims-spanish-civil-war\" rel=\"nofollow noopener\" target=\"_blank\">naar schatting<\/a> 110.000 tot 200.000 mensen executeren tijdens de burgeroorlog en zeker 50.000 mensen in de periode daarna. De opgravingen van deze slachtoffers zijn een belangrijk onderdeel van het werk van de ARMH. Daarnaast geeft de vereniging onder meer lessen op scholen en voert ze gesprekken met politici, om de straffeloosheid van het Franco-tijdperk onder de aandacht te brengen.<\/p>\n<p><img alt=\"Marco Gonz\u00e1lez leidt de opgravingsoperatie, als onderdeel van zijn werk voor de ARMH.\" data-lightbox-highres=\"https:\/\/images.nrc.nl\/1FpJQ4vTy4njh6zaKTaIuG0RU1Q=\/1920x\/filters:no_upscale()\/s3\/static.nrc.nl\/wp-content\/uploads\/2025\/11\/19133712\/191125BUI_2020188361_marco.jpg\" data-lightbox-highres-webp=\"https:\/\/images.nrc.nl\/QetkBinlGOUbRzstzD8JWalA7bc=\/1920x\/filters:no_upscale():format(webp)\/s3\/static.nrc.nl\/wp-content\/uploads\/2025\/11\/19133712\/191125BUI_2020188361_marco.jpg\" data-lightbox-zoom=\"https:\/\/images.nrc.nl\/1FpJQ4vTy4njh6zaKTaIuG0RU1Q=\/1920x\/filters:no_upscale()\/s3\/static.nrc.nl\/wp-content\/uploads\/2025\/11\/19133712\/191125BUI_2020188361_marco.jpg\" data-lightbox-zoom-webp=\"https:\/\/images.nrc.nl\/QetkBinlGOUbRzstzD8JWalA7bc=\/1920x\/filters:no_upscale():format(webp)\/s3\/static.nrc.nl\/wp-content\/uploads\/2025\/11\/19133712\/191125BUI_2020188361_marco.jpg\" data-open-in-lightbox=\"true\" decoding=\"async\" height=\"2000\" loading=\"lazy\" src=\"https:\/\/www.europesays.com\/nl\/wp-content\/uploads\/2025\/11\/191125BUI_2020188361_marco.jpg\"  width=\"3000\"\/><\/p>\n<p class=\"caption\" id=\"figcaption-1\">Marco Gonz\u00e1lez leidt de opgravingsoperatie, als onderdeel van zijn werk voor de ARMH.<\/p>\n<p>Foto CLAUDIA PAPARELLI<\/p>\n<p>Zoom in<\/p>\n<p>En dat is hard nodig, zegt Emilio Silva, oprichter en voorzitter van de ARMH, in een Madrileens caf\u00e9 waar de muziek \u2019s ochtends uit de speakers schalt. \u201eDe regering spreekt de hele tijd over \u2018Vijftig jaar vrijheid\u2019, maar dat is een mythe.\u201d De Spaanse democratie is volgens hem gebouwd op onrechtmatigheden die hun oorsprong hebben in de dictatuur.<\/p>\n<p>Na het overlijden van Franco begon la Transici\u00f3n, waarin Spanje werd omgevormd tot een parlementaire democratie. Belangrijk onderdeel daarvan was de Amnestiewet uit 1977. In ruil voor de vrijlating van de politieke gevangenen kwam er amnestie voor alle misdaden die waren begaan tijdens de dictatuur.<\/p>\n<blockquote class=\"dmt-quote\" data-styled=\"false\">\n<p>De regering spreekt de hele tijd over \u2018Vijftig jaar vrijheid\u2019, maar dat is een mythe<\/p>\n<p>Emilio Silva<br \/>\nOprichter historische vereniging ARMH<\/p>\n<\/blockquote>\n<p>Dankzij dit zogenoemde \u2018pact der vergetelheid\u2019 kwamen kopstukken uit het Franco-tijdperk ook in democratisch Spanje op hoge functies terecht. En dat zie je nog terug, zegt Silva.<\/p>\n<p>Geen vragen stellen<\/p>\n<p>Zijn hele jeugd werd Emilio Silva (60) verteld dat hij niet over zijn opa mocht praten. Dat was een logische reactie van Silva\u2019s vader, die zijn vader als tienjarige verloren was en tijdens la Transici\u00f3n gekozen had voor een beter leven in ruil voor vergeten. Silva snapte het niet: hij dacht dat hij niet over zijn opa mocht praten omdat hij een misdadiger was geweest, hij schaamde zich en trok zich terug. Publiek spreken werd zijn nachtmerrie.<\/p>\n<p>Gaandeweg ontdekte hij dat zijn opa, lid van de linkse Republikeinse partij, helemaal geen slechterik was. In 1999, inmiddels was Silva journalist, besloot hij de dood van zijn opa tot op de bodem uit te zoeken voor een boek. Op een middag vertelde een oude vriend van zijn grootvader, een voormalig politieke gevangene, dat hij wist waar zijn opa in oktober 1936 was doodgeschoten. Silva publiceerde daar een artikel over en kwam zo in contact met een archeoloog. <\/p>\n<p>In oktober 2000 was het zo ver: tijdens de eerste publieke opgraving in Spanje werden nabij het dorp , in het noordwesten van Spanje, dertien lichamen gevonden. De identificatie liet even op zich wachten omdat de universiteiten in Spanje niet mee wilden werken, maar in 2002 werd Silva\u2019s opa de eerste (vermiste) die werd ge\u00efdentificeerd met een dna-test. Silva\u2019s vader betaalde de hele operatie, maar bleef tijdens de opgraving in de achterhoede staan. \u201eHet kost tijd om de angst waar je mee opgevoed bent weer los te laten.\u201d<\/p>\n<p><img alt=\"Na de vondst van het lichaam blijft het team zoeken. Volgens de getuigenissen zijn hier in 1936 namelijk twee mannen ge\u00ebxecuteerd. \" data-description=\"Na de vondst van het lichaam blijft het team zoeken. Volgens de getuigenissen zijn hier in 1936 namelijk twee mannen ge\u00ebxecuteerd. \" data-open-in-lightbox=\"true\" src=\"https:\/\/www.europesays.com\/nl\/wp-content\/uploads\/2025\/11\/191125BUI_2020188361_2.jpg\" src-medium=\"https:\/\/s3.eu-west-1.amazonaws.com\/static.nrc.nl\/wp-content\/uploads\/2025\/11\/19133659\/191125BUI_2020188361_2.jpg\" decoding=\"async\" \/><\/p>\n<p class=\"caption\" id=\"figcaption-2\">Na de vondst van het lichaam blijft het team zoeken. Volgens de getuigenissen zijn hier in 1936 namelijk twee mannen ge\u00ebxecuteerd. <\/p>\n<p>Zoom in<\/p>\n<p><img alt=\"Met borstels, mesjes en penselen brengt het team het lichaam naar het oppervlak. \" data-description=\"Met borstels, mesjes en penselen brengt het team het lichaam naar het oppervlak. \" data-open-in-lightbox=\"true\" src=\"https:\/\/www.europesays.com\/nl\/wp-content\/uploads\/2025\/11\/191125BUI_2020188361_boven.jpg\" src-medium=\"https:\/\/s3.eu-west-1.amazonaws.com\/static.nrc.nl\/wp-content\/uploads\/2025\/11\/19134341\/191125BUI_2020188361_boven.jpg\" decoding=\"async\" \/><\/p>\n<p class=\"caption\" id=\"figcaption-3\">Met borstels, mesjes en penselen brengt het team het lichaam naar het oppervlak. <\/p>\n<p>Zoom in<\/p>\n<p>Foto\u2019s CLAUDIA PAPARELLI<\/p>\n<p>Na die eerste opgraving werd Silva bedolven onder mails en telefoontjes met verzoeken om hulp. Hij besloot het schrijven van zijn boek uit te stellen \u2013 het verscheen uiteindelijk dit jaar \u2013 en de ARMH op te richten. In haar 25-jarig bestaan heeft de stichting, die draait op donaties, zo\u2019n 1.700 lichamen ge\u00efdentificeerd. Dat is meer dan de regering, op wier steun de familieleden van slachtoffers niet kunnen rekenen, zegt Gonz\u00e1lez tijdens de opgraving. \u201eDe overheid heeft jaren geleden al beloofd een dna-bank op te richten, maar die is er nog steeds niet.\u201d Hij is \u2019s ochtends naar de lokale politie gegaan om de vondst van het lichaam te melden, maar actie verwacht hij niet.<\/p>\n<p>Gemeenschappelijk belang<\/p>\n<p>Die weerstand van overheidsinstanties, maar ook van universiteiten en media, heeft deels te maken met de oude structuren, zegt Silva. \u201eHet waren de kinderen van Franco-gezinden die tijdens de dictatuur naar de universiteit konden, en daarna op hoge posities in de politiek en het bedrijfsleven terechtkwamen.\u201d   \u201eZij hebben een gemeenschappelijk belang in het verzwijgen van het verleden\u201d, zegt Silva.<\/p>\n<p>Het verleden is ook terug te zien in fascistische monumenten, plakkaten en straatnamen. Hoewel de overheid twee wetten heeft aangenomen die dergelijke uitingen verbieden zijn er nog duizenden symbolen te vinden, zegt Eduardo Espa\u00f1a in een videogesprek vanuit Malaga. Hij richtte de website Deber\u00eda Desaparacer (Het moet verdwijnen) op: <a href=\"https:\/\/www.deberiadesaparecer.com\/actua\" rel=\"nofollow noopener\" target=\"_blank\">een database<\/a> waar mensen symbolen met verwijzingen naar de dictatuur kunnen aanmelden. Het gaat om duizenden straatnamen en plakkaten, zegt Espa\u00f1a, \u201emaar er zijn ook nog een stuk of tien monumenten van meer dan twintig meter\u201d.<\/p>\n<p>De triomfboog die Franco in 1959 in Madrid liet bouwen is daar \u00e9\u00e9n van, net als de Vallei der Gevallenen. Die in een berg uitgehouwen basiliek liet Franco bouwen ter nagedachtenis aan de Spaanse burgeroorlog \u2013 tot ongenoegen van veel Spanjaarden. In 1975 werd de dictator in de Vallei begraven. Vorige week maakte de regering bekend de Vallei voor 30 miljoen euro te willen verbouwen. \u201eDat is inconsequent\u201d, zegt kunsthistoricus Daniel Rico telefonisch vanuit Barcelona, \u201ewant in de wet staat dat alle monumenten verwijderd moeten worden. Waarom zouden we de grootste dan behouden?\u201d<\/p>\n<p><img alt=\"Bij het lichaam werd ook een munt uit die tijd gevonden. \" data-lightbox-highres=\"https:\/\/images.nrc.nl\/79HKAh0Ej51olg08KxORF7KjjWU=\/1920x\/filters:no_upscale()\/s3\/static.nrc.nl\/wp-content\/uploads\/2025\/11\/19134243\/191125BUI_2020188361_peseta.jpg\" data-lightbox-highres-webp=\"https:\/\/images.nrc.nl\/EO8drT2kLP0_fJIV7AFHx51sLig=\/1920x\/filters:no_upscale():format(webp)\/s3\/static.nrc.nl\/wp-content\/uploads\/2025\/11\/19134243\/191125BUI_2020188361_peseta.jpg\" data-lightbox-zoom=\"https:\/\/images.nrc.nl\/79HKAh0Ej51olg08KxORF7KjjWU=\/1920x\/filters:no_upscale()\/s3\/static.nrc.nl\/wp-content\/uploads\/2025\/11\/19134243\/191125BUI_2020188361_peseta.jpg\" data-lightbox-zoom-webp=\"https:\/\/images.nrc.nl\/EO8drT2kLP0_fJIV7AFHx51sLig=\/1920x\/filters:no_upscale():format(webp)\/s3\/static.nrc.nl\/wp-content\/uploads\/2025\/11\/19134243\/191125BUI_2020188361_peseta.jpg\" data-open-in-lightbox=\"true\" decoding=\"async\" height=\"2002\" loading=\"lazy\" src=\"https:\/\/www.europesays.com\/nl\/wp-content\/uploads\/2025\/11\/191125BUI_2020188361_peseta.jpg\"  width=\"3000\"\/><\/p>\n<p class=\"caption\" id=\"figcaption-4\">Bij het lichaam werd ook een munt uit die tijd gevonden. <\/p>\n<p>Foto CLAUDIA PAPARELLI<\/p>\n<p>Zoom in<\/p>\n<p>Rico publiceerde vorig jaar een boek over de dictatoriale monumenten,  waarin hij betoogt dat de symbolen niet zomaar verwijderd moeten worden. \u201eEr zijn twee meningen over dit onderwerp: rechts wil de monumenten laten staan, links wil ze verwijderen. Hun doel is hetzelfde: confrontatie vermijden.\u201d <\/p>\n<p>Rico pleit voor een derde optie. \u201eDe enige manier om over de geschiedenis heen te komen, is de confrontatie aangaan, erover praten en het een plek geven. Daarvoor zijn veel mogelijkheden, van een bordje met uitleg toevoegen tot een kunstenaar een artistieke interventie laten doen.\u201d<\/p>\n<p>Hij noemt een fascistisch monument in de Italiaanse stad Bolzano als voorbeeld: op het dertig meter brede gebouw heeft een kunstenaar een citaat van Hannah Arendt aangebracht. \u201eHet monument blijft staan, zodat we de geschiedenis niet vergeten, maar de ingreep van de kunstenaar ontkracht de fascistische boodschap. Helaas ontbreekt het aan moed om dit soort ambitieuze maatregelen te nemen.\u201d<\/p>\n<p><a class=\"dmt-article-suggestion\" href=\"https:\/\/www.nrc.nl\/nieuws\/2001\/09\/12\/hier-liggen-meer-doden-buiten-dan-op-het-kerkhof-7556654-a1338267\" rel=\"nofollow noopener\" target=\"_blank\"><\/p>\n<p>\n\t\t\t\tLees ook\n\t\t\t<\/p>\n<p>Hier liggen meer doden buiten dan op het kerkhof<\/p>\n<p><\/a><br \/>\nVerboden franquistische vlag<\/p>\n<p>De fascistische symbolen zijn lang niet iedereen een doorn in het oog. Na afloop van de zondagse mis in de Vallei der Gevallenen, het weekend voor Franco\u2019s sterfdag, staat een man voor de basiliek met een verboden franquistische vlag te zwaaien. Twee leden van de Guardia Civil kijken toe. Silva, die deze dag een groep studenten begeleidt bij een bezoek aan de vallei en het graf van Franco, blijft tijdens de mis in de bus om een confrontatie met Franco-aanhangers te voorkomen.<\/p>\n<p>Die zijn er genoeg. Onderaan de trappen voor de basiliek vertelt een jongeman in een dikke groene jas aan een groepje dat Spanje baat zou hebben bij een nieuwe Franco. Op een vraag over de misdaden die Franco heeft gepleegd, antwoordt hij daar niet veel over te weten. Een vrouw die met haar dochter en vijf kleinkinderen de mis bezoekt, zegt de ophef niet te begrijpen. Ze wil haar naam niet geven omdat ze de media niet vertrouwt, maar wil wel benadrukken dat de vallei \u201eeen plek voor vrede en verzoening is\u201d. \u201eEr zijn hier slachtoffers van beide kanten begraven dus de vallei is voor iedereen\u201d, zegt ze terwijl haar vier kleinzonen, in hetzelfde blauwe jasje gestoken, om haar heen rennen. <\/p>\n<p>Bij het graf van Franco, sinds 2019 niet meer in de Vallei maar veertig kilometer verderop, wappert ook een franquistische vlag. Er staat een bronzen standbeeld van de dictator en er hangt een kindertekening met de tekst \u201eJe bent onze held, je hebt Spanje van het kwaad gered\u201d. Uit een <a href=\"https:\/\/english.elpais.com\/international\/2025-10-13\/over-21-of-spaniards-think-the-franco-years-were-good-or-very-good-survey-shows.html\" rel=\"nofollow noopener\" target=\"_blank\">vorige maand verschenen peiling<\/a> blijkt dat 21 procent van de Spanjaarden de periode onder Franco als \u201egoed of zeer goed\u201d beschouwt. Onder jongeren <a href=\"https:\/\/en.ara.cat\/culture\/franco-trend-among-young-people-the-price-of-an-unpunished-past_130_5561764.amp.html\" rel=\"nofollow noopener\" target=\"_blank\">groeit die populariteit<\/a>, ziet Silva ook tijdens zijn lessen op scholen. \u201eZe zijn onwetend omdat we niet over het verleden praten en het ook niet goed onderwijzen.\u201d<\/p>\n<p><img alt=\"De Vallei der Gevallenen bestaat uit een uit de berg gehouwen basiliek. Tot 2019 was Franco hier begraven, net als 30.000 slachtoffers van de Spaanse Burgeroorlog. \" data-description=\"De Vallei der Gevallenen bestaat uit een uit de berg gehouwen basiliek. Tot 2019 was Franco hier begraven, net als 30.000 slachtoffers van de Spaanse Burgeroorlog. \" data-open-in-lightbox=\"true\" src=\"https:\/\/www.europesays.com\/nl\/wp-content\/uploads\/2025\/11\/191125BUI_2020188361_basiliek.jpg\" src-medium=\"https:\/\/s3.eu-west-1.amazonaws.com\/static.nrc.nl\/wp-content\/uploads\/2025\/11\/19135234\/191125BUI_2020188361_basiliek.jpg\" decoding=\"async\" \/><\/p>\n<p class=\"caption\" id=\"figcaption-5\">De Vallei der Gevallenen bestaat uit een uit de berg gehouwen basiliek. Tot 2019 was Franco hier begraven, net als 30.000 slachtoffers van de Spaanse Burgeroorlog. <\/p>\n<p>Zoom in<\/p>\n<p><img alt=\"Een bezoeker brengt een fascistische groet voor het graf van Franco op de begraafplaats Mingorrubio-El Pardo in een buitenwijk van Madrid. \" data-description=\"Een bezoeker brengt een fascistische groet voor het graf van Franco op de begraafplaats Mingorrubio-El Pardo in een buitenwijk van Madrid. \" data-open-in-lightbox=\"true\" src=\"https:\/\/www.europesays.com\/nl\/wp-content\/uploads\/2025\/11\/191125BUI_2020188361_extra2.jpg\" src-medium=\"https:\/\/s3.eu-west-1.amazonaws.com\/static.nrc.nl\/wp-content\/uploads\/2025\/11\/19135013\/191125BUI_2020188361_extra2.jpg\" decoding=\"async\" \/><\/p>\n<p class=\"caption\" id=\"figcaption-6\">Een bezoeker brengt een fascistische groet voor het graf van Franco op de begraafplaats Mingorrubio-El Pardo in een buitenwijk van Madrid. <\/p>\n<p>Zoom in<\/p>\n<p>Foto\u2019s Violeta Santos Moura\/REUTERS<\/p>\n<p>Dat is pijnlijk, vooral voor de familieleden van slachtoffers die nog steeds wachten op gerechtigheid. \u201eMijn oma is in 1997 gestorven, 22 jaar na het overlijden van Franco\u201d, zegt Silva terwijl hij zijn laptop openklapt om een foto te laten zien. \u201eZe heeft nooit iets gehoord over vervolging van de moordenaars van haar man, of hulp gekregen bij het opsporen van zijn lichaam of herstelbetalingen, terwijl ze zes kinderen in haar eentje moest opvoeden.\u201d<\/p>\n<p> In 2010 werd onderzoeksrechter Baltasar Garz\u00f3n zelfs uit zijn ambt gezet toen hij een gerechtelijk onderzoek wilde instellen naar het Franco-regime. \u201eDe slachtoffers van de aanslagen van de ETA [de Baskische terreurgroep] zijn door de overheid gecompenseerd, maar de slachtoffers van Franco krijgen geen cent. Zij moeten via de belasting zelfs meebetalen aan zijn graf\u201d, besluit Silva.<\/p>\n<p><a class=\"dmt-article-suggestion\" href=\"https:\/\/www.nrc.nl\/nieuws\/2024\/07\/04\/oud-rechter-baltasar-garzon-partijdige-rechtspraak-bedreigt-de-spaanse-democratie-a4858737\" rel=\"nofollow noopener\" target=\"_blank\"><\/p>\n<p>\n\t\t\t\tLees ook\n\t\t\t<\/p>\n<p>Oud-rechter Baltasar Garz\u00f3n: \u2018Partijdige rechtspraak bedreigt de Spaanse democratie\u2019<\/p>\n<p><img decoding=\"async\" alt=\"Oud-rechter Baltasar Garz\u00f3n maakt zich zorgen over de politisering van de Spaanse rechtspraak. Foto Laurent Leger Adame \" class=\"dmt-article-suggestion__image\" src=\"https:\/\/www.europesays.com\/nl\/wp-content\/uploads\/2025\/11\/data118034086-baa546.jpg\"\/><br \/>\n<\/a><br \/>\nLeraar<\/p>\n<p>Bij de opgraving in Vegas de Matute was het team van de ARMH op zoek naar twee mensen: de leraar Luis Garc\u00eda Hern\u00e1ndez en een man die tegelijk met hem werd ge\u00ebxecuteerd, vertelt Marco Gonz\u00e1lez. De familie van de leraar, die lid was van een linkse docentenorganisatie en in augustus 1936 verdween, vroeg de ARMH om hulp. \u201eOnze zoektocht begint altijd met een verzoek van een familielid\u201d, legt Gonz\u00e1lez uit. Alleen als er concrete getuigenissen zijn over een locatie, kan er gegraven worden.<\/p>\n<p><img alt=\"Een lid van de ARMH bekijkt een foto die rond 1980 op de opgravingslocatie is genomen. De vrouwen op deze foto zijn familieleden van Luis Garc\u00eda Hern\u00e1ndez, een van de vermiste mannen naar wie wordt gezocht. Tijdens hun bezoek troffen ze de man aan die met hen op de foto staat. Hij verzekerde hen dat hij had geholpen hun familielid te begraven in 1936.\" data-lightbox-highres=\"https:\/\/images.nrc.nl\/8UFHuTD4sMf80oTIilKQRKZoVkc=\/1920x\/filters:no_upscale()\/s3\/static.nrc.nl\/wp-content\/uploads\/2025\/11\/19133917\/191125BUI_2020188361_familie.jpg\" data-lightbox-highres-webp=\"https:\/\/images.nrc.nl\/zLin-fnWdF3BbPhpDTn_FL0RC9c=\/1920x\/filters:no_upscale():format(webp)\/s3\/static.nrc.nl\/wp-content\/uploads\/2025\/11\/19133917\/191125BUI_2020188361_familie.jpg\" data-lightbox-zoom=\"https:\/\/images.nrc.nl\/8UFHuTD4sMf80oTIilKQRKZoVkc=\/1920x\/filters:no_upscale()\/s3\/static.nrc.nl\/wp-content\/uploads\/2025\/11\/19133917\/191125BUI_2020188361_familie.jpg\" data-lightbox-zoom-webp=\"https:\/\/images.nrc.nl\/zLin-fnWdF3BbPhpDTn_FL0RC9c=\/1920x\/filters:no_upscale():format(webp)\/s3\/static.nrc.nl\/wp-content\/uploads\/2025\/11\/19133917\/191125BUI_2020188361_familie.jpg\" data-open-in-lightbox=\"true\" decoding=\"async\" height=\"2000\" loading=\"lazy\" src=\"https:\/\/www.europesays.com\/nl\/wp-content\/uploads\/2025\/11\/191125BUI_2020188361_familie.jpg\"  width=\"3000\"\/><\/p>\n<p class=\"caption\" id=\"figcaption-7\">Een lid van de ARMH bekijkt een foto die rond 1980 op de opgravingslocatie is genomen. De vrouwen op deze foto zijn familieleden van Luis Garc\u00eda Hern\u00e1ndez, een van de vermiste mannen naar wie wordt gezocht. Tijdens hun bezoek troffen ze de man aan die met hen op de foto staat. Hij verzekerde hen dat hij had geholpen hun familielid te begraven in 1936.<\/p>\n<p>Foto CLAUDIA PAPARELLI<\/p>\n<p>Zoom in<\/p>\n<p><img alt=\"Cubo Cruz en Gloria P\u00earez zijn de eigenaren van het terrein. Ze zeggen altijd te hebben geweten dat er hier twee mannen zijn vermoord en begraven. \" data-lightbox-highres=\"https:\/\/images.nrc.nl\/ACm0gmEazs3XH1eLpwUIBOxWYpY=\/1920x\/filters:no_upscale()\/s3\/static.nrc.nl\/wp-content\/uploads\/2025\/11\/19133816\/191125BUI_2020188361_landeigenaren.jpg\" data-lightbox-highres-webp=\"https:\/\/images.nrc.nl\/oz0CCXfLoKynUMNz-PmZSgizuv0=\/1920x\/filters:no_upscale():format(webp)\/s3\/static.nrc.nl\/wp-content\/uploads\/2025\/11\/19133816\/191125BUI_2020188361_landeigenaren.jpg\" data-lightbox-zoom=\"https:\/\/images.nrc.nl\/ACm0gmEazs3XH1eLpwUIBOxWYpY=\/1920x\/filters:no_upscale()\/s3\/static.nrc.nl\/wp-content\/uploads\/2025\/11\/19133816\/191125BUI_2020188361_landeigenaren.jpg\" data-lightbox-zoom-webp=\"https:\/\/images.nrc.nl\/oz0CCXfLoKynUMNz-PmZSgizuv0=\/1920x\/filters:no_upscale():format(webp)\/s3\/static.nrc.nl\/wp-content\/uploads\/2025\/11\/19133816\/191125BUI_2020188361_landeigenaren.jpg\" data-open-in-lightbox=\"true\" decoding=\"async\" height=\"2000\" loading=\"lazy\" src=\"https:\/\/www.europesays.com\/nl\/wp-content\/uploads\/2025\/11\/191125BUI_2020188361_landeigenaren.jpg\"  width=\"3000\"\/><\/p>\n<p class=\"caption\" id=\"figcaption-8\">Cubo Cruz en Gloria P\u00earez zijn de eigenaren van het terrein. Ze zeggen altijd te hebben geweten dat er hier twee mannen zijn vermoord en begraven. <\/p>\n<p>Foto CLAUDIA PAPARELLI<\/p>\n<p>Zoom in<\/p>\n<p>\u201eWe zijn heel afhankelijk van memoria oral\u201d, zegt Malena Garc\u00eda terwijl ze een regendruppel van haar gezicht veegt. Zij onderhoudt namens de ARMH contact met de families. \u201eDat is ingewikkeld. In dit geval hebben getuigen de executie als kind meegemaakt. Hoe meer tijd er verstrijkt, hoe lastiger het wordt om betrouwbare informatie te verkrijgen.\u201d Dat blijkt ook als de landeigenaren, Cubo Cruz en Gloria P\u00earez, komen aanlopen. Cruz zegt dat zijn opa de executie gezien heeft en dat hij daarna de twee mannen heeft begraven. Maar Cruz herkent zijn opa niet op een foto van de getuige die volgens het ARMH-onderzoek de twee lichamen zou hebben begraven. <\/p>\n<p>Na drie dagen graven moet het team concluderen dat het tweede lichaam spoorloos blijft, ook na een tweede zoektocht op deze plek. Misschien is het lichaam weggehaald in de bijna negentig jaar die zijn verstreken sinds de executie, of klopt de getuigenis niet, zegt Gonz\u00e1lez. Of het gevonden lichaam van de vermiste leraar is, weten de onderzoekers niet zeker, hoewel er wel twee resten van pennen bij het lichaam gevonden zijn. \u2019s Middags komen de familieleden van de leraar kijken. Dna-onderzoek moet uitwijzen of het echt hun opa is.<\/p>\n<p><img alt=\"N\u00faria, een medewerker van de ARMH, draagt de doos met de stoffelijke resten van het gevonden lichaam voor de dna-analyse.\" data-lightbox-highres=\"https:\/\/images.nrc.nl\/tqThRTpog1DbpWgSdQ0vyaauLh0=\/1920x\/filters:no_upscale()\/s3\/static.nrc.nl\/wp-content\/uploads\/2025\/11\/19134335\/191125BUI_2020188361_eind.jpg\" data-lightbox-highres-webp=\"https:\/\/images.nrc.nl\/xuP28wWAv3bWaq3WzjxwvjhBcxQ=\/1920x\/filters:no_upscale():format(webp)\/s3\/static.nrc.nl\/wp-content\/uploads\/2025\/11\/19134335\/191125BUI_2020188361_eind.jpg\" data-lightbox-zoom=\"https:\/\/images.nrc.nl\/tqThRTpog1DbpWgSdQ0vyaauLh0=\/1920x\/filters:no_upscale()\/s3\/static.nrc.nl\/wp-content\/uploads\/2025\/11\/19134335\/191125BUI_2020188361_eind.jpg\" data-lightbox-zoom-webp=\"https:\/\/images.nrc.nl\/xuP28wWAv3bWaq3WzjxwvjhBcxQ=\/1920x\/filters:no_upscale():format(webp)\/s3\/static.nrc.nl\/wp-content\/uploads\/2025\/11\/19134335\/191125BUI_2020188361_eind.jpg\" data-open-in-lightbox=\"true\" decoding=\"async\" height=\"2000\" loading=\"lazy\" src=\"https:\/\/www.europesays.com\/nl\/wp-content\/uploads\/2025\/11\/191125BUI_2020188361_eind.jpg\"  width=\"3000\"\/><\/p>\n<p class=\"caption\" id=\"figcaption-9\">N\u00faria, een medewerker van de ARMH, draagt de doos met de stoffelijke resten van het gevonden lichaam voor de dna-analyse.<\/p>\n<p>Foto CLAUDIA PAPARELLI<\/p>\n<p>Zoom in<\/p>\n<p><a class=\"dmt-article-suggestion\" href=\"https:\/\/www.nrc.nl\/nieuws\/2018\/08\/26\/een-selfie-met-franco-nu-het-nog-kan-a1614302\" rel=\"nofollow noopener\" target=\"_blank\"><\/p>\n<p>\n\t\t\t\tLees ook\n\t\t\t<\/p>\n<p>Een selfie met Franco \u2013 nu het nog kan<\/p>\n<p><img decoding=\"async\" alt=\"De Vallei der Gevallenen: mag Franco\u2019s lichaam er zijn of niet zijn? Dat is de vraag.\" class=\"dmt-article-suggestion__image\" src=\"https:\/\/www.europesays.com\/nl\/wp-content\/uploads\/2025\/11\/data35295315-1ef3a6.jpg\"\/><br \/>\n<\/a><\/p>\n<p>Geef cadeau<\/p>\n<p>Deel<\/p>\n<p>Mail de redactie<\/p>\n<p>\nNIEUW: Geef dit artikel cadeau<br \/>\n\t\t\tAls NRC-abonnee kun je elke maand 10 artikelen cadeau geven aan iemand zonder NRC-abonnement. De ontvanger kan het artikel direct lezen, zonder betaalmuur.\n\t\t<\/p>\n","protected":false},"excerpt":{"rendered":"NRC Sorry, het lukt niet om de video af te spelen. Probeer de pagina opnieuw te laden of&hellip;\n","protected":false},"author":2,"featured_media":15534,"comment_status":"","ping_status":"","sticky":false,"template":"","format":"standard","meta":{"footnotes":""},"categories":[15],"tags":[39,40,48,43,44,34,35,41,42,46,47,49,45,32,33,50,36,37,38,67,64,65,66],"class_list":{"0":"post-61003","1":"post","2":"type-post","3":"status-publish","4":"format-standard","5":"has-post-thumbnail","7":"category-wereld","8":"tag-breaking-news","9":"tag-breakingnews","10":"tag-dutch","11":"tag-featured-news","12":"tag-featurednews","13":"tag-headlines","14":"tag-hoofdpunten","15":"tag-latest-news","16":"tag-latestnews","17":"tag-nederland","18":"tag-nederlanden","19":"tag-nederlands","20":"tag-netherlands","21":"tag-news","22":"tag-nieuws","23":"tag-nl","24":"tag-top-stories","25":"tag-topstories","26":"tag-voorpaginanieuws","27":"tag-wereld","28":"tag-world","29":"tag-world-news","30":"tag-worldnews"},"share_on_mastodon":{"url":"https:\/\/pubeurope.com\/@nl\/115582992819172313","error":""},"_links":{"self":[{"href":"https:\/\/www.europesays.com\/nl\/wp-json\/wp\/v2\/posts\/61003","targetHints":{"allow":["GET"]}}],"collection":[{"href":"https:\/\/www.europesays.com\/nl\/wp-json\/wp\/v2\/posts"}],"about":[{"href":"https:\/\/www.europesays.com\/nl\/wp-json\/wp\/v2\/types\/post"}],"author":[{"embeddable":true,"href":"https:\/\/www.europesays.com\/nl\/wp-json\/wp\/v2\/users\/2"}],"replies":[{"embeddable":true,"href":"https:\/\/www.europesays.com\/nl\/wp-json\/wp\/v2\/comments?post=61003"}],"version-history":[{"count":0,"href":"https:\/\/www.europesays.com\/nl\/wp-json\/wp\/v2\/posts\/61003\/revisions"}],"wp:featuredmedia":[{"embeddable":true,"href":"https:\/\/www.europesays.com\/nl\/wp-json\/wp\/v2\/media\/15534"}],"wp:attachment":[{"href":"https:\/\/www.europesays.com\/nl\/wp-json\/wp\/v2\/media?parent=61003"}],"wp:term":[{"taxonomy":"category","embeddable":true,"href":"https:\/\/www.europesays.com\/nl\/wp-json\/wp\/v2\/categories?post=61003"},{"taxonomy":"post_tag","embeddable":true,"href":"https:\/\/www.europesays.com\/nl\/wp-json\/wp\/v2\/tags?post=61003"}],"curies":[{"name":"wp","href":"https:\/\/api.w.org\/{rel}","templated":true}]}}