{"id":61110,"date":"2025-11-20T18:06:10","date_gmt":"2025-11-20T18:06:10","guid":{"rendered":"https:\/\/www.europesays.com\/nl\/61110\/"},"modified":"2025-11-20T18:06:10","modified_gmt":"2025-11-20T18:06:10","slug":"wauw-maxima-introduceert-nieuwe-opvallende-outfit","status":"publish","type":"post","link":"https:\/\/www.europesays.com\/nl\/61110\/","title":{"rendered":"Wauw! M\u00e1xima introduceert nieuwe, opvallende outfit"},"content":{"rendered":"<p class=\"has-text-align-center\">Voor een bezoek aan M\u00e9\u00e9r Muziek in de Klas heeft M\u00e1xima een nieuwe, opvallende outfit aangeschaft. In deze blog lees je wat ze vandaag draagt. <\/p>\n<p class=\"has-text-align-center\">Koningin M\u00e1xima bracht vanmiddag een bezoek aan basisschool Mobiel in Amsterdam. Basisschool Mobiel is een van de twaalf basisscholen die meedoet aan de grootste schoolband van Nederland. De \u00a0schoolband treedt op tijdens het jaarlijks Kerst Muziekgala, dat aandacht vraagt voor het belang van muziek- en creatief onderwijs.<\/p>\n<p class=\"has-text-align-center\">Koningin M\u00e1xima woonde een deel bij van de muziekles aan de groepen 7 en 8. De leerlingen repeteerden het speciaal geschreven lied \u2018Welkom op ons feestje\u2019. Na afloop sprak Koningin M\u00e1xima met de kinderen over wat ze hebben geleerd, samen met presentator Buddy Vedder die het Kerst Muziekgala presenteert. Ook woonde zij een les beeldende vorming bij en sprak met leerlingen over hun ervaringen met creatieve vakken op school.<\/p>\n<p><img loading=\"lazy\" decoding=\"async\" width=\"700\" height=\"467\" src=\"data:image\/svg+xml,%3Csvg%20xmlns=\" http:=\"\" alt=\"\" class=\"wp-image-102615\" data-lazy- data-lazy- data-lazy-src=\"https:\/\/www.europesays.com\/nl\/wp-content\/uploads\/2025\/11\/PPE25112059-700x467.jpg\"\/>20-11-2025 Amsterdam. \u00a9 PPE\/rpe\/van Katwijk<\/p>\n<p class=\"has-text-align-center\">Stichting M\u00e9\u00e9r Muziek in de Klas zet zich sinds 2015 in voor structureel muziekonderwijs voor alle basisschoolkinderen in Nederland en het Caribisch gebied. In 2023 is het werk van de stichting verbreed naar het toegankelijk maken van een breed cultuuraanbod voor kinderen en jongeren voor wie dat niet vanzelfsprekend is. Het doel is de wereld van de leerling te vergroten en een bijdrage te leveren aan de cognitieve, sociale en creatieve ontwikkeling van kinderen. De stichting sluit aan bij het programma School en Omgeving van het ministerie van Onderwijs, Cultuur en Wetenschap.\u00a0<\/p>\n<p>Mode M\u00e1xima: een nieuwe, opvallende outfit<\/p>\n<p class=\"has-text-align-center\">Herinner je je M\u00e1xima\u2019s <a href=\"https:\/\/www.modekoninginmaxima.nl\/maxima-draagt-nieuwe-outfit-in-haarlem\/\" rel=\"nofollow noopener\" target=\"_blank\">rode omslagkraag <\/a>nog? Felrood, met een doorkijkje naar de schouders? Gemaakt van fluffy wol? Well, die heeft ze nu dus ook in het groen, van glanzende zijde met een paar prominente knopen. Wat een heerlijke aanvulling op haar garderobe! <\/p>\n<p><img loading=\"lazy\" decoding=\"async\" width=\"700\" height=\"1049\" src=\"data:image\/svg+xml,%3Csvg%20xmlns=\" http:=\"\" alt=\"\" class=\"wp-image-102614\" data-lazy- data-lazy- data-lazy-src=\"https:\/\/www.europesays.com\/nl\/wp-content\/uploads\/2025\/11\/PPE25112068-700x1049.jpg\"\/>20-11-2025 Amsterdam<br \/>\n\u00a9 PPE\/rpe\/Van Katwijk<\/p>\n<p class=\"has-text-align-center\">M\u00e1xima\u2019s rode omslagkraag: <\/p>\n<p><img loading=\"lazy\" decoding=\"async\" width=\"700\" height=\"1048\" src=\"data:image\/svg+xml,%3Csvg%20xmlns=\" http:=\"\" alt=\"\" class=\"wp-image-101860\" data-lazy- data-lazy- data-lazy-src=\"https:\/\/www.europesays.com\/nl\/wp-content\/uploads\/2025\/11\/PPE25110304-1-700x1048.jpg\"\/>03-11-2025 Haarlem<br \/>\n\u00a9 PPE\/Nieboer<\/p>\n","protected":false},"excerpt":{"rendered":"Voor een bezoek aan M\u00e9\u00e9r Muziek in de Klas heeft M\u00e1xima een nieuwe, opvallende outfit aangeschaft. In deze&hellip;\n","protected":false},"author":2,"featured_media":61111,"comment_status":"","ping_status":"","sticky":false,"template":"","format":"standard","meta":{"footnotes":""},"categories":[25],"tags":[99,48,98,46,47,49,45,50],"class_list":{"0":"post-61110","1":"post","2":"type-post","3":"status-publish","4":"format-standard","5":"has-post-thumbnail","7":"category-amusement","8":"tag-amusement","9":"tag-dutch","10":"tag-entertainment","11":"tag-nederland","12":"tag-nederlanden","13":"tag-nederlands","14":"tag-netherlands","15":"tag-nl"},"share_on_mastodon":{"url":"https:\/\/pubeurope.com\/@nl\/115583358245307479","error":""},"_links":{"self":[{"href":"https:\/\/www.europesays.com\/nl\/wp-json\/wp\/v2\/posts\/61110","targetHints":{"allow":["GET"]}}],"collection":[{"href":"https:\/\/www.europesays.com\/nl\/wp-json\/wp\/v2\/posts"}],"about":[{"href":"https:\/\/www.europesays.com\/nl\/wp-json\/wp\/v2\/types\/post"}],"author":[{"embeddable":true,"href":"https:\/\/www.europesays.com\/nl\/wp-json\/wp\/v2\/users\/2"}],"replies":[{"embeddable":true,"href":"https:\/\/www.europesays.com\/nl\/wp-json\/wp\/v2\/comments?post=61110"}],"version-history":[{"count":0,"href":"https:\/\/www.europesays.com\/nl\/wp-json\/wp\/v2\/posts\/61110\/revisions"}],"wp:featuredmedia":[{"embeddable":true,"href":"https:\/\/www.europesays.com\/nl\/wp-json\/wp\/v2\/media\/61111"}],"wp:attachment":[{"href":"https:\/\/www.europesays.com\/nl\/wp-json\/wp\/v2\/media?parent=61110"}],"wp:term":[{"taxonomy":"category","embeddable":true,"href":"https:\/\/www.europesays.com\/nl\/wp-json\/wp\/v2\/categories?post=61110"},{"taxonomy":"post_tag","embeddable":true,"href":"https:\/\/www.europesays.com\/nl\/wp-json\/wp\/v2\/tags?post=61110"}],"curies":[{"name":"wp","href":"https:\/\/api.w.org\/{rel}","templated":true}]}}