{"id":61547,"date":"2025-11-21T04:59:17","date_gmt":"2025-11-21T04:59:17","guid":{"rendered":"https:\/\/www.europesays.com\/nl\/61547\/"},"modified":"2025-11-21T04:59:17","modified_gmt":"2025-11-21T04:59:17","slug":"prinses-amalia-schittert-in-jurk-van-koningin-maxima","status":"publish","type":"post","link":"https:\/\/www.europesays.com\/nl\/61547\/","title":{"rendered":"Prinses Amalia schittert in jurk van koningin M\u00e1xima"},"content":{"rendered":"<p class=\"mui-173mato e10ntc2u0\">Prinses Amalia trok donderdag de aandacht toen ze verscheen in een look die we herkenden uit de kast van niemand minder dan koningin M\u00e1xima. De prinses vergezelde koning Willem-Alexander bij de Bijzondere Verenigde Vergadering van de Eerste en Tweede Kamer, maar eerlijk\u2026 het was vooral haar geleende outfit die de show stal.<\/p>\n<p class=\"mui-173mato e10ntc2u0\">Amalia maakte donderdag een entrance in een felrode mantel met bijpassende jurk toen ze bij de Grote Kerk in Den Haag arriveerde. Fashion lovers herkenden de look meteen: koningin M\u00e1xima droeg exact dezelfde set tijdens Amalia\u2019s eigen installatie bij de Raad van State in 2021. En opvallend detail \u2014 de mantel dook n\u00f3g eerder deze week op, toen M\u00e1xima samen met de koning groothertog Guillaume en groothertogin St\u00e9phanie van Luxemburg ontving. <\/p>\n<p class=\"mui-173mato e10ntc2u0\">Binnen in de kerk ging het minder over mode en meer over mijlpalen: politici vierden namelijk dat het precies tachtig jaar geleden is dat het parlement na de Tweede Wereldoorlog weer bijeenkwam. Naast Kamerleden waren ook leden van de Raad van State, burgemeesters en militairen aanwezig.<\/p>\n<p class=\"mui-173mato e10ntc2u0\">Lees hieronder verder. <\/p>\n<p><img alt=\"Koningin M\u00e1xima \" data-testid=\"imageEmbedimage\" loading=\"lazy\" width=\"5472\" height=\"3953\" decoding=\"async\" data-nimg=\"1\" class=\"mui-15wjadd e17etda72\" style=\"color:transparent\"   src=\"https:\/\/www.europesays.com\/nl\/wp-content\/uploads\/2025\/11\/ANP-441781165.jpg\"\/><\/p>\n<p class=\"mui-153mw2q e17etda73\">Koningin M\u00e1xima <\/p>\n<p>Ruilen van outfit<\/p>\n<p class=\"mui-173mato e10ntc2u0\">Het is niet de eerste keer dat de koninklijke familie outfits met elkaar uitwisselt. Zo duiken de zusjes ook regelmatig <a rel=\"noopener noreferrer nofollow\" target=\"_blank\" class=\"mui-1i4zqbr e1bmvyuj0\" href=\"https:\/\/www.shownieuws.nl\/entertainment\/royalty\/koninklijk-huis\/artikelen\/zien-prinses-amalia-gespot-in-outfits-jongere-zus-ariane\">bij elkaar in de kledingkast<\/a>. Zo werd prinses Amalia tijdens het werkbezoek in Amerika meerdere keren gespot in de outfits van haar jongere zus Ariane.<\/p>\n<p class=\"mui-173mato e10ntc2u0\">Het was een week om nooit meer te vergeten: Amalia heeft haar eerste werkbezoek\u00a0<a rel=\"noopener noreferrer nofollow\" target=\"_blank\" class=\"mui-1i4zqbr e1bmvyuj0\" href=\"https:\/\/www.shownieuws.nl\/entertainment\/bners\/artikelen\/koningin-maxima-trots-op-amalia-heel-veel-geleerd\">in de Verenigde Staten\u00a0<\/a>gehad. Deze mocht ze met niemand minder maken dan met haar moeder koningin M\u00e1xima. De dames verschenen dagelijks in ontzettende mooie, maar ook stylish outfits. E\u00e9n van de outfits die Amalia heeft gedragen is te herkennen van het\u00a0<a rel=\"noopener noreferrer nofollow\" target=\"_blank\" class=\"mui-1i4zqbr e1bmvyuj0\" href=\"https:\/\/www.shownieuws.nl\/entertainment\/royalty\/koninklijk-huis\/artikelen\/zien-zomerfotosessie-van-koninklijk-gezin\">offici\u00eble fotomoment<\/a>\u00a0van afgelopen zomer,\u00a0zie de onderstaande video.<\/p>\n<p class=\"mui-173mato e10ntc2u0\">Lees hieronder verder. <\/p>\n<p><img alt=\"Koninklijk gezin poseert voor de pers\" loading=\"lazy\" decoding=\"async\" data-nimg=\"fill\" class=\"mui-nacstu e1qtpq9e5\" style=\"position:absolute;height:100%;width:100%;left:0;top:0;right:0;bottom:0;color:transparent\"   src=\"https:\/\/www.europesays.com\/nl\/wp-content\/uploads\/2025\/11\/koninklijk-gezin-poseert-voor-de-pers.jpg\"\/><\/p>\n<p>1:53<\/p>\n<p>Koninklijk gezin poseert voor de pers<\/p>\n<p>Fashion Queens<\/p>\n<p class=\"mui-173mato e10ntc2u0\">Amalia verscheen tweemaal in een geleende outfit van haar zusje,\u00a0zie onderstaande foto.\u00a0Zo was Amalia te zien in een tweedelige gestreepte set uit de kast van Ariane, maar ook nog in een ander vertrouwd jurkje, ontdekte de redactie van\u00a0LINDA.<\/p>\n<p class=\"mui-173mato e10ntc2u0\">Prinses Amalia maakte namelijk de keuze om een blauw jurkje van het Franse merk Sandro te dragen. Ook deze jurk is eerder voorbij gekomen en werd eerder gespot bij haar jongste zusje Ariane. De prinses droeg dit op Koningsdag in 2022 in Maastricht.<\/p>\n<p class=\"mui-173mato e10ntc2u0\">Lees hieronder verder. <\/p>\n<p>Een hechte zussenband<\/p>\n<p class=\"mui-173mato e10ntc2u0\">De jaarlijkse zomerfotosessie zit er al een tijdje op en dit jaar beantwoordden de zussen een aantal vragen van de pers. Uit dit gesprek kwam het verrassende nieuws naar voren dat Amalia\u00a0<a rel=\"noopener noreferrer nofollow\" target=\"_blank\" class=\"mui-1i4zqbr e1bmvyuj0\" href=\"https:\/\/www.shownieuws.nl\/entertainment\/royalty\/koninklijk-huis\/artikelen\/zo-is-de-zussenband-tussen-amalia-alexia-en-ariane\">niet de enige<\/a>\u00a0is die weleens in Ariane haar kledingkast duikt.<\/p>\n<p class=\"mui-173mato e10ntc2u0\">Toen een journaliste vroeg: &#8220;Waarvoor kun je bij Ariane aankloppen?&#8221;, antwoordde prinses Alexia meteen: &#8220;Leuke kleren.&#8221;\u00a0Meer daarover zie je in de onderstaande video.<\/p>\n<p><img alt=\"Prinsessen van Oranje vertellen over hun zussenband\" loading=\"lazy\" decoding=\"async\" data-nimg=\"fill\" class=\"mui-nacstu e1qtpq9e5\" style=\"position:absolute;height:100%;width:100%;left:0;top:0;right:0;bottom:0;color:transparent\"   src=\"https:\/\/www.europesays.com\/nl\/wp-content\/uploads\/2025\/11\/prinsessen-van-oranje-vertellen-over-hun-zussenband.jpg\"\/><\/p>\n<p>1:20<\/p>\n<p>Prinsessen van Oranje vertellen over hun zussenband<\/p>\n","protected":false},"excerpt":{"rendered":"Prinses Amalia trok donderdag de aandacht toen ze verscheen in een look die we herkenden uit de kast&hellip;\n","protected":false},"author":2,"featured_media":61548,"comment_status":"","ping_status":"","sticky":false,"template":"","format":"standard","meta":{"footnotes":""},"categories":[5],"tags":[39,40,48,43,44,34,35,41,42,46,47,49,45,32,33,50,36,37,38],"class_list":{"0":"post-61547","1":"post","2":"type-post","3":"status-publish","4":"format-standard","5":"has-post-thumbnail","7":"category-hoofdpunten","8":"tag-breaking-news","9":"tag-breakingnews","10":"tag-dutch","11":"tag-featured-news","12":"tag-featurednews","13":"tag-headlines","14":"tag-hoofdpunten","15":"tag-latest-news","16":"tag-latestnews","17":"tag-nederland","18":"tag-nederlanden","19":"tag-nederlands","20":"tag-netherlands","21":"tag-news","22":"tag-nieuws","23":"tag-nl","24":"tag-top-stories","25":"tag-topstories","26":"tag-voorpaginanieuws"},"share_on_mastodon":{"url":"https:\/\/pubeurope.com\/@nl\/115585926023745926","error":""},"_links":{"self":[{"href":"https:\/\/www.europesays.com\/nl\/wp-json\/wp\/v2\/posts\/61547","targetHints":{"allow":["GET"]}}],"collection":[{"href":"https:\/\/www.europesays.com\/nl\/wp-json\/wp\/v2\/posts"}],"about":[{"href":"https:\/\/www.europesays.com\/nl\/wp-json\/wp\/v2\/types\/post"}],"author":[{"embeddable":true,"href":"https:\/\/www.europesays.com\/nl\/wp-json\/wp\/v2\/users\/2"}],"replies":[{"embeddable":true,"href":"https:\/\/www.europesays.com\/nl\/wp-json\/wp\/v2\/comments?post=61547"}],"version-history":[{"count":0,"href":"https:\/\/www.europesays.com\/nl\/wp-json\/wp\/v2\/posts\/61547\/revisions"}],"wp:featuredmedia":[{"embeddable":true,"href":"https:\/\/www.europesays.com\/nl\/wp-json\/wp\/v2\/media\/61548"}],"wp:attachment":[{"href":"https:\/\/www.europesays.com\/nl\/wp-json\/wp\/v2\/media?parent=61547"}],"wp:term":[{"taxonomy":"category","embeddable":true,"href":"https:\/\/www.europesays.com\/nl\/wp-json\/wp\/v2\/categories?post=61547"},{"taxonomy":"post_tag","embeddable":true,"href":"https:\/\/www.europesays.com\/nl\/wp-json\/wp\/v2\/tags?post=61547"}],"curies":[{"name":"wp","href":"https:\/\/api.w.org\/{rel}","templated":true}]}}