{"id":61991,"date":"2025-11-21T13:02:13","date_gmt":"2025-11-21T13:02:13","guid":{"rendered":"https:\/\/www.europesays.com\/nl\/61991\/"},"modified":"2025-11-21T13:02:13","modified_gmt":"2025-11-21T13:02:13","slug":"wilfred-genee-vreest-nieuwe-rel-na-uitspraak-johan-derksen-over-humberto-tan","status":"publish","type":"post","link":"https:\/\/www.europesays.com\/nl\/61991\/","title":{"rendered":"Wilfred Genee vreest nieuwe rel na uitspraak Johan Derksen over Humberto Tan"},"content":{"rendered":"<p><a href=\"https:\/\/www.fcupdate.nl\/tags\/wilfred-genee\" rel=\"nofollow noopener\" target=\"_blank\">Wilfred Genee<\/a> vreest voor een nieuwe racismerel na de uitzending van <a href=\"https:\/\/www.fcupdate.nl\/tags\/vandaag-inside\" rel=\"nofollow noopener\" target=\"_blank\">Vandaag Inside<\/a> op donderdagavond. <a href=\"https:\/\/www.fcupdate.nl\/tags\/johan-derksen\" rel=\"nofollow noopener\" target=\"_blank\">Johan Derksen<\/a> noemde Humberto Tan een \u2018namaakaapje\u2019, maar verzekerde dat hij daar geen racistische bedoelingen bij had. \u00a0<\/p>\n<p>Tan reikte donderdagavond een award uit aan de redactie van Vandaag Inside, nadat de website van het programma werd verkozen tot Website van het Jaar in de categorie Media. Derksen denkt dat Tan daar weinig plezier in had. \u201cHij gunt ons het licht in de ogen niet. Hij is heel gevoelig voor wat wij hier over hem zeggen.\u201d Derksen erkent dat hij \u2018helemaal niet positief\u2019 is over de RTL Tonight-presentator. \u201cWant het is een namaak aapje.\u201d<\/p>\n<p>            Artikel gaat verder onder video<\/p>\n<p>Genee grijpt dan in: \u201cHet aapje vind ik helemaal een beetje lastig een lastig woord in dezen.\u201d Derksen antwoordt: \u201cJa, maar dat is niet racistisch bedoeld, maar hij is namaak.\u201d Volgens Genee moet Derksen toch oppassen met die woordkeuze. \u201cDat je hem niet leuk vindt, ok\u00e9, dat kan je vinden.\u201d Vervolgens noemt Derksen hem dan maar een \u2018namaakkrokodil\u2019.<\/p>\n<p>Later in de uitzending komt Genee nog even terug op het gesprek. \u201cJij zei net \u2018het is niet racistisch bedoeld\u2019, ik weet wel dat hij daar veel mee te maken heeft Dat heeft hij gezegd toen ik hem in het verleden sprak. Hij heeft echt veel te maken met racisme, online en op allerlei manier. Ik schrok daar echt van toen ik het hoorde.\u201d<\/p>\n<p>Het verandert niets aan de wijze waarop Tan door Derksen wordt beoordeeld. \u201cWat ik het ergste aan Humberto vind \u2013 en dat zie ik in elk programma dat hij doet \u2013 is dat hij een komediant is. Jij vertelt een zielig verhaal en de tranen komen meteen. Jij vertelt iets waar je je over opwindt en hij wordt boos. Maar alles wat hij doet, is gespeeld. En dat hebben mensen door.\u201d<\/p>\n<p>Bij Vandaag Inside is dat anders, stelt Derksen. \u201cWij zijn geweldige klootzakken, maar wij zijn w\u00e9l zoals we zijn. Humberto is n\u00ed\u00e9t zoals hij is. Hij speelt inderdaad Mr. Nice Guy, maar dat \u00eds hij helemaal niet.&#8221; Als tafelgast Tina Nijkamp aangeeft dat zij Tan achter de schermen wel aardig is, geeft Derksen evenwel toe: \u201cHet is geen onaardige collega.\u201d<\/p>\n<p>                    \u27a1\ufe0f Meer uit Vandaag Inside<\/p>\n","protected":false},"excerpt":{"rendered":"Wilfred Genee vreest voor een nieuwe racismerel na de uitzending van Vandaag Inside op donderdagavond. Johan Derksen noemde&hellip;\n","protected":false},"author":2,"featured_media":61992,"comment_status":"","ping_status":"","sticky":false,"template":"","format":"standard","meta":{"footnotes":""},"categories":[25],"tags":[99,48,98,191,192,235,46,47,49,45,50,13869,15056,920,7355,285,167,234,465],"class_list":{"0":"post-61991","1":"post","2":"type-post","3":"status-publish","4":"format-standard","5":"has-post-thumbnail","7":"category-amusement","8":"tag-amusement","9":"tag-dutch","10":"tag-entertainment","11":"tag-humberto-tan","12":"tag-johan-derksen","13":"tag-laatste-voetbalnieuws","14":"tag-nederland","15":"tag-nederlanden","16":"tag-nederlands","17":"tag-netherlands","18":"tag-nl","19":"tag-ophef","20":"tag-racismerel","21":"tag-rtl-tonight","22":"tag-uitspraak","23":"tag-vandaag-inside","24":"tag-voetbal","25":"tag-voetbalnieuws","26":"tag-wilfred-genee"},"share_on_mastodon":{"url":"https:\/\/pubeurope.com\/@nl\/115587825211652353","error":""},"_links":{"self":[{"href":"https:\/\/www.europesays.com\/nl\/wp-json\/wp\/v2\/posts\/61991","targetHints":{"allow":["GET"]}}],"collection":[{"href":"https:\/\/www.europesays.com\/nl\/wp-json\/wp\/v2\/posts"}],"about":[{"href":"https:\/\/www.europesays.com\/nl\/wp-json\/wp\/v2\/types\/post"}],"author":[{"embeddable":true,"href":"https:\/\/www.europesays.com\/nl\/wp-json\/wp\/v2\/users\/2"}],"replies":[{"embeddable":true,"href":"https:\/\/www.europesays.com\/nl\/wp-json\/wp\/v2\/comments?post=61991"}],"version-history":[{"count":0,"href":"https:\/\/www.europesays.com\/nl\/wp-json\/wp\/v2\/posts\/61991\/revisions"}],"wp:featuredmedia":[{"embeddable":true,"href":"https:\/\/www.europesays.com\/nl\/wp-json\/wp\/v2\/media\/61992"}],"wp:attachment":[{"href":"https:\/\/www.europesays.com\/nl\/wp-json\/wp\/v2\/media?parent=61991"}],"wp:term":[{"taxonomy":"category","embeddable":true,"href":"https:\/\/www.europesays.com\/nl\/wp-json\/wp\/v2\/categories?post=61991"},{"taxonomy":"post_tag","embeddable":true,"href":"https:\/\/www.europesays.com\/nl\/wp-json\/wp\/v2\/tags?post=61991"}],"curies":[{"name":"wp","href":"https:\/\/api.w.org\/{rel}","templated":true}]}}