{"id":62171,"date":"2025-11-21T15:39:14","date_gmt":"2025-11-21T15:39:14","guid":{"rendered":"https:\/\/www.europesays.com\/nl\/62171\/"},"modified":"2025-11-21T15:39:14","modified_gmt":"2025-11-21T15:39:14","slug":"frenkie-de-jong-gevraagd-naar-terugkeer-bij-ajax-ik-sluit-het-niet-uit","status":"publish","type":"post","link":"https:\/\/www.europesays.com\/nl\/62171\/","title":{"rendered":"Frenkie de Jong gevraagd naar terugkeer bij Ajax: \u2018Ik sluit het niet uit\u2019"},"content":{"rendered":"<p><a class=\"article-details_article-details__section__element--authorName__j3rZA article-details_link__9uNPj\" href=\"https:\/\/www.voetbalzone.nl\/auteur\/sem-breems\/blt91a29914108dfa8b\" rel=\"nofollow noopener\" target=\"_blank\">Sem Breems<\/a>21 nov 2025, 15:27<\/p>\n<p>Laatst bijgewerkt: 21 nov 2025, 15:27<\/p>\n<p>Frenkie de Jong sluit niet uit dat hij ooit nog het shirt van Ajax zal dragen, dat vertelt de middenvelder op de clubkanalen van Ajax. De Jong mocht dinsdag zijn eigen Cruijff Court openen in Gorinchem omdat hij in 2019 talent van het jaar werd bij Ajax.\u00a0<\/p>\n<p>Er kwam veel publiek af op de feestelijke opening van het Cruijff Court van Frenkie de Jong. De middenvelder stond een verslaggever van zijn oude club Ajax te woord op een mooie dag voor de oud-Ajacied.<\/p>\n<p>\u201cDit is heel mooi, ik ben heel blij en erg trots. Dit is een speciaal moment voor mij, ik heb er lang naar uitgekeken. Ik heb heel veel meegekregen vanuit mijn vader over Cruijff. Dat is er al sinds vroeg in gekomen\u201d, vertelt De Jong op de clubkanalen van Ajax.<\/p>\n<p>De huidige speler van FC Barcelona kwam 89 keer in actie namens de hoofdmacht van Ajax. In zijn tijd bij de Amsterdammers won hij \u00e9\u00e9n keer de VriendenLoterij Eredivisie en ook \u00e9\u00e9n keer de Eurojackpot KNVB Beker.<\/p>\n<p>Hoewel De Jong goed op zijn plek zit bij Barcelona, is een terugkeer in Amsterdam op de lange termijn niet volledig uitgesloten. De creatieve middenvelder doet echter geen beloftes aan de Ajax-fans.<\/p>\n<p>\u201cDat is altijd moeilijk te beloven maar ik sluit het niet uit. Ik heb een geweldige tijd bij Ajax gehad, ik vond het hartstikke mooi. Als dat er in de toekomst nog van mag komen, zou dat heel mooi zijn, maar beloven is moeilijk in het voetbal\u201d, aldus De Jong.<\/p>\n<p>De 28-jarige technicus won als speler van Bar\u00e7a twee keer de landstitel en twee keer de Spaanse beker. Momenteel staan de Catalanen op de tweede plek in LaLiga, drie punten achter koploper Real Madrid.<\/p>\n","protected":false},"excerpt":{"rendered":"Sem Breems21 nov 2025, 15:27 Laatst bijgewerkt: 21 nov 2025, 15:27 Frenkie de Jong sluit niet uit dat&hellip;\n","protected":false},"author":2,"featured_media":62172,"comment_status":"","ping_status":"","sticky":false,"template":"","format":"standard","meta":{"footnotes":""},"categories":[21],"tags":[166,48,5685,46,47,49,45,50,92,91],"class_list":{"0":"post-62171","1":"post","2":"type-post","3":"status-publish","4":"format-standard","5":"has-post-thumbnail","7":"category-sport","8":"tag-ajax","9":"tag-dutch","10":"tag-f-de-jong","11":"tag-nederland","12":"tag-nederlanden","13":"tag-nederlands","14":"tag-netherlands","15":"tag-nl","16":"tag-sport","17":"tag-sports"},"share_on_mastodon":{"url":"https:\/\/pubeurope.com\/@nl\/115588442864325888","error":""},"_links":{"self":[{"href":"https:\/\/www.europesays.com\/nl\/wp-json\/wp\/v2\/posts\/62171","targetHints":{"allow":["GET"]}}],"collection":[{"href":"https:\/\/www.europesays.com\/nl\/wp-json\/wp\/v2\/posts"}],"about":[{"href":"https:\/\/www.europesays.com\/nl\/wp-json\/wp\/v2\/types\/post"}],"author":[{"embeddable":true,"href":"https:\/\/www.europesays.com\/nl\/wp-json\/wp\/v2\/users\/2"}],"replies":[{"embeddable":true,"href":"https:\/\/www.europesays.com\/nl\/wp-json\/wp\/v2\/comments?post=62171"}],"version-history":[{"count":0,"href":"https:\/\/www.europesays.com\/nl\/wp-json\/wp\/v2\/posts\/62171\/revisions"}],"wp:featuredmedia":[{"embeddable":true,"href":"https:\/\/www.europesays.com\/nl\/wp-json\/wp\/v2\/media\/62172"}],"wp:attachment":[{"href":"https:\/\/www.europesays.com\/nl\/wp-json\/wp\/v2\/media?parent=62171"}],"wp:term":[{"taxonomy":"category","embeddable":true,"href":"https:\/\/www.europesays.com\/nl\/wp-json\/wp\/v2\/categories?post=62171"},{"taxonomy":"post_tag","embeddable":true,"href":"https:\/\/www.europesays.com\/nl\/wp-json\/wp\/v2\/tags?post=62171"}],"curies":[{"name":"wp","href":"https:\/\/api.w.org\/{rel}","templated":true}]}}