{"id":62254,"date":"2025-11-21T17:09:11","date_gmt":"2025-11-21T17:09:11","guid":{"rendered":"https:\/\/www.europesays.com\/nl\/62254\/"},"modified":"2025-11-21T17:09:11","modified_gmt":"2025-11-21T17:09:11","slug":"niet-samen-te-werken-met-humberto","status":"publish","type":"post","link":"https:\/\/www.europesays.com\/nl\/62254\/","title":{"rendered":"\u2018Niet samen te werken met Humberto\u2019"},"content":{"rendered":"<p>Marco Louwerens, bekend als het \u2018directeurtje\u2019 van tv-hit Vandaag Inside, stelt dat er \u2018niet met Humberto Tan te werken is\u2019. \u201cDie heeft het zo hoog in zijn bol\u201d, aldus de bekende televisiebobo.<\/p>\n<p>        Door onze entertainmentredactie<\/p>\n<p>        <img fetchpriority=\"high\" decoding=\"async\" width=\"1280\" height=\"720\" src=\"https:\/\/www.europesays.com\/nl\/wp-content\/uploads\/2025\/11\/1121-Humberto-Marco.jpg\" class=\"attachment-post-thumbnail size-post-thumbnail wp-post-image\" alt=\"Humberto Tan en Marco Louwerens\"  \/>        \u00a9 RTL    <\/p>\n<p>Je kunt het je nu bijna niet meer voorstellen, maar er was een tijd dat Humberto Tan d\u00e9 gevierde talkshowhost van ons land was. Toeval of niet: het tij keerde toen de presentator werd betrapt op een affaire met Dionne Stax. Of, <a href=\"https:\/\/www.mediacourant.nl\/2018\/06\/bizarre-tv-peter-r-de-vries-roast-humberto-tan-keihard\/\" rel=\"nofollow noopener\" target=\"_blank\">zoals Peter R. de Vries het noemde<\/a>: \u201cJe zat een paar keer per week in de opening van het NOS Journaal.\u201d Oef\u2026<\/p>\n<p>Beste host ooit<\/p>\n<p>Ren\u00e9 van der Gijp vindt het nog altijd gek dat Humberto opeens zo bergafwaarts ging. \u201cHumberto Tan is net als Paul de Leeuw. Daar kun je niet de vinger op leggen. Ik weet nog in de tijd dat hij die jongens van de Bataclan interviewde en dat Matthijs hem toen bijna aankondigde in DWDD als de beste talkshowhost aller tijden, ja, nog beter als Willem Duys.\u201d<\/p>\n<p>Hij vervolgt aan tafel bij <a href=\"https:\/\/www.kijk.nl\/programmas\/vandaag-inside\" rel=\"nofollow noopener\" target=\"_blank\">Vandaag Inside<\/a>: \u201cIk heb altijd tegen jou gezegd: ik heb nooit het idee gehad dat het anders is geworden. Hij deed niet anders toen hij 1,4 miljoen kijkers had dan toen hij er 400 duizend had. Het was altijd feelgood-tv.\u201d<\/p>\n<p>Gevalletje Dionne<\/p>\n<p>Het is in \u00e9\u00e9n klap allemaal veranderd, aldus Ren\u00e9. \u201cToen kwam het gevalletje Dionne Stax tussendoor en hij speelde altijd de huisman en de ideale huisvader. Op een gegeven moment begon opeens iedereen hem ongeloofwaardig te vinden. Wat Johan nu vindt, begonnen er meer te vinden.\u201d<\/p>\n<p>Tv-autoriteit Tina Nijkamp denkt dat het toeval is dat de Stax-affaire en zijn dalende populariteit samenvielen. \u201cIk denk: wat er mis is gegaan, is dat die talkshow z\u00f3\u2019n groot succes was, dat hij een redactionele vrijheid had en er meer sport en muziek in wilde, want dat vindt hij heel belangrijk.\u201d<\/p>\n<p>Sport en muziek<\/p>\n<p>Zijn programma veranderde toen enorm, aldus Tina. \u201cToen zag ik dat programma veranderen in een sport- en muziekshow, en iedereen zei: \u2018Het komt door die affaire met Dionne Stax\u2019, maar dat is helemaal niet waar. Wat kan de mensen thuis dat schelen?\u201d<\/p>\n<p>Tv-snor Johan Derksen: \u201cHet ergste van Humberto is dat het een komediant is. Ik hoorde wel van de baasjes bij RTL dat toen hij goede cijfers had, hij haast zijn schoenen is gaan lopen. Toen dacht hij dat hij Onze Lieve Heer was en toen ging hij inderdaad de inhoud bepalen.\u201d<\/p>\n<p>\u2018Niet mee te werken\u2019<\/p>\n<p>Ren\u00e9 bevestigt die lezing. \u201cJa, dat is het verhaal. Marco heeft ook nog een half jaar erop gezeten.\u201d<\/p>\n<p>Het gaat hier om tv-bobo Marco Louwerens, bekend als het \u2018directeurtje\u2019 van VI. Johan: \u201cJa, als toezichthouder, maar hij zegt: \u2018Met die man is niet te werken. Die heeft het zo hoog in zijn bol.\u2019\u201d<\/p>\n<p>Tina besluit: \u201cJa, door die goede kijkcijfers heeft hij te veel redactionele vrijheid gekregen en dat is waar hij juist voor moeten waken. Hij heeft er blijkbaar geen goede antenne voor wat een goede line-up is.\u201d<\/p>\n","protected":false},"excerpt":{"rendered":"Marco Louwerens, bekend als het \u2018directeurtje\u2019 van tv-hit Vandaag Inside, stelt dat er \u2018niet met Humberto Tan te&hellip;\n","protected":false},"author":2,"featured_media":62255,"comment_status":"","ping_status":"","sticky":false,"template":"","format":"standard","meta":{"footnotes":""},"categories":[31],"tags":[99,147,48,98,46,47,49,45,50],"class_list":{"0":"post-62254","1":"post","2":"type-post","3":"status-publish","4":"format-standard","5":"has-post-thumbnail","7":"category-celebrities","8":"tag-amusement","9":"tag-celebrities","10":"tag-dutch","11":"tag-entertainment","12":"tag-nederland","13":"tag-nederlanden","14":"tag-nederlands","15":"tag-netherlands","16":"tag-nl"},"share_on_mastodon":{"url":"https:\/\/pubeurope.com\/@nl\/115588796653729522","error":""},"_links":{"self":[{"href":"https:\/\/www.europesays.com\/nl\/wp-json\/wp\/v2\/posts\/62254","targetHints":{"allow":["GET"]}}],"collection":[{"href":"https:\/\/www.europesays.com\/nl\/wp-json\/wp\/v2\/posts"}],"about":[{"href":"https:\/\/www.europesays.com\/nl\/wp-json\/wp\/v2\/types\/post"}],"author":[{"embeddable":true,"href":"https:\/\/www.europesays.com\/nl\/wp-json\/wp\/v2\/users\/2"}],"replies":[{"embeddable":true,"href":"https:\/\/www.europesays.com\/nl\/wp-json\/wp\/v2\/comments?post=62254"}],"version-history":[{"count":0,"href":"https:\/\/www.europesays.com\/nl\/wp-json\/wp\/v2\/posts\/62254\/revisions"}],"wp:featuredmedia":[{"embeddable":true,"href":"https:\/\/www.europesays.com\/nl\/wp-json\/wp\/v2\/media\/62255"}],"wp:attachment":[{"href":"https:\/\/www.europesays.com\/nl\/wp-json\/wp\/v2\/media?parent=62254"}],"wp:term":[{"taxonomy":"category","embeddable":true,"href":"https:\/\/www.europesays.com\/nl\/wp-json\/wp\/v2\/categories?post=62254"},{"taxonomy":"post_tag","embeddable":true,"href":"https:\/\/www.europesays.com\/nl\/wp-json\/wp\/v2\/tags?post=62254"}],"curies":[{"name":"wp","href":"https:\/\/api.w.org\/{rel}","templated":true}]}}