{"id":62402,"date":"2025-11-21T19:37:09","date_gmt":"2025-11-21T19:37:09","guid":{"rendered":"https:\/\/www.europesays.com\/nl\/62402\/"},"modified":"2025-11-21T19:37:09","modified_gmt":"2025-11-21T19:37:09","slug":"zinho-vanheusden-moet-al-op-26-jarige-leeftijd-stoppen-als-voetballer","status":"publish","type":"post","link":"https:\/\/www.europesays.com\/nl\/62402\/","title":{"rendered":"Zinho Vanheusden moet al op 26-jarige leeftijd stoppen als voetballer"},"content":{"rendered":"<p>                            &#8221; href=&#8221;https:\/\/www.fcupdate.nl\/voetballers\/zinho-vanheusden&#8221;&gt;Zinho\u00a0Vanheusden heeft besloten zijn voetbalcarri\u00e8re per direct te be\u00ebindigen. De pas 26-jarige centrale verdediger, die in Nederland \u00e9\u00e9n seizoen voor AZ uitkwam op huurbasis \u2013 stopt na opnieuw een zware blessure, de zoveelste in zijn nog jonge loopbaan.<\/p>\n<p>Vanheusden gold jarenlang als \u00e9\u00e9n van de grootste Belgische verdedigingstalenten. Hij brak door bij Standard Luik en verdiende al op jonge leeftijd een transfer naar Internazionale. De Italianen verhuurden hem vervolgens aan meerdere clubs: Genoa, AZ, Standard Luik en KV Mechelen. Sinds afgelopen zomer staat hij onder contract bij de Spaanse derdeklasser Marbella FC en vorige week scheurde hij voor de tweede keer de kruisband van zijn linkerknie.<\/p>\n<p>            Artikel gaat verder onder video<\/p>\n<p>Het is een bekend patroon voor Vanheusden. Waar hij ook speelde, staken blessurezorgen steeds de kop op. In zijn seizoen bij AZ stond hij door drie blessureperiodes maar liefst 26 wedstrijden aan de kant. Hij kwam slechts tot acht wedstrijden voor de Alkmaarders. Vanheusden, die in 2020 zijn enige interland speelde voor Belgi\u00eb, hangt nu definitief zijn voetbalschoenen aan de wilgen. Op Instagram wijdt hij een lang bericht aan het besluit.<\/p>\n<p>                                                                                                                                            &#8216;Nooit gedacht deze beslissing te nemen&#8217;<\/p>\n<p>&#8220;Vandaag neem ik een beslissing waarvan ik nooit dacht dat ik ze op deze leeftijd zou moeten nemen. Na 22 jaar voetbal \u2014 van mijn vierde tot nu \u2014 stopt mijn leven als profvoetballer&#8221;, schrijft de verdediger. &#8220;Voetbal heeft mij gemaakt tot wie ik vandaag ben. Het gaf me een leven waar ik als kind niet eens van durfde dromen. Van jarenlang als kind met mijn papa op Sclessin supporteren voor mijn favoriete club, om er dan zelf honderd wedstrijden voor te spelen, om te scoren voor de Ultras en zelfs de eer krijgen om hier kapitein te zijn. Daar stopte het niet&#8230; Ik kreeg de kans om mijn debuut te maken bij de nationale ploeg en om te spelen in de Serie A. Allemaal dingen die onwerkelijk leken toen ik begon.&#8221;<\/p>\n<p>&#8220;Naast al dat moois, waren de laatste jaren zwaar. Veel zwaarder dan ik ooit liet blijken. Blessures, operaties, injecties, medicaties&#8230;&#8221;, somt hij op. &#8220;Ik heb telkens alles gegeven om terug te keren, maar elke keer werd het moeilijker. Ik zocht constant naar mijn niveau, speelde te vaak door pijn en leefde na elke training of wedstrijd in onzekerheid over hoe mijn lichaam de volgende dag zou reageren. Ik bleef vechten om de speler te zijn die ik wilde zijn, maar telkens kwam er een nieuw gevecht.&#8221;<\/p>\n<p>De Belg zegt dat hij in zijn hart altijd voetballer zou willen blijven. &#8220;Maar mijn lichaam zegt al een tijdje dat het genoeg is geweest. En daarom neem ik \u2014 uit respect voor mezelf, voor mijn gezondheid en voor mijn verantwoordelijkheid als vader \u2014 deze beslissing. Hoe onwerkelijk het ook voelt als ik dit schrijf. Maar ik wil in mijn leven nog zonder pijn kunnen stappen, kunnen spelen met mijn zoon en genieten van het leven met mijn familie\u2026 Ik weet niet hoe het zal zijn om zonder voetbal op te staan, maar dat ga ik nu ontdekken.&#8221;<\/p>\n<p>                                                                                                                                            Speciaal dankwoord voor Standard Luik<\/p>\n<p>Van Heusden spreekt daarna een dankwoord uit. &#8220;Aan alle clubs, coaches en mensen die altijd in mij geloofd hebben. Aan al mijn ploeggenoten en vrienden die ik in het voetbal gemaakt heb. Aan alle kinesisten en dokters die me door alles hebben geholpen. Aan journalisten, analisten en iedereen rondom het voetbal. Aan mijn familie, mijn vrouw en mijn zoon, Aan iedereen die mij onvoorwaardelijk zijn blijven steunen \u2014 in goede en in moeilijke momenten. Zonder jullie was me dit nooit gelukt. En aan alle supporters die mij door de jaren heen hebben aangemoedigd: jullie warmte vergeet ik nooit.&#8221;<\/p>\n<p>&#8220;Voor de supporters van Standard wil ik nog iets extra zeggen: bedankt voor de manier waarop jullie mij in jullie hart hebben gesloten. Ik heb me altijd een deel van jullie gevoeld en mijn rood hart zit voor altijd vol met liefde voor Standard. Ook al had ik heel graag nog voor jullie gestaan, zie ik jullie zeker nog terug op de tribune om samen te supporteren&#8221;, aldus Vanheusden. &#8220;Voetbal stopt voor mij als speler, maar zal altijd blijven voortleven in mijn hart. Het blijft voor altijd een deel van wie ik ben en zal worden. Dank jullie wel voor deze 22 jaar. Met verdriet, maar vooral met veel trots, kijk ik terug op wat ik heb mogen beleven.&#8221;<\/p>\n","protected":false},"excerpt":{"rendered":"&#8221; href=&#8221;https:\/\/www.fcupdate.nl\/voetballers\/zinho-vanheusden&#8221;&gt;Zinho\u00a0Vanheusden heeft besloten zijn voetbalcarri\u00e8re per direct te be\u00ebindigen. De pas 26-jarige centrale verdediger, die in Nederland&hellip;\n","protected":false},"author":2,"featured_media":62403,"comment_status":"","ping_status":"","sticky":false,"template":"","format":"standard","meta":{"footnotes":""},"categories":[21],"tags":[168,15123,230,15122,48,8197,15125,235,15121,46,47,49,45,50,92,91,15124,167,234,15120],"class_list":{"0":"post-62402","1":"post","2":"type-post","3":"status-publish","4":"format-standard","5":"has-post-thumbnail","7":"category-sport","8":"tag-az","9":"tag-belgische-verdediger","10":"tag-blessure","11":"tag-carriere-beeindigen","12":"tag-dutch","13":"tag-internazionale","14":"tag-kv-mechelen","15":"tag-laatste-voetbalnieuws","16":"tag-marbella-fc","17":"tag-nederland","18":"tag-nederlanden","19":"tag-nederlands","20":"tag-netherlands","21":"tag-nl","22":"tag-sport","23":"tag-sports","24":"tag-standard-luik","25":"tag-voetbal","26":"tag-voetbalnieuws","27":"tag-zinho-vanheusden"},"share_on_mastodon":{"url":"https:\/\/pubeurope.com\/@nl\/115589378420563595","error":""},"_links":{"self":[{"href":"https:\/\/www.europesays.com\/nl\/wp-json\/wp\/v2\/posts\/62402","targetHints":{"allow":["GET"]}}],"collection":[{"href":"https:\/\/www.europesays.com\/nl\/wp-json\/wp\/v2\/posts"}],"about":[{"href":"https:\/\/www.europesays.com\/nl\/wp-json\/wp\/v2\/types\/post"}],"author":[{"embeddable":true,"href":"https:\/\/www.europesays.com\/nl\/wp-json\/wp\/v2\/users\/2"}],"replies":[{"embeddable":true,"href":"https:\/\/www.europesays.com\/nl\/wp-json\/wp\/v2\/comments?post=62402"}],"version-history":[{"count":0,"href":"https:\/\/www.europesays.com\/nl\/wp-json\/wp\/v2\/posts\/62402\/revisions"}],"wp:featuredmedia":[{"embeddable":true,"href":"https:\/\/www.europesays.com\/nl\/wp-json\/wp\/v2\/media\/62403"}],"wp:attachment":[{"href":"https:\/\/www.europesays.com\/nl\/wp-json\/wp\/v2\/media?parent=62402"}],"wp:term":[{"taxonomy":"category","embeddable":true,"href":"https:\/\/www.europesays.com\/nl\/wp-json\/wp\/v2\/categories?post=62402"},{"taxonomy":"post_tag","embeddable":true,"href":"https:\/\/www.europesays.com\/nl\/wp-json\/wp\/v2\/tags?post=62402"}],"curies":[{"name":"wp","href":"https:\/\/api.w.org\/{rel}","templated":true}]}}