{"id":62450,"date":"2025-11-21T20:23:12","date_gmt":"2025-11-21T20:23:12","guid":{"rendered":"https:\/\/www.europesays.com\/nl\/62450\/"},"modified":"2025-11-21T20:23:12","modified_gmt":"2025-11-21T20:23:12","slug":"inval-bij-transportbedrijf-in-eindhoven-politie-bewaakt-pand-hele-nacht-fotos","status":"publish","type":"post","link":"https:\/\/www.europesays.com\/nl\/62450\/","title":{"rendered":"Inval bij transportbedrijf in Eindhoven: politie bewaakt pand hele nacht [+foto\u2019s]"},"content":{"rendered":"<p>EINDHOVEN \u2013 Bij transportbedrijf G\u00fcn G\u00fclen (G\u00fclen Transport Service), dat op 11 november failliet werd verklaard, heeft de politie donderdag aan het einde van de middag een inval gedaan.<\/p>\n<p>Het pand werd vervolgens de hele nacht bewaakt door een speciaal bewapend team van de politie. Voor de deur staan twee gepantserde voertuigen opgesteld.<\/p>\n<p>Op vrijdagochtend is het onderzoek in het pand voortgezet. Daarbij kwamen in de loop van de ochtend steeds meer agenten ter plaatse om het terrein en het gebouw te doorzoeken.<\/p>\n<p><a href=\"https:\/\/www.europesays.com\/nl\/wp-content\/uploads\/2025\/11\/Inval-Gul-Gulen-01.jpg\"><img fetchpriority=\"high\" decoding=\"async\" class=\"size-full wp-image-106951\" src=\"https:\/\/www.europesays.com\/nl\/wp-content\/uploads\/2025\/11\/Inval-Gul-Gulen-01.jpg\" alt=\"\" width=\"1200\" height=\"800\"  \/><\/a>Foto: SQVision<\/p>\n<p>Over de aanleiding van de inval en de aard van het onderzoek doet de politie op dit moment nog geen verdere mededelingen.<\/p>\n<p>Op foto\u2019s is te zien dat er een busje van SEON ter plaatse is op het terrein. SEON staat voor Service En Ondersteuning Nederland en is een 24-uurs logistieke- en faciliterende calamiteitendienst met bouwkundige expertise. Zij ontzorgen al meer dan 30 jaar tal van overheidsdiensten door onder andere zorg te dragen voor logistieke- en facilitaire ondersteuning bij de ontmanteling van drugslabs is op hun website te lezen.<\/p>\n<p><a href=\"https:\/\/www.europesays.com\/nl\/wp-content\/uploads\/2025\/11\/Inval-Gul-Gulen-03.jpg\"><img loading=\"lazy\" decoding=\"async\" class=\"size-full wp-image-106953\" src=\"https:\/\/www.europesays.com\/nl\/wp-content\/uploads\/2025\/11\/Inval-Gul-Gulen-03.jpg\" alt=\"\" width=\"1200\" height=\"800\"  \/><\/a>Foto: SQVision<\/p>\n<p>Zwaar bewapende agenten staan aan het eind van de vrijdagochtend nog altijd voor het pand. De politie wil helemaal niets kwijt over de inval.<\/p>\n<p>Wel valt op dat alle diensten die aanwezig zijn vaak worden opgetrommeld na de vondst van een drugslab. Zoals SEON, LFO, NFI, BE, enzovoorts.<\/p>\n<p><a href=\"https:\/\/www.europesays.com\/nl\/wp-content\/uploads\/2025\/11\/Inval-Gul-Gulen-04.jpg\"><img loading=\"lazy\" decoding=\"async\" class=\"size-full wp-image-106980\" src=\"https:\/\/www.europesays.com\/nl\/wp-content\/uploads\/2025\/11\/Inval-Gul-Gulen-04.jpg\" alt=\"\" width=\"1200\" height=\"800\"  \/><\/a>Foto: SQVision<\/p>\n<p>Voor de loods staat ondertussen een grote vrachtwagen waar grote blauwe kratten worden ingeladen.<\/p>\n<p>G\u00fcn G\u00fclen Transport, oftewel G\u00fclen Transport Service, is een eenmanszaak en op 11 november 2025 failliet verklaard door de rechter. Het bedrijf is opgericht in 2016. Volgens de eigen <a href=\"https:\/\/gulen.aebit.nl\/\" target=\"_blank\" rel=\"noopener nofollow\">bedrijfswebsite<\/a> is het transportbedrijf actief in nationaal en internationaal transport en heeft vijftien vrachtwagens en jarenlange ervaring in het transport.<\/p>\n","protected":false},"excerpt":{"rendered":"EINDHOVEN \u2013 Bij transportbedrijf G\u00fcn G\u00fclen (G\u00fclen Transport Service), dat op 11 november failliet werd verklaard, heeft de&hellip;\n","protected":false},"author":2,"featured_media":62451,"comment_status":"","ping_status":"","sticky":false,"template":"","format":"standard","meta":{"footnotes":""},"categories":[12],"tags":[39,40,48,43,44,34,35,41,42,46,47,49,45,32,33,50,36,37,38],"class_list":{"0":"post-62450","1":"post","2":"type-post","3":"status-publish","4":"format-standard","5":"has-post-thumbnail","7":"category-nederland","8":"tag-breaking-news","9":"tag-breakingnews","10":"tag-dutch","11":"tag-featured-news","12":"tag-featurednews","13":"tag-headlines","14":"tag-hoofdpunten","15":"tag-latest-news","16":"tag-latestnews","17":"tag-nederland","18":"tag-nederlanden","19":"tag-nederlands","20":"tag-netherlands","21":"tag-news","22":"tag-nieuws","23":"tag-nl","24":"tag-top-stories","25":"tag-topstories","26":"tag-voorpaginanieuws"},"share_on_mastodon":{"url":"https:\/\/pubeurope.com\/@nl\/115589559568248149","error":""},"_links":{"self":[{"href":"https:\/\/www.europesays.com\/nl\/wp-json\/wp\/v2\/posts\/62450","targetHints":{"allow":["GET"]}}],"collection":[{"href":"https:\/\/www.europesays.com\/nl\/wp-json\/wp\/v2\/posts"}],"about":[{"href":"https:\/\/www.europesays.com\/nl\/wp-json\/wp\/v2\/types\/post"}],"author":[{"embeddable":true,"href":"https:\/\/www.europesays.com\/nl\/wp-json\/wp\/v2\/users\/2"}],"replies":[{"embeddable":true,"href":"https:\/\/www.europesays.com\/nl\/wp-json\/wp\/v2\/comments?post=62450"}],"version-history":[{"count":0,"href":"https:\/\/www.europesays.com\/nl\/wp-json\/wp\/v2\/posts\/62450\/revisions"}],"wp:featuredmedia":[{"embeddable":true,"href":"https:\/\/www.europesays.com\/nl\/wp-json\/wp\/v2\/media\/62451"}],"wp:attachment":[{"href":"https:\/\/www.europesays.com\/nl\/wp-json\/wp\/v2\/media?parent=62450"}],"wp:term":[{"taxonomy":"category","embeddable":true,"href":"https:\/\/www.europesays.com\/nl\/wp-json\/wp\/v2\/categories?post=62450"},{"taxonomy":"post_tag","embeddable":true,"href":"https:\/\/www.europesays.com\/nl\/wp-json\/wp\/v2\/tags?post=62450"}],"curies":[{"name":"wp","href":"https:\/\/api.w.org\/{rel}","templated":true}]}}