{"id":62516,"date":"2025-11-21T21:46:15","date_gmt":"2025-11-21T21:46:15","guid":{"rendered":"https:\/\/www.europesays.com\/nl\/62516\/"},"modified":"2025-11-21T21:46:15","modified_gmt":"2025-11-21T21:46:15","slug":"nrc-gate-macht-zit-niet-alleen-in-politiek-of-tech-maar-ook-op-een-haringpac-joop","status":"publish","type":"post","link":"https:\/\/www.europesays.com\/nl\/62516\/","title":{"rendered":"NRC-gate, macht zit niet alleen in politiek of tech, maar ook op een HaringPAC &#8211; Joop"},"content":{"rendered":"<p>\u00a0 \u2022 \u00a0<\/p>\n<p>Vandaag<\/p>\n<p>\u00a0 \u2022 \u00a0<\/p>\n<p>leestijd 8 minuten<\/p>\n<p>\u00a0 \u2022 \u00a0<\/p>\n<p>1313 keer bekeken<\/p>\n<p>\u00a0 \u2022 \u00a0<\/p>\n<p>bewaren<\/p>\n<p><a role=\"link\" tabindex=\"0\" aria-label=\"Profiel van Elianne van Turennout\" class=\"\" href=\"https:\/\/www.bnnvara.nl\/joop\/personen\/T\/elianne-turennout\" rel=\"nofollow noopener\" target=\"_blank\"><img decoding=\"async\" src=\"https:\/\/www.europesays.com\/nl\/wp-content\/uploads\/2025\/10\/dsc0336-kopie-kopie.jpg\" alt=\"_DSC0336 kopie - kopie\" title=\"Avatar van Elianne van Turennout\" aria-label=\"Avatar van Elianne van Turennout\" class=\"sc-79650bab-0 bXzzmG\"\/><\/a><img decoding=\"async\" src=\"https:\/\/www.europesays.com\/nl\/wp-content\/uploads\/2025\/11\/anp-542090373.jpg\" loading=\"lazy\" alt=\"ANP-542090373\"  class=\"sc-31a2e9c5-0 kiynKR\"\/><\/p>\n<p><a class=\"\" href=\"https:\/\/nos.nl\/artikel\/2591205-brandbrief-media-techgiganten-bedreigen-democratie-in-nederland\" rel=\"nofollow noopener\" target=\"_blank\">Nederlandse media waarschuwen<\/a> dat techreuzen het nieuws en de democratie ondermijnen, en vragen de politiek om strengere regels en \u00e9\u00e9n minister voor media en technologie. Na NRC-gate leek dit positief nieuws, totdat ik de <a class=\"\" href=\"https:\/\/npo.nl\/start\/serie\/eva\/afleveringen\/seizoen-2\/eva_212\/afspelen\" rel=\"nofollow noopener\" target=\"_blank\">hoofdredacteur van NRC bij Eva Jinek zag zitten<\/a> \u2014 zonder enige zelfreflectie in verband met hoe haar eigen redactie zich heeft laten gebruiken door de economische elite.<\/p>\n<p>Eerst had ze vooral een verhaal over copyright en daarna kwam pas het onderwerp desinformatie, wat ik erg opvallend vond. Alsof intellectueel eigendom prioriteit had boven correcte informatie. Kunstmatige intelligentie zou bijdragen aan een verwaterd contact met de lezer, doordat ze niet meer weten wat echt is. Ze was dus op de achtergrond al lang bezig om te pleiten voor een Ministerie van Technologie en Informatie, terwijl Hugo Logtenberg zijn eigen feiten niet op orde had.<\/p>\n<p>Geloof me, als fotograaf en fotomanipulatie-artiest heb ik genoeg last van AI en toch vond ik de hele setting nog surrealistischer dan mijn eigen werken. Graag had ik dit hoofdstuk willen afsluiten, maar ik voel de plicht om hier verder over te schrijven, omdat men er geen donder van lijkt te leren. Want je wil niet dat een kunstmatig taalmodel leugens verkondigt, terwijl jouw onderzoeksjournalist zijn feiten niet op orde heeft \u2014 wat de geloofwaardigheid van een goed initiatief zoals die brandbrief direct onderuit schopt.<\/p>\n<p>Ik zal heel eerlijk zijn. Nu ik zie dat mijn stuk <a class=\"\" href=\"https:\/\/www.bnnvara.nl\/joop\/artikelen\/het-echte-nieuws-achter-nrc-gate\" rel=\"nofollow noopener\" target=\"_blank\">over NRC-gate over de 50.000 clicks heeft<\/a>, kickt het imposter syndroom enorm in. Blijkbaar was ik niet de enige die voelde dat NRC zijn taak als journalistieke waakhond verzaakte. Natuurlijk kreeg ik veel lof, maar ook een aantal kritieken, wat erbij hoort en zeer leerzaam is voor een volgende keer. Waar ik daadwerkelijk leerzame reacties in de mail en op sociale media kreeg, lijkt het net alsof NRC totaal niets wil leren.<\/p>\n<p>Naast een divers profiel met boeiende verhalen, heeft hij een boek geschreven over <a class=\"\" href=\"https:\/\/www.parool.nl\/nieuws\/cohen-en-welten-hadden-vijf-jaar-ruzie~b687df8f5\/\" rel=\"nofollow noopener\" target=\"_blank\">Job Cohen<\/a> en eentje over <a class=\"\" href=\"https:\/\/www.villamedia.nl\/artikel\/hugo-logtenberg-wint-nico-scheepmaker-beker-2018\" rel=\"nofollow noopener\" target=\"_blank\">Louis van Gaal<\/a>. Iets wat een goede biograaf ook kan, maar ik heb respect dat iemand zoveel tijd en aandacht vrijmaakt om een persoon te leren kennen en op te schrijven.<\/p>\n<p>Daarom vind ik het belangrijk om nog eens te benadrukken dat mijn kritiek n\u00edet uit dedain komt, maar juist uit waardering voor wat hoogwaardige journalistiek zou moeten zijn: hoor en wederhoor, transparantie, duidelijkheid over bronnen, proportionaliteit in verslaggeving, en het vermogen om macht te onderzoeken in plaats van ophef te reproduceren. Juist omdat NRC zichzelf positioneert als wachter van de democratische informatiehuishouding, doet het extra pijn wanneer ze hun eigen norm niet halen.<\/p>\n<p>Goede info is goud waard<br \/>In mijn stukken over <a class=\"\" href=\"https:\/\/www.bnnvara.nl\/joop\/artikelen\/stem-voor-stabiliteit-of-voor-de-1\" rel=\"nofollow noopener\" target=\"_blank\">Stem voor Stabiliteit<\/a>, het <a class=\"\" href=\"https:\/\/www.bnnvara.nl\/joop\/artikelen\/hoe-de-rijke-lui-de-democratie-met-alle-liefde-stabiel-maken-voor-henzelf-niet-voor-ons\" rel=\"nofollow noopener\" target=\"_blank\">vervolg van die actie<\/a> en wat naar mijn idee het echte nieuws achter NRC-gate was, hoop ik ook uit te stralen, dat ik goede informatievoorziening belangrijk vind. Dat is waarom ik mezelf ook nooit journalist heb genoemd \u2014 ondanks dat ik misschien technisch aan de eisen zou voldoen.<\/p>\n<p>Ook ben ik geen onderzoeker. Wel heb ik alle feiten op een rijtje gezet en gekeken naar wat dit mogelijk kan betekenen, en dat baarde mij zorgen. Ik zoek naar meerdere bronnen, wat je als hoor en wederhoor zou kunnen zien, maar ik sta zelf nog niet zoveel op straat te interviewen zoals ik zou willen.<\/p>\n<p>Het kind wordt echt niet met het badwater weggegooid<br \/>Twee van die bronnen bevestigden niet eens het verhaal, dat Wijers gezegd zou hebben dat Dilan een leugenaar was. Het filmpje en het appje hebben we nog steeds niet gezien, maar ik ben geen \u2018fake-newsroeper&#8217;. Goede journalistiek vind ik juist belangrijk en helemaal als daarin daadwerkelijk macht bevraagd zou worden.<\/p>\n<p>Dat was ook het punt van mijn twee stukken, eigenlijk drie in totaal: \u2018je hebt allemaal rijke lui, die met hun campagne invloed willen uitoefenen op de politiek, en je begint over mild seksisme in een priv\u00e9-appje?&#8217; In totaal publiceerde NRC 4 minuten leestijd over het <a class=\"\" href=\"https:\/\/www.nrc.nl\/nieuws\/2025\/07\/11\/een-club-van-ondernemers-gaat-campagne-voeren-voor-een-kabinet-van-vvd-cda-en-d66-dus-zonder-pvv-of-groenlinks-pvda-a4900031\" rel=\"nofollow noopener\" target=\"_blank\">&#8216;HaringPAC&#8217; van Sijthoff<\/a>, dat ook een zeer goed stuk is van Guus Valk.<\/p>\n<p>Ook Tom-Jan Meeus zat helemaal raak i.v.m. <a class=\"\" href=\"https:\/\/www.nrc.nl\/nieuws\/2023\/10\/29\/omtzigts-dubbelzinnigheid-over-de-familiebedrijvenlobby-a4178818\" rel=\"nofollow noopener\" target=\"_blank\">Omtzigt zijn dubbelezinnige relatie<\/a> met lobbyende familiebedrijven. Vreemd genoeg iets waar andere kranten niet over schrijven, wat dus een groot compliment is naar Valk en Meeus. Er is een kritische column van <a class=\"\" href=\"https:\/\/marketingreport.nl\/reclame-industrie-gaat-zich-met-politiek-bemoeien-vreemd\/\" rel=\"nofollow noopener\" target=\"_blank\">Marketing Report<\/a> te vinden i.v.m. het \u2018HaringPAC\u2019, maar juist NOS heeft dit verhaal laten liggen.<\/p>\n<p>Waarom het standpunt van de redactie rondom Wijers zo uit de toon viel: juist omdat Guus Valk en Tom-Jan Meeus w\u00e9l lieten zien dat je de \u00e9chte macht kunt onderzoeken \u2014 de onzichtbare invloed, de informele borrels, de geldstromen en lobby\u2019s \u2014 wordt de focus op een losse opmerking in een priv\u00e9bericht alleen maar merkwaardiger.<\/p>\n<p>Er zijn gewoon opmerkelijke keuzes gemaakt<br \/>Het voelt alsof het systeem buiten beeld blijft en de anekdote wordt uitvergroot. Dat is niet alleen een framingkeuze, maar een politieke keuze. Dit triggerde iets\u00a0 waardoor ik uit ging pluizen wat de bekende bronnen van Logtenberg allemaal deden, met mogelijke motieven, die kunnen leiden tot nader onderzoek. Dat betekent niet dat dit de hoofdredenen zijn om GL-PvdA buiten een coalitie te houden, maar het kan op zijn minst meespelen.<\/p>\n<p>Juist vanwege het stuk van Valk vind ik ook de journalistieke en redactionele keuzes van Logtenberg en consorten nog opmerkelijker. Over de situatie rondom Wijers zijn <a class=\"\" href=\"https:\/\/reportersonline.nl\/wp-content\/uploads\/2025\/11\/De-feeks-de-heks-en-het-lek-bronnen.pdf\" rel=\"nofollow noopener\" target=\"_blank\">7 artikelen van NRC te vinden<\/a>, waar niet de rol van Sijthoff of andere invloedrijke personen op die borrels naar voren kwam.<\/p>\n<p>Wat krijgt de aandacht?<br \/>Dit alles roept de vraag op: welke verhalen krijgen ruimte &#8211; en waarom? Dit gaat niet alleen over \u00e9\u00e9n informateur of \u00e9\u00e9n journalist, maar over agenda-setting. Als geweld tegen een lokaal politicus, misbruik van politiebevoegdheden, en het afzwakken van een cruciale anti-wegkijkwet minder aandacht krijgen dan borrelpraat tussen twee machtige mannen, dan is dat geen toevalligheid meer, maar een patroon. Een verschuiving van machtsjournalistiek naar reljournalistiek.<\/p>\n<p>Ook was er niets te vinden over een recent onderzoek van Investico, waar de politie niet wil ophelderen <a class=\"\" href=\"https:\/\/www.platform-investico.nl\/onderzoeken\/politie-weigert-uitleg-na-350-keer-opvragen-persoonsgegevens-demonstrant\" rel=\"nofollow noopener\" target=\"_blank\">waarom ze 350 keer de persoonsgegevens<\/a> van een demonstrant opvroegen. <a class=\"\" href=\"https:\/\/www.google.com\/url?sa=t&amp;source=web&amp;rct=j&amp;opi=89978449&amp;url=https:\/\/www.trouw.nl\/binnenland\/politie-vroeg-350-keer-gegevens-op-van-een-demonstrant-ombudsman-kritisch~bfb1d7cc\/&amp;ved=2ahUKEwiA3qWTj_-QAxUnhP0HHbmxA3kQFnoECFAQAQ&amp;usg=AOvVaw209WahkJFej6jpCZbAoqtn\" rel=\"nofollow noopener\" target=\"_blank\">Trouw<\/a>, <a class=\"\" href=\"https:\/\/www.ftm.nl\/artikelen\/onderzoek-ombudsman-naar-politie-burgergegevens\" rel=\"nofollow noopener\" target=\"_blank\">Follow the Money<\/a> en <a class=\"\" href=\"https:\/\/www.groene.nl\/artikel\/politie-negeert-klacht-over-massale-datavraag-klimaatdemonstrant\" rel=\"nofollow noopener\" target=\"_blank\">De Groene<\/a> hebben hier wel verslag gedaan. In het stuk van de Hoofdredactie van NRC stond: \u2018Het controleren van de macht is onze taak, wie die macht ook in handen heeft.\u2019<\/p>\n<p>De politie misbruikt die macht, en ze geven niet thuis. Luchtvaartlobbyisten doen letterlijk aan terrorisme, en daar geeft de krant geen aandacht aan? Wijersgate dat door eigen toedoen veranderde in NRC-gate, kreeg 17 minuten aan leestijdtekst in totaal.<\/p>\n<p>En dat is misschien nog wel het meest teleurstellend: niet dat een artikel mislukte of het optreden bij Eva Jinek, maar dat een redactie die zegt macht te willen controleren, structureel lijkt weg te kijken van de macht die het hardst gecontroleerd moet worden. Natuurlijk is kritisch zijn op nepnieuws via AI terecht, maar het moet geen afleiding worden om jouw eigen fouten toe te dekken. Daar zijn beide onderwerpen te belangrijk voor.<\/p>\n<p>Als je 17 minuten aan leestijd kwijt bent aan Wijersgate, en nul minuten aan een bomaanslag en grootschalige data-machtsmisbruik door de politie, dan gaat het niet meer om incidenten \u2014 dan gaat het om prioriteiten. Om redactionele keuzes. Om de vraag wie w\u00e9l kritisch bevraagd wordt &#8211; en wie niet. Mijn punt was juist dat de lezer niet een kokervisie rondom de persoon Logtenberg ontwikkelde, maar juist breder kijkt naar het hele netwerk van macht.<\/p>\n<p>Zowel kwaliteitsjournalistiek als AI zijn te belangrijke onderwerpen om tegen elkaar uit te spelen<br \/>Het overgrote deel van die 50k+ clicks op mijn recentste artikel hebben niet de behoefte om NRC te bashen, maar voelen aan, dat de journalistiek verschuift van de macht controleren naar de macht klakkeloos kopi\u00ebren en daardoor indirect ondersteunt \u2014 precies zoals een generatief AI-model zou doen.<\/p>\n<p>En juist als je je als krant zorgen maakt over AI, zou je beter moeten factchecken dan zo\u2019n LLM. Heel hard \u201814 bronnen!\u2019 roepen is dan simpelweg niet genoeg. Wel bedrijf je misschien net zoals ChatGPT zeer neutrale journalistiek, aangezien we niet hoeven te kijken of de bronnen wel betrouwbaar zijn.<\/p>\n<p>De vraag wat dit doet met publieke opinie, met politieke besluitvorming en zelfs met de formatie, verdient m\u00e9\u00e9r aandacht dan de inhoud van \u00e9\u00e9n priv\u00e9bericht, die alleen de ontvanger had moeten lezen. Dat maakt het gebrek aan rectificeren en transparantie zo pijnlijk, juist omdat ik en velen met mij de krant zo hoog hebben zitten. Want wie wegkijkt van echte macht en jaagt op ruis, verliest niet alleen het nieuws \u2014 maar ook het publiek dat ooit op je vertrouwde. Dat zou ik persoonlijk en velen met mij enorm zonde vinden.<\/p>\n","protected":false},"excerpt":{"rendered":"\u00a0 \u2022 \u00a0 Vandaag \u00a0 \u2022 \u00a0 leestijd 8 minuten \u00a0 \u2022 \u00a0 1313 keer bekeken \u00a0 \u2022&hellip;\n","protected":false},"author":2,"featured_media":62517,"comment_status":"","ping_status":"","sticky":false,"template":"","format":"standard","meta":{"footnotes":""},"categories":[17],"tags":[73,74,48,46,47,49,45,50,75],"class_list":{"0":"post-62516","1":"post","2":"type-post","3":"status-publish","4":"format-standard","5":"has-post-thumbnail","7":"category-zakelijk","8":"tag-business","9":"tag-commercial","10":"tag-dutch","11":"tag-nederland","12":"tag-nederlanden","13":"tag-nederlands","14":"tag-netherlands","15":"tag-nl","16":"tag-zakelijk"},"share_on_mastodon":{"url":"https:\/\/pubeurope.com\/@nl\/115589885974248418","error":""},"_links":{"self":[{"href":"https:\/\/www.europesays.com\/nl\/wp-json\/wp\/v2\/posts\/62516","targetHints":{"allow":["GET"]}}],"collection":[{"href":"https:\/\/www.europesays.com\/nl\/wp-json\/wp\/v2\/posts"}],"about":[{"href":"https:\/\/www.europesays.com\/nl\/wp-json\/wp\/v2\/types\/post"}],"author":[{"embeddable":true,"href":"https:\/\/www.europesays.com\/nl\/wp-json\/wp\/v2\/users\/2"}],"replies":[{"embeddable":true,"href":"https:\/\/www.europesays.com\/nl\/wp-json\/wp\/v2\/comments?post=62516"}],"version-history":[{"count":0,"href":"https:\/\/www.europesays.com\/nl\/wp-json\/wp\/v2\/posts\/62516\/revisions"}],"wp:featuredmedia":[{"embeddable":true,"href":"https:\/\/www.europesays.com\/nl\/wp-json\/wp\/v2\/media\/62517"}],"wp:attachment":[{"href":"https:\/\/www.europesays.com\/nl\/wp-json\/wp\/v2\/media?parent=62516"}],"wp:term":[{"taxonomy":"category","embeddable":true,"href":"https:\/\/www.europesays.com\/nl\/wp-json\/wp\/v2\/categories?post=62516"},{"taxonomy":"post_tag","embeddable":true,"href":"https:\/\/www.europesays.com\/nl\/wp-json\/wp\/v2\/tags?post=62516"}],"curies":[{"name":"wp","href":"https:\/\/api.w.org\/{rel}","templated":true}]}}