{"id":62581,"date":"2025-11-21T23:10:13","date_gmt":"2025-11-21T23:10:13","guid":{"rendered":"https:\/\/www.europesays.com\/nl\/62581\/"},"modified":"2025-11-21T23:10:13","modified_gmt":"2025-11-21T23:10:13","slug":"demissionair-kabinet-stopt-definitief-met-subsidie-voor-nationaal-onderwijsmuseum","status":"publish","type":"post","link":"https:\/\/www.europesays.com\/nl\/62581\/","title":{"rendered":"Demissionair kabinet stopt definitief met subsidie voor Nationaal Onderwijsmuseum"},"content":{"rendered":"<p>De sluiting van het Nationaal Onderwijsmuseum in Dordrecht lijkt onafwendbaar. Het demissionaire kabinet geeft geen gehoor aan een motie van de Tweede Kamer om de geldstroom alsnog te verlengen, schrijft staatssecretaris Koen Becking (Cultuur, VVD) vrijdagmiddag in een <a data-id=\"https:\/\/www.tweedekamer.nl\/kamerstukken\/brieven_regering\/detail?id=2025Z20285&amp;did=2025D47718\" data-type=\"link\" href=\"https:\/\/www.tweedekamer.nl\/kamerstukken\/brieven_regering\/detail?id=2025Z20285&amp;did=2025D47718\" rel=\"nofollow noopener\" target=\"_blank\">brief aan de Tweede Kamer<\/a>.<\/p>\n<p>In maart liet het ministerie van Onderwijs, Cultuur en Wetenschap weten de subsidie per 2027 te be\u00ebindigen, wat zou betekenen dat het museum <a data-id=\"https:\/\/www.nrc.nl\/nieuws\/2025\/04\/29\/in-het-nationaal-onderwijsmuseum-is-te-zien-hoe-de-tijdgeest-voortdurend-zijn-stempel-drukte-op-het-onderwijs-maar-hoe-lang-kan-dat-nog-a4891501\" data-type=\"link\" href=\"https:\/\/www.nrc.nl\/nieuws\/2025\/04\/29\/in-het-nationaal-onderwijsmuseum-is-te-zien-hoe-de-tijdgeest-voortdurend-zijn-stempel-drukte-op-het-onderwijs-maar-hoe-lang-kan-dat-nog-a4891501\" rel=\"nofollow noopener\" target=\"_blank\">de deuren moet sluiten<\/a>. Daarop stemde een ruime meerderheid van de Tweede Kamer eind september voor een motie van Ilana Rooderkerk (D66) om de geldstroom toch te verlengen.<\/p>\n<p>Volgens de staatssecretaris heeft de motie echter een \u201eondeugdelijke dekking\u201d: het geld voor de subsidie zou alleen komen uit middelen die tijdelijk over zijn of al voor andere zaken bestemd waren.<\/p>\n<p>Daarnaast zou de motie ervan uitgaan dat het museum met behoud van de subsidie kan blijven bestaan. Maar dat is niet het geval volgens Becking. De huidige situatie van het museum, dat al v\u00f3\u00f3r de verhuizing van Rotterdam naar Dordrecht in 2015 kampte met financi\u00eble tekorten, is volgens hem ook m\u00e9t subsidie \u201eniet houdbaar\u201d.<\/p>\n<p>Er is volgens de staatssecretaris sprake van achterstallig onderhoud, een achterstand in de collectieadministratie en tekort aan personeel. Hierdoor zou er bovenop de huidige subsidie een aanvullende subsidie nodig zijn om het museum financieel te redden.<\/p>\n<p>Zes ton<\/p>\n<p>Naast het ministerie had ook de gemeente Dordrecht het museum aanvankelijk op een lijst gezet met mogelijke bezuinigingen. Daar stak de gemeenteraad augustus dit jaar een stokje voor. De subsidie van de gemeente \u2013 350.000 euro, tegenover zes ton van het Rijk \u2013 is er echter bij lange na niet voldoende om het museum te bekostigen.<\/p>\n<p>Hans van de Bunte, interim-directeur van het museum, zegt in een reactie tegen NRC \u201dteleurgesteld\u201d te zijn over de brief van de staatssecretaris. \u201eWij zijn verbaasd dat een demissionaire minister een Kamermotie naast zich neerlegt. Zowel de raad als de Tweede Kamer heeft gezegd: we moeten het museum behouden.\u201d<\/p>\n<p>Hij vestigt zijn laatste hoop op een bezwaarschriftprocedure bij het ministerie. \u201eHet gaat om een nationale collectie, die behouden moet blijven. We laten het er niet bij zitten.\u201d<\/p>\n<p><a class=\"dmt-article-suggestion\" href=\"https:\/\/www.nrc.nl\/nieuws\/2025\/04\/29\/in-het-nationaal-onderwijsmuseum-is-te-zien-hoe-de-tijdgeest-voortdurend-zijn-stempel-drukte-op-het-onderwijs-maar-hoe-lang-kan-dat-nog-a4891501\" rel=\"nofollow noopener\" target=\"_blank\"><\/p>\n<p>\n\t\t\t\tLees ook\n\t\t\t<\/p>\n<p>In het Nationaal Onderwijsmuseum is te zien hoe de tijdgeest zijn stempel drukt op het onderwijs. Maar hoe lang nog?<\/p>\n<p><img decoding=\"async\" alt=\"Peter Vrancken, voorzitter van raad van toezicht (rechts) en conservator Jacques Dane (links), in  het Nationaal Onderwijsmuseum in Dordrecht.  Foto Hedayatullah Amid \" class=\"dmt-article-suggestion__image\" src=\"https:\/\/www.europesays.com\/nl\/wp-content\/uploads\/2025\/11\/data131496387-94b47a.jpg\"\/><br \/>\n<\/a><\/p>\n<p>Geef cadeau<\/p>\n<p>Deel<\/p>\n<p>Mail de redactie<\/p>\n<p>\nNIEUW: Geef dit artikel cadeau<br \/>\n\t\t\tAls NRC-abonnee kun je elke maand 10 artikelen cadeau geven aan iemand zonder NRC-abonnement. De ontvanger kan het artikel direct lezen, zonder betaalmuur.\n\t\t<\/p>\n","protected":false},"excerpt":{"rendered":"De sluiting van het Nationaal Onderwijsmuseum in Dordrecht lijkt onafwendbaar. Het demissionaire kabinet geeft geen gehoor aan een&hellip;\n","protected":false},"author":2,"featured_media":62582,"comment_status":"","ping_status":"","sticky":false,"template":"","format":"standard","meta":{"footnotes":""},"categories":[17],"tags":[73,74,48,46,47,49,45,50,75],"class_list":{"0":"post-62581","1":"post","2":"type-post","3":"status-publish","4":"format-standard","5":"has-post-thumbnail","7":"category-zakelijk","8":"tag-business","9":"tag-commercial","10":"tag-dutch","11":"tag-nederland","12":"tag-nederlanden","13":"tag-nederlands","14":"tag-netherlands","15":"tag-nl","16":"tag-zakelijk"},"share_on_mastodon":{"url":"https:\/\/pubeurope.com\/@nl\/115590216043924150","error":""},"_links":{"self":[{"href":"https:\/\/www.europesays.com\/nl\/wp-json\/wp\/v2\/posts\/62581","targetHints":{"allow":["GET"]}}],"collection":[{"href":"https:\/\/www.europesays.com\/nl\/wp-json\/wp\/v2\/posts"}],"about":[{"href":"https:\/\/www.europesays.com\/nl\/wp-json\/wp\/v2\/types\/post"}],"author":[{"embeddable":true,"href":"https:\/\/www.europesays.com\/nl\/wp-json\/wp\/v2\/users\/2"}],"replies":[{"embeddable":true,"href":"https:\/\/www.europesays.com\/nl\/wp-json\/wp\/v2\/comments?post=62581"}],"version-history":[{"count":0,"href":"https:\/\/www.europesays.com\/nl\/wp-json\/wp\/v2\/posts\/62581\/revisions"}],"wp:featuredmedia":[{"embeddable":true,"href":"https:\/\/www.europesays.com\/nl\/wp-json\/wp\/v2\/media\/62582"}],"wp:attachment":[{"href":"https:\/\/www.europesays.com\/nl\/wp-json\/wp\/v2\/media?parent=62581"}],"wp:term":[{"taxonomy":"category","embeddable":true,"href":"https:\/\/www.europesays.com\/nl\/wp-json\/wp\/v2\/categories?post=62581"},{"taxonomy":"post_tag","embeddable":true,"href":"https:\/\/www.europesays.com\/nl\/wp-json\/wp\/v2\/tags?post=62581"}],"curies":[{"name":"wp","href":"https:\/\/api.w.org\/{rel}","templated":true}]}}