{"id":62623,"date":"2025-11-22T00:09:18","date_gmt":"2025-11-22T00:09:18","guid":{"rendered":"https:\/\/www.europesays.com\/nl\/62623\/"},"modified":"2025-11-22T00:09:18","modified_gmt":"2025-11-22T00:09:18","slug":"fia-houdt-zich-op-de-vlakte-red-bull-vond-maas-in-de-wet-met-motorwissel","status":"publish","type":"post","link":"https:\/\/www.europesays.com\/nl\/62623\/","title":{"rendered":"FIA houdt zich op de vlakte: &#8216;Red Bull vond maas in de wet met motorwissel&#8217;"},"content":{"rendered":"<p>De FIA heeft bevestigd dat Red Bull een \u2018zwakte\u2019 in het huidige kostenplafondsysteem wist te benutten door de motor van Max Verstappen te vervangen tijdens het raceweekend in S\u00e3o Paulo. De gok, uitgevoerd nadat de Nederlander in Q1 was uitgeschakeld, pakte goed uit voor het team. Vanuit de pitstraat werkte Verstappen \u2013 met een compleet nieuwe krachtbron \u2013 aan een indrukwekkende inhaalslag. De motorwissel leidde tot vragen vanuit McLaren. <\/p>\n<p>Teambaas <a href=\"http:\/\/formule1.nl\/teambaas\/andrea-stella\/\" rel=\"nofollow noopener\" target=\"_blank\">Andrea Stella<\/a> vroeg zich na afloop van de Grand Prix af of <a href=\"http:\/\/formule1.nl\/team\/red-bull\/\" rel=\"nofollow noopener\" target=\"_blank\">Red Bull<\/a> met een motorwissel financieel voordeel behaalde binnen het budgetplafond. Want ging het in dit geval werkelijk om een betrouwbaarheidsprobleem, en valt zo\u2019n wissel dan w\u00e9l of n\u00ed\u00e9t onder de strenge budgetcap? Volgens de FIA is het precies dit soort situaties waarin de regelgeving kwetsbaar blijkt. Directeur Nikolas Tombazis hield zich op de vlakte en benadrukte dat de organisatie deze maas in de wet in de toekomst aanpakt.<\/p>\n<p>Grijs gebied<\/p>\n<p>\u201cWaar we niet graag bij betrokken raken, is een situatie waarin we bij een motorwissel moeten discussi\u00ebren of de telemetrie wijst op een mogelijk betrouwbaarheidsprobleem of niet\u201d, verklaarde de FIA-topman tijdens een persconferentie in Las Vegas. \u201cWe hebben niet het gevoel dat we de expertise hebben om met hen te debatteren over de vraag of het nu echt om een betrouwbaarheids- of een strategische ingreep gaat. In sommige gevallen is het duidelijk, maar zodra je in dat grijze gebied belandt, wordt het lastig.\u201d<\/p>\n<p>LEES OOK: <a href=\"https:\/\/www.formule1.nl\/nieuws\/mclaren-eist-duidelijkheid-red-bull-moet-motorkosten-meetellen-in-budgetplafond\/\" rel=\"nofollow noopener\" target=\"_blank\">McLaren eist duidelijkheid: \u2018Red Bull moet motorkosten meetellen in budgetplafond\u2019<\/a><\/p>\n<p>Die maas in de wet vormt volgens Tombazis een structureel probleem: \u201cDit is een zwakte in de huidige regelgeving: de combinatie van financi\u00eble, technische en sportieve aspecten. Daarom hanteren we deze aanpak en accepteren we veranderingen zonder in discussie te gaan over de impact op het kostenplafond.\u201d De FIA werkt inmiddels wel aan een oplossing. De wijziging wordt ge\u00efntegreerd in het volledig vernieuwde reglement dat in 2026 ingaat, waarbij niet alleen de teams maar ook de motorfabrikanten onder een strak budgetplafond gaan vallen. Tombazis benadrukte dat de regels waterdicht worden gemaakt: \u201cHet is een kwestie die volgend jaar wordt opgelost, met het kostenplafond voor zowel de motorfabrikanten als de teams.\u201d<\/p>\n<p><a href=\"https:\/\/www.formule1.nl\/evenement\/las-vegas-grand-prix\/\" rel=\"nofollow noopener\" target=\"_blank\">Lees hier alles over de GP Las Vegas<\/a><\/p>\n<p>De nieuwste editie van\u00a0<a href=\"https:\/\/tijdschriftnu.nl\/products\/formule1-editie-15-16-2025?utm_source=website&amp;utm_medium=display&amp;utm_term=fom&amp;utm_campaign=fom_shop_FOM15\" rel=\"nofollow noopener\" target=\"_blank\">FORMULE 1 Magazine<\/a> is uit! Haal \u2018m nu in de winkel of bestel \u2018m online, met gratis bezorging in heel Nederland.<\/p>\n","protected":false},"excerpt":{"rendered":"De FIA heeft bevestigd dat Red Bull een \u2018zwakte\u2019 in het huidige kostenplafondsysteem wist te benutten door de&hellip;\n","protected":false},"author":2,"featured_media":62624,"comment_status":"","ping_status":"","sticky":false,"template":"","format":"standard","meta":{"footnotes":""},"categories":[5],"tags":[39,40,48,43,44,4050,34,35,41,42,52,214,15152,46,47,49,45,32,33,15153,50,216,36,37,38],"class_list":{"0":"post-62623","1":"post","2":"type-post","3":"status-publish","4":"format-standard","5":"has-post-thumbnail","7":"category-hoofdpunten","8":"tag-breaking-news","9":"tag-breakingnews","10":"tag-dutch","11":"tag-featured-news","12":"tag-featurednews","13":"tag-fia","14":"tag-headlines","15":"tag-hoofdpunten","16":"tag-latest-news","17":"tag-latestnews","18":"tag-max-verstappen","19":"tag-mclaren","20":"tag-motorwissel","21":"tag-nederland","22":"tag-nederlanden","23":"tag-nederlands","24":"tag-netherlands","25":"tag-news","26":"tag-nieuws","27":"tag-nikolas-tombazis","28":"tag-nl","29":"tag-red-bull","30":"tag-top-stories","31":"tag-topstories","32":"tag-voorpaginanieuws"},"share_on_mastodon":{"url":"https:\/\/pubeurope.com\/@nl\/115590448051453286","error":""},"_links":{"self":[{"href":"https:\/\/www.europesays.com\/nl\/wp-json\/wp\/v2\/posts\/62623","targetHints":{"allow":["GET"]}}],"collection":[{"href":"https:\/\/www.europesays.com\/nl\/wp-json\/wp\/v2\/posts"}],"about":[{"href":"https:\/\/www.europesays.com\/nl\/wp-json\/wp\/v2\/types\/post"}],"author":[{"embeddable":true,"href":"https:\/\/www.europesays.com\/nl\/wp-json\/wp\/v2\/users\/2"}],"replies":[{"embeddable":true,"href":"https:\/\/www.europesays.com\/nl\/wp-json\/wp\/v2\/comments?post=62623"}],"version-history":[{"count":0,"href":"https:\/\/www.europesays.com\/nl\/wp-json\/wp\/v2\/posts\/62623\/revisions"}],"wp:featuredmedia":[{"embeddable":true,"href":"https:\/\/www.europesays.com\/nl\/wp-json\/wp\/v2\/media\/62624"}],"wp:attachment":[{"href":"https:\/\/www.europesays.com\/nl\/wp-json\/wp\/v2\/media?parent=62623"}],"wp:term":[{"taxonomy":"category","embeddable":true,"href":"https:\/\/www.europesays.com\/nl\/wp-json\/wp\/v2\/categories?post=62623"},{"taxonomy":"post_tag","embeddable":true,"href":"https:\/\/www.europesays.com\/nl\/wp-json\/wp\/v2\/tags?post=62623"}],"curies":[{"name":"wp","href":"https:\/\/api.w.org\/{rel}","templated":true}]}}