{"id":62790,"date":"2025-11-22T08:18:14","date_gmt":"2025-11-22T08:18:14","guid":{"rendered":"https:\/\/www.europesays.com\/nl\/62790\/"},"modified":"2025-11-22T08:18:14","modified_gmt":"2025-11-22T08:18:14","slug":"gestolen-koerspaarden-uit-olen-gevonden-in-roemenie-twee-mannen-opgepakt","status":"publish","type":"post","link":"https:\/\/www.europesays.com\/nl\/62790\/","title":{"rendered":"Gestolen koerspaarden uit Olen gevonden in Roemeni\u00eb, twee mannen opgepakt"},"content":{"rendered":"<p>De twee koerspaarden die half september gestolen werden uit een wei in het Belgische Olen, zijn teruggevonden. Dankzij het werk van de politie, konden ze in Roemeni\u00eb gevonden worden. Er zijn twee mannen in Belgi\u00eb en Roemeni\u00eb opgepakt. <\/p>\n<p>In de nacht van zaterdag 13 op zondag 14 september werden de paarden uit de wei gestolen. Daarnaast stalen de dieven ook nog materiaal uit een schuur. Het ging onder meer om wielen van een kar die gebruikt wordt in de drafsport.<\/p>\n<p>Zwaar verlies voor eigenaar Jef Laureys<\/p>\n<p>De diefstal was een zwaar verlies voor de eigenaar, Jef Laureys. Er was niet alleen de emotionele kant, maar de paarden waren ook waardevol. De twee koerspaarden hadden al koersen gewonnen. De eigenaar schat dat de waarde van de paarden ongeveer 25.000 euro is. Volgens Jef hadden de dieven, of hun opdrachtgever, wel degelijk de bedoeling om ermee te koersen. \u201cZe hebben er nieuwe hoefijzers op gezet. Ze zullen ze wel in \u2019t oog hebben gehad, omdat ze het zo goed deden op wedstrijden en ze dan gevolgd zijn.\u201d<\/p>\n<p>\u2018Blij dat ze samen gebleven zijn\u2019<\/p>\n<p>De eigenaar had niet verwacht dat hij zijn paarden ooit nog zou terugzien. \u201cBlij dat ze samen gebleven zijn. Ze zullen veel aan elkaar gehad hebben, aldus Laureys.\u201d<\/p>\n<p>Mentaal in orde<\/p>\n<p>Koersen gaan de paarden niet meteen opnieuw doen. \u201cNee, we moeten ze nu even laten bijkomen. Palma ziet er goed uit, maar Nemo is wel wat kilo\u2019s kwijt. Dat is een slechte eter, die moet je echt kennen. Maar zijn hoofd is nog fris, dat zie je. Mentaal is hij dus wel in orde, maar fysiek zal het nog even duren.\u201d<\/p>\n<p>De eigenaar heeft de weiden van de paarden beveiligd met camera\u2019s, om een nieuwe diefstal te voorkomen.<\/p>\n<p>Bron: <a href=\"https:\/\/www.rtv.be\/actualiteit-en-nieuws\/gestolen-paarden-uit-olen-gevonden-roemenie?fbclid=IwY2xjawONZphleHRuA2FlbQIxMABicmlkETBRcTUwbURJOFFkaEFUTVRLc3J0YwZhcHBfaWQQMjIyMDM5MTc4ODIwMDg5MgABHnzlmRk9X7NU2pe8BcMZId99TJeqW0x5XihWHLwbqmiy54JvegwkKwp-webQ_aem_8D_AViNfr0LzGkc-iALMQg\" rel=\"nofollow noopener\" target=\"_blank\">RTV<\/a>\/<a href=\"https:\/\/www.vrt.be\/vrtnws\/nl\/2025\/11\/21\/gestolen-paarden-olen-gevonden-roemenie\/\" rel=\"nofollow noopener\" target=\"_blank\">VRT<\/a>\/Horses.nl<\/p>\n","protected":false},"excerpt":{"rendered":"De twee koerspaarden die half september gestolen werden uit een wei in het Belgische Olen, zijn teruggevonden. Dankzij&hellip;\n","protected":false},"author":2,"featured_media":62791,"comment_status":"","ping_status":"","sticky":false,"template":"","format":"standard","meta":{"footnotes":""},"categories":[15],"tags":[39,40,48,43,44,34,35,41,42,46,47,49,45,32,33,50,36,37,38,67,64,65,66],"class_list":{"0":"post-62790","1":"post","2":"type-post","3":"status-publish","4":"format-standard","5":"has-post-thumbnail","7":"category-wereld","8":"tag-breaking-news","9":"tag-breakingnews","10":"tag-dutch","11":"tag-featured-news","12":"tag-featurednews","13":"tag-headlines","14":"tag-hoofdpunten","15":"tag-latest-news","16":"tag-latestnews","17":"tag-nederland","18":"tag-nederlanden","19":"tag-nederlands","20":"tag-netherlands","21":"tag-news","22":"tag-nieuws","23":"tag-nl","24":"tag-top-stories","25":"tag-topstories","26":"tag-voorpaginanieuws","27":"tag-wereld","28":"tag-world","29":"tag-world-news","30":"tag-worldnews"},"share_on_mastodon":{"url":"https:\/\/pubeurope.com\/@nl\/115592370811228295","error":""},"_links":{"self":[{"href":"https:\/\/www.europesays.com\/nl\/wp-json\/wp\/v2\/posts\/62790","targetHints":{"allow":["GET"]}}],"collection":[{"href":"https:\/\/www.europesays.com\/nl\/wp-json\/wp\/v2\/posts"}],"about":[{"href":"https:\/\/www.europesays.com\/nl\/wp-json\/wp\/v2\/types\/post"}],"author":[{"embeddable":true,"href":"https:\/\/www.europesays.com\/nl\/wp-json\/wp\/v2\/users\/2"}],"replies":[{"embeddable":true,"href":"https:\/\/www.europesays.com\/nl\/wp-json\/wp\/v2\/comments?post=62790"}],"version-history":[{"count":0,"href":"https:\/\/www.europesays.com\/nl\/wp-json\/wp\/v2\/posts\/62790\/revisions"}],"wp:featuredmedia":[{"embeddable":true,"href":"https:\/\/www.europesays.com\/nl\/wp-json\/wp\/v2\/media\/62791"}],"wp:attachment":[{"href":"https:\/\/www.europesays.com\/nl\/wp-json\/wp\/v2\/media?parent=62790"}],"wp:term":[{"taxonomy":"category","embeddable":true,"href":"https:\/\/www.europesays.com\/nl\/wp-json\/wp\/v2\/categories?post=62790"},{"taxonomy":"post_tag","embeddable":true,"href":"https:\/\/www.europesays.com\/nl\/wp-json\/wp\/v2\/tags?post=62790"}],"curies":[{"name":"wp","href":"https:\/\/api.w.org\/{rel}","templated":true}]}}