{"id":62957,"date":"2025-11-22T11:22:19","date_gmt":"2025-11-22T11:22:19","guid":{"rendered":"https:\/\/www.europesays.com\/nl\/62957\/"},"modified":"2025-11-22T11:22:19","modified_gmt":"2025-11-22T11:22:19","slug":"volgens-kijkers-zijn-dit-de-cavias-in-the-masked-singer","status":"publish","type":"post","link":"https:\/\/www.europesays.com\/nl\/62957\/","title":{"rendered":"Volgens kijkers zijn d\u00edt de cavia&#8217;s in The Masked Singer"},"content":{"rendered":"<p class=\"mui-173mato e10ntc2u0\">In de tweede aflevering van The Masked Singer maken de kijkers kennis met onder anderen de cavia\u2019s. De hints en het optreden zetten de fans aan het denken, maar velen lijken er al uit te zijn: dit moeten wel de dames van Lo\u00efs Lane zijn.<\/p>\n<p class=\"mui-173mato e10ntc2u0\">De show trapt deze week af met het duo cavia\u2019s. Panellid Buddy Vedder vindt ze vooral aandoenlijk, maar wie gaan er schuil achter deze harige verschijningen?<\/p>\n<p>Kijkers weten het zeker<\/p>\n<p class=\"mui-173mato e10ntc2u0\">De hints brengen de jury niet veel verder; het schattige uiterlijk leidt vooral af. In eerste instantie denken Monica Geuze en Buddy aan Steven Kaz\u00e0n en zijn ex-vriendin Jamie Kames, maar omdat de twee uit elkaar zijn, lijkt dat onwaarschijnlijk. Bovendien klinken de stemmen duidelijk vrouwelijk.<\/p>\n<p class=\"mui-173mato e10ntc2u0\">Op X zijn de kijkers overtuigder. Volgens hen kan het maar om \u00e9\u00e9n act gaan: Lo\u00efs Lane. &#8220;Ik denk dat ik het weet. De dames van Lo\u00efs Lane, the first time\u2026&#8221;, schrijft iemand. Een ander reageert stellig: &#8220;Dit is 100 procent Lo\u00efs Lane.&#8221;<\/p>\n<p class=\"mui-173mato e10ntc2u0\">Zie hier een greep uit de reacties op X&#8230;<\/p>\n<p>Groot gemis dit seizoen<\/p>\n<p class=\"mui-173mato e10ntc2u0\">Vorige week is het nieuwe seizoen van\u00a0The\u00a0Masked\u00a0Singer\u00a0van start gegaan met \u00e9\u00e9n grote afwezige die erg gemist wordt: Loretta Schrijver. Aan het begin van de uitzending werd emotioneel stilgestaan bij Loretta met een prachtig eerbetoon met een lach en een traan. <\/p>\n<p class=\"mui-173mato e10ntc2u0\">Aan het begin werd een reeks fragmenten getoond met de in maart overleden presentatrice. Na het eerbetoon klonk vanuit het publiek een groot applaus. Carlo Boszhard, Gerard Joling, Buddy Vedder, Monica Geuze en Ruben Nicolai stonden daarna nog even stil bij het gemis van hun geliefde collega. &#8220;Ik heb het voorrecht gehad om heel vaak naast haar te zitten&#8221;, zei Carlo onder meer. Ook noemde hij Loretta &#8220;een fantastisch mens&#8221;.<\/p>\n<p class=\"mui-173mato e10ntc2u0\">Gerard memoreerde veel met haar te hebben gelachen. &#8220;Wat een heerlijk mens. Wat werd ik daar blij van als ik die vrouw zag.&#8221; Buddy zei daarna dat het &#8220;orakel&#8221; van het programma niet te vervangen was en Monica stelde dat ze hun collega erg gaan missen.<\/p>\n<p><img alt=\"Emotioneel eerbetoon aan Loretta Schrijver bij The Masked Singer\" loading=\"lazy\" decoding=\"async\" data-nimg=\"fill\" class=\"mui-nacstu e1qtpq9e5\" style=\"position:absolute;height:100%;width:100%;left:0;top:0;right:0;bottom:0;color:transparent\"   src=\"https:\/\/www.europesays.com\/nl\/wp-content\/uploads\/2025\/11\/emotioneel-eerbetoon-aan-loretta-schrijver-bij-the-masked-singer.jpg\"\/><\/p>\n<p>4:48<\/p>\n<p>Emotioneel eerbetoon aan Loretta Schrijver bij The Masked Singer<\/p>\n<p class=\"mui-173mato e10ntc2u0\">Headerfoto: RTL<\/p>\n","protected":false},"excerpt":{"rendered":"In de tweede aflevering van The Masked Singer maken de kijkers kennis met onder anderen de cavia\u2019s. De&hellip;\n","protected":false},"author":2,"featured_media":62958,"comment_status":"","ping_status":"","sticky":false,"template":"","format":"standard","meta":{"footnotes":""},"categories":[5],"tags":[39,40,48,43,44,34,35,41,42,46,47,49,45,32,33,50,36,37,38],"class_list":{"0":"post-62957","1":"post","2":"type-post","3":"status-publish","4":"format-standard","5":"has-post-thumbnail","7":"category-hoofdpunten","8":"tag-breaking-news","9":"tag-breakingnews","10":"tag-dutch","11":"tag-featured-news","12":"tag-featurednews","13":"tag-headlines","14":"tag-hoofdpunten","15":"tag-latest-news","16":"tag-latestnews","17":"tag-nederland","18":"tag-nederlanden","19":"tag-nederlands","20":"tag-netherlands","21":"tag-news","22":"tag-nieuws","23":"tag-nl","24":"tag-top-stories","25":"tag-topstories","26":"tag-voorpaginanieuws"},"share_on_mastodon":{"url":"https:\/\/pubeurope.com\/@nl\/115593094565708714","error":""},"_links":{"self":[{"href":"https:\/\/www.europesays.com\/nl\/wp-json\/wp\/v2\/posts\/62957","targetHints":{"allow":["GET"]}}],"collection":[{"href":"https:\/\/www.europesays.com\/nl\/wp-json\/wp\/v2\/posts"}],"about":[{"href":"https:\/\/www.europesays.com\/nl\/wp-json\/wp\/v2\/types\/post"}],"author":[{"embeddable":true,"href":"https:\/\/www.europesays.com\/nl\/wp-json\/wp\/v2\/users\/2"}],"replies":[{"embeddable":true,"href":"https:\/\/www.europesays.com\/nl\/wp-json\/wp\/v2\/comments?post=62957"}],"version-history":[{"count":0,"href":"https:\/\/www.europesays.com\/nl\/wp-json\/wp\/v2\/posts\/62957\/revisions"}],"wp:featuredmedia":[{"embeddable":true,"href":"https:\/\/www.europesays.com\/nl\/wp-json\/wp\/v2\/media\/62958"}],"wp:attachment":[{"href":"https:\/\/www.europesays.com\/nl\/wp-json\/wp\/v2\/media?parent=62957"}],"wp:term":[{"taxonomy":"category","embeddable":true,"href":"https:\/\/www.europesays.com\/nl\/wp-json\/wp\/v2\/categories?post=62957"},{"taxonomy":"post_tag","embeddable":true,"href":"https:\/\/www.europesays.com\/nl\/wp-json\/wp\/v2\/tags?post=62957"}],"curies":[{"name":"wp","href":"https:\/\/api.w.org\/{rel}","templated":true}]}}