{"id":63052,"date":"2025-11-22T13:32:10","date_gmt":"2025-11-22T13:32:10","guid":{"rendered":"https:\/\/www.europesays.com\/nl\/63052\/"},"modified":"2025-11-22T13:32:10","modified_gmt":"2025-11-22T13:32:10","slug":"helene-hendriks-opeens-de-grote-talpa-ster-ze-moet-uitkijken","status":"publish","type":"post","link":"https:\/\/www.europesays.com\/nl\/63052\/","title":{"rendered":"H\u00e9l\u00e8ne Hendriks opeens d\u00e9 grote Talpa-ster? \u2018Ze moet uitkijken!\u2019"},"content":{"rendered":"<p>H\u00e9l\u00e8ne Hendriks gaat naast De Oranjezondag en Vandaag Inside ook aan de slag als de nieuwe Wendy van Dijk. Ze gaat plotseling ook groot studio-amusement presenteren. \u201cWel even uitkijken!\u201d<\/p>\n<p>        Door onze entertainmentredactie<\/p>\n<p>        <img fetchpriority=\"high\" decoding=\"async\" width=\"1280\" height=\"720\" src=\"https:\/\/www.europesays.com\/nl\/wp-content\/uploads\/2025\/11\/0624-Helene-Hendriks.jpg\" class=\"attachment-post-thumbnail size-post-thumbnail wp-post-image\" alt=\"H\u00e9l\u00e8ne Hendriks\"  \/>        \u00a9 SBS    <\/p>\n<p>Er wordt door SBS 6 vol ingezet op H\u00e9l\u00e8ne Hendriks. Ze is al uiterst succesvol als talkshowhost, maar nu gaan ze haar ook uitproberen als presentatrice van groot studio-amusement. En dat gaat ten koste van Wendy van Dijk, die nu naar Net5 wordt verbannen. Zowel The Winner Takes It All als de vernieuwde Staatsloterijshow gaan naar H\u00e9l\u00e8ne.<\/p>\n<p>Overwerken<\/p>\n<p>Priv\u00e9-baas Evert Santegoeds vindt het opvallend. \u201cZo, wat krijgt die het druk\u201d, zegt hij in zijn podcast <a href=\"https:\/\/open.spotify.com\/episode\/7CX6z596HhT8H1xluwyi7H?si=de8d2841630e40e5\" rel=\"nofollow noopener\" target=\"_blank\">Strikt Priv\u00e9<\/a>.<\/p>\n<p>Collega Jordi Versteegden: \u201cDie moet overwerken daar. Ben je daar niet een beetje benieuwd naar? Ik snap SBS 6 ergens wel. Ik bedoel: zij heeft een succesformule, maar nu gaan ze haar echt over\u00e1l opzetten.\u201d<\/p>\n<p>Evert: \u201cJa, maar dat zie je vaker.\u201d<\/p>\n<p>Overkill<\/p>\n<p>Jordi vraagt zich af of H\u00e9l\u00e8ne hier wel handig aan doet en of er niet te snel sprake zal zijn van overkill. \u201cMoet ze dan niet een beetje uitkijken?\u201d<\/p>\n<p>Evert: \u201cNou ja, als het allemaal successen worden niet. Ze gaat ook nog eens de hele zomer vanaf Cura\u00e7ao, begrijp ik, toch?\u201d<\/p>\n<p>Jordi: \u201cDaar gaat VI met de Oranjezomer uitzenden, geloof ik, h\u00e8?\u201d<\/p>\n<p>Evert: \u201cJa, dat liet Genee wel doorschemeren\u2026\u201d<\/p>\n<p>Of H\u00e9l\u00e8ne\u2019s uitbreidende werkzaamheden voor SBS 6 consequenties hebben voor haar werk bij ESPN is nog onduidelijk.<\/p>\n","protected":false},"excerpt":{"rendered":"H\u00e9l\u00e8ne Hendriks gaat naast De Oranjezondag en Vandaag Inside ook aan de slag als de nieuwe Wendy van&hellip;\n","protected":false},"author":2,"featured_media":63053,"comment_status":"","ping_status":"","sticky":false,"template":"","format":"standard","meta":{"footnotes":""},"categories":[28],"tags":[99,48,98,581,46,47,49,45,50,124],"class_list":{"0":"post-63052","1":"post","2":"type-post","3":"status-publish","4":"format-standard","5":"has-post-thumbnail","7":"category-tv","8":"tag-amusement","9":"tag-dutch","10":"tag-entertainment","11":"tag-helene-hendriks","12":"tag-nederland","13":"tag-nederlanden","14":"tag-nederlands","15":"tag-netherlands","16":"tag-nl","17":"tag-tv"},"share_on_mastodon":{"url":"https:\/\/pubeurope.com\/@nl\/115593605671820291","error":""},"_links":{"self":[{"href":"https:\/\/www.europesays.com\/nl\/wp-json\/wp\/v2\/posts\/63052","targetHints":{"allow":["GET"]}}],"collection":[{"href":"https:\/\/www.europesays.com\/nl\/wp-json\/wp\/v2\/posts"}],"about":[{"href":"https:\/\/www.europesays.com\/nl\/wp-json\/wp\/v2\/types\/post"}],"author":[{"embeddable":true,"href":"https:\/\/www.europesays.com\/nl\/wp-json\/wp\/v2\/users\/2"}],"replies":[{"embeddable":true,"href":"https:\/\/www.europesays.com\/nl\/wp-json\/wp\/v2\/comments?post=63052"}],"version-history":[{"count":0,"href":"https:\/\/www.europesays.com\/nl\/wp-json\/wp\/v2\/posts\/63052\/revisions"}],"wp:featuredmedia":[{"embeddable":true,"href":"https:\/\/www.europesays.com\/nl\/wp-json\/wp\/v2\/media\/63053"}],"wp:attachment":[{"href":"https:\/\/www.europesays.com\/nl\/wp-json\/wp\/v2\/media?parent=63052"}],"wp:term":[{"taxonomy":"category","embeddable":true,"href":"https:\/\/www.europesays.com\/nl\/wp-json\/wp\/v2\/categories?post=63052"},{"taxonomy":"post_tag","embeddable":true,"href":"https:\/\/www.europesays.com\/nl\/wp-json\/wp\/v2\/tags?post=63052"}],"curies":[{"name":"wp","href":"https:\/\/api.w.org\/{rel}","templated":true}]}}