{"id":63332,"date":"2025-11-22T19:41:12","date_gmt":"2025-11-22T19:41:12","guid":{"rendered":"https:\/\/www.europesays.com\/nl\/63332\/"},"modified":"2025-11-22T19:41:12","modified_gmt":"2025-11-22T19:41:12","slug":"el-ahmadi-is-vernietigend-ajax-heeft-bijna-helemaal-niks-aan-hem","status":"publish","type":"post","link":"https:\/\/www.europesays.com\/nl\/63332\/","title":{"rendered":"El Ahmadi is vernietigend: \u2018Ajax heeft bijna helemaal niks aan hem&#8230;&#8217;"},"content":{"rendered":"<p>Karim El Ahmadi heeft Ajax-middenvelder Oscar Gloukh bepaald niet gespaard tijdens de rustanalyse van de wedstrijd tegen Excelsior. De nummer 10 van Ajax was volgens de analist een symbool van de chaos die de Amsterdammers in de eerste helft tegen Excelsior lieten zien.\u00a0<\/p>\n<p>Ajax kwam kort voor rust op achterstand door een goal van Noah Naujoks. \u201cDe tegengoal is denk ik wel een beetje een samenvatting van Ajax in de eerste twaalf, dertien wedstrijden dit seizoen\u201d, aldus El Ahmadi.<\/p>\n<p>De tegentreffer kwam voort uit balverlies van Gloukh, die een mislukte steekbal richting Wout Weghorst produceerde. Verdedigend, zo zegt El Ahmadi, heeft Ajax &#8216;bijna helemaal niks aan Gloukh&#8217;.<\/p>\n<p>Gloukh keek bij de tegengoal niet om zich heen en zag niet dat Excelsior-middenvelder Naujoks volledig vrij door kon lopen. \u201cAls je dan denkt dat Gloukh met balbezit het verschil moet maken\u2026 dat doet hij ook niet\u201d, vindt El Ahmadi<\/p>\n<p>Volgens El Ahmadi staat Ajax dit seizoen structureel slecht georganiseerd. Met name de rol van Josip Sutalo baart hem zorgen. \u201cSutalo loopt altijd uit positie. Hij denkt: ik moet maar even naar voren lopen om druk te zetten&#8221;, aldus de oud-middenvelder.<\/p>\n<p>&#8220;Dit is eigenlijk een beetje het Ajax van dit seizoen: jongens die niet precies weten wanneer ze moeten drukzetten.\u201d De Kroaat dook ook bij de 0-1 op een onverklaarbare plek op, waardoor Naujoks vrij baan kreeg richting het doel. \u201cIk weet echt niet precies wat \u0160utalo wil doen bij die goal, maar dit is \u00e9\u00e9n en al onrust.\u201d<\/p>\n<p>De oud-middenvelder vindt dat de selectie van Ajax simpelweg tekortschiet. \u201cDe kwaliteit is veel te weinig. Als je tegen Excelsior, met alle respect, een ploeg die ook niet bepaald een goed seizoen draait, minutenlang balbezit weggeeft in de Arena\u2026 Dat is echt schandalig.\u201d<\/p>\n","protected":false},"excerpt":{"rendered":"Karim El Ahmadi heeft Ajax-middenvelder Oscar Gloukh bepaald niet gespaard tijdens de rustanalyse van de wedstrijd tegen Excelsior.&hellip;\n","protected":false},"author":2,"featured_media":63333,"comment_status":"","ping_status":"","sticky":false,"template":"","format":"standard","meta":{"footnotes":""},"categories":[21],"tags":[166,14854,48,165,4683,46,47,49,45,50,92,91],"class_list":{"0":"post-63332","1":"post","2":"type-post","3":"status-publish","4":"format-standard","5":"has-post-thumbnail","7":"category-sport","8":"tag-ajax","9":"tag-ajax-vs-excelsior","10":"tag-dutch","11":"tag-eredivisie","12":"tag-excelsior","13":"tag-nederland","14":"tag-nederlanden","15":"tag-nederlands","16":"tag-netherlands","17":"tag-nl","18":"tag-sport","19":"tag-sports"},"share_on_mastodon":{"url":"https:\/\/pubeurope.com\/@nl\/115595056465647542","error":""},"_links":{"self":[{"href":"https:\/\/www.europesays.com\/nl\/wp-json\/wp\/v2\/posts\/63332","targetHints":{"allow":["GET"]}}],"collection":[{"href":"https:\/\/www.europesays.com\/nl\/wp-json\/wp\/v2\/posts"}],"about":[{"href":"https:\/\/www.europesays.com\/nl\/wp-json\/wp\/v2\/types\/post"}],"author":[{"embeddable":true,"href":"https:\/\/www.europesays.com\/nl\/wp-json\/wp\/v2\/users\/2"}],"replies":[{"embeddable":true,"href":"https:\/\/www.europesays.com\/nl\/wp-json\/wp\/v2\/comments?post=63332"}],"version-history":[{"count":0,"href":"https:\/\/www.europesays.com\/nl\/wp-json\/wp\/v2\/posts\/63332\/revisions"}],"wp:featuredmedia":[{"embeddable":true,"href":"https:\/\/www.europesays.com\/nl\/wp-json\/wp\/v2\/media\/63333"}],"wp:attachment":[{"href":"https:\/\/www.europesays.com\/nl\/wp-json\/wp\/v2\/media?parent=63332"}],"wp:term":[{"taxonomy":"category","embeddable":true,"href":"https:\/\/www.europesays.com\/nl\/wp-json\/wp\/v2\/categories?post=63332"},{"taxonomy":"post_tag","embeddable":true,"href":"https:\/\/www.europesays.com\/nl\/wp-json\/wp\/v2\/tags?post=63332"}],"curies":[{"name":"wp","href":"https:\/\/api.w.org\/{rel}","templated":true}]}}