{"id":63892,"date":"2025-11-23T13:34:22","date_gmt":"2025-11-23T13:34:22","guid":{"rendered":"https:\/\/www.europesays.com\/nl\/63892\/"},"modified":"2025-11-23T13:34:22","modified_gmt":"2025-11-23T13:34:22","slug":"helene-hendriks-en-jan-de-hoop-kraken-peter-van-der-vorst-huh","status":"publish","type":"post","link":"https:\/\/www.europesays.com\/nl\/63892\/","title":{"rendered":"H\u00e9l\u00e8ne Hendriks en Jan de Hoop kraken Peter van der Vorst: &#8216;Huh!&#8217;"},"content":{"rendered":"<p>H\u00e9l\u00e8ne Hendriks en Jan de Hoop verliezen hun vertrouwen in Peter van der Vorst als televisiebaas van RTL. Ze vinden het ongekend dat zijn wanbeleid nu leidt tot het vertrek van Renze Klamer.<\/p>\n<p>        Door onze entertainmentredactie<\/p>\n<p>        <img fetchpriority=\"high\" decoding=\"async\" width=\"1280\" height=\"720\" src=\"https:\/\/www.europesays.com\/nl\/wp-content\/uploads\/2025\/11\/1122-Jan-Renze-Peter-Helene.jpg\" class=\"attachment-post-thumbnail size-post-thumbnail wp-post-image\" alt=\"Jan de Hoop, Peter van der Vorst, Renze Klamer en H\u00e9l\u00e8ne Hendriks\"  \/>        \u00a9 SBS, RTL    <\/p>\n<p>De starheid van Peter van der Vorst begint nu echt voor schade te zorgen bij RTL. Hij heeft eigenhandig de late avond van vlaggenschip RTL 4 naar de gallemiezen geholpen en weigert om het geflopte RTL Tonight de nek om te draaien. Wie het w\u00e9l helemaal zat is? De belangrijkste en veruit beste presentator van het geheel: de 36-jarige Renze Klamer.<\/p>\n<p>Jan de Hoop kritisch<\/p>\n<p>Renze heeft zijn succesvolle talkshow moeten inleveren voor dit tv-gedrocht en is het goed zat. De presentator heeft besloten <a href=\"https:\/\/www.mediacourant.nl\/2025\/11\/renze-klamer-weg-bij-rtl-tonight-wie-ontslaat-peter-van-der-vorst\/\" rel=\"nofollow noopener\" target=\"_blank\">op te stappen<\/a> als belangrijkste gezicht van RTL Tonight. Oftewel: Peter vindt zijn geflopte tv-kindje RTL Tonight belangrijker dan het grootste talent dat RTL in huis heeft. Wat een misrekening.<\/p>\n<p>Jan de Hoop, jarenlang nieuwslezer bij RTL Nieuws, vindt het een megablunder van Peter. Hij schrijft op <a href=\"https:\/\/x.com\/JandeHoop\/status\/1991966671406502106\" rel=\"nofollow\">X<\/a>: \u201cHoe is het mogelijk dat dit het gevolg is van de starheid van RTL om toe te geven dat RTL Tonight is mislukt? Trekken aan een dood paard. En wat jammer voor Renze.\u201d<\/p>\n<p>Langzame groei<\/p>\n<p>Peter zegt vast te houden aan RTL Tonight, ten koste van Renze, omdat hij \u2018langzaam groei\u2019 ziet. \u201cZit hij naar andere cijfers te kijken ofzo dan?\u201d, sneert Wilfred Genee in <a href=\"https:\/\/www.kijk.nl\/programmas\/vandaag-inside\" rel=\"nofollow noopener\" target=\"_blank\">Vandaag Inside<\/a>.<\/p>\n<p>Collega Johan Derksen: \u201cDat is zichzelf moed inspreken, want hij zal langzamerhand ook wel doorkrijgen dat de directie van zijn toko er ook vraagtekens bij zet dat hij eigenlijk alleen maar mislukte programma\u2019s op de buis gooit.\u201d<\/p>\n<p>H\u00e9l\u00e8ne verbaasd<\/p>\n<p>Tafelgast H\u00e9l\u00e8ne Hendriks is echt verbaasd. \u201cDenkt Peter echt dat het kan doorgroeien? Ik denk het wel, want anders ga je er niet mee door.\u201d<\/p>\n<p>Johan: \u201cDe beste presentator heeft de handdoek in de ring gegooid, dus dan blijven Beau en Humberto over? Leonie die kan wel wat nieuw leven in de brouwerij gooien. Die vind ik niet zo slecht, al mislukt alles wat ze doet.\u201d<\/p>\n<p>Advies van Ren\u00e9<\/p>\n<p>Wat is het advies van Ren\u00e9 van der Gijp? Hij zegt: \u201cVan Renze is het een goede keuze, maar wat ze moeten doen is: ze moeten het gewoon omgooien. Dan heb je wat anders geprobeerd en dat is toch ook niet erg? Daar hoef je toch niemand op aan te kijken? Iedereen mag een keer wat proberen toch?\u201d<\/p>\n<p>Johan: \u201cPeter van der Vorst ziet dat als een persoonlijke belediging.\u201d<\/p>\n<p>Ren\u00e9: \u201cJa, maar waarom? Je begint wat nieuws en na drie of vier maanden denk je: dat was het niet. Jammer dan!\u201d<\/p>\n<p>Johan: \u201cEgo! Ego!\u201d<\/p>\n<p>Vijf dagen<\/p>\n<p>Ren\u00e9 vindt dat Peter die schaamte gewoon moet slikken. \u201cZe hebben het er vijf dagen over en dan komt Marco Borsato weer. Dan gaat het weer over iets anders.\u201d<\/p>\n<p>H\u00e9l\u00e8ne: \u201cJe moet er een beetje overheen stappen, denk ik. Precies wat je zegt.\u201d<\/p>\n<p>Wilfred: \u201cGewoon een tafeltje neerzetten en Renze weer terughalen.\u201d<\/p>\n<p>Johan: \u201cKijk, Renze steekt met kop en schouders boven die andere twee uit, ook qua gunfactor. Hij straalt enthousiasme uit, want voor Beau is het een verplicht nummer en Humberto denkt alleen maar dat hij goed is. Daar heb je allemaal niks aan.\u201d<\/p>\n<p>Complottheorie<\/p>\n<p>Dan deelt Johan zijn complottheorie. \u201cRenze is de man en het kan zo zijn dat hij nu een stapje terugdoet en in overleg met Peter wacht tot eind januari, dat hij de show weer helemaal alleen krijgt.\u201d<\/p>\n<p>Patty Brard houdt daar ook rekening mee. Zij zegt in <a href=\"https:\/\/www.kijk.nl\/programmas\/shownieuws\" rel=\"nofollow noopener\" target=\"_blank\">Shownieuws<\/a>: \u201cIk geloof er niks van. Humberto en Beau blijven over en die doen ook andere dingen voor RTL. Als dat Tonight klapt, ja, dan hebben zij ander werk, maar Renze heeft alleen die talkshow, dus ik denk dat ze hem voor die klap eruit halen en daarna weer gewoon een talkshow geven.\u201d<\/p>\n","protected":false},"excerpt":{"rendered":"H\u00e9l\u00e8ne Hendriks en Jan de Hoop verliezen hun vertrouwen in Peter van der Vorst als televisiebaas van RTL.&hellip;\n","protected":false},"author":2,"featured_media":63893,"comment_status":"","ping_status":"","sticky":false,"template":"","format":"standard","meta":{"footnotes":""},"categories":[31],"tags":[99,147,48,98,581,13845,46,47,49,45,50,284],"class_list":{"0":"post-63892","1":"post","2":"type-post","3":"status-publish","4":"format-standard","5":"has-post-thumbnail","7":"category-celebrities","8":"tag-amusement","9":"tag-celebrities","10":"tag-dutch","11":"tag-entertainment","12":"tag-helene-hendriks","13":"tag-jan-de-hoop","14":"tag-nederland","15":"tag-nederlanden","16":"tag-nederlands","17":"tag-netherlands","18":"tag-nl","19":"tag-peter-van-der-vorst"},"share_on_mastodon":{"url":"https:\/\/pubeurope.com\/@nl\/115599275795717120","error":""},"_links":{"self":[{"href":"https:\/\/www.europesays.com\/nl\/wp-json\/wp\/v2\/posts\/63892","targetHints":{"allow":["GET"]}}],"collection":[{"href":"https:\/\/www.europesays.com\/nl\/wp-json\/wp\/v2\/posts"}],"about":[{"href":"https:\/\/www.europesays.com\/nl\/wp-json\/wp\/v2\/types\/post"}],"author":[{"embeddable":true,"href":"https:\/\/www.europesays.com\/nl\/wp-json\/wp\/v2\/users\/2"}],"replies":[{"embeddable":true,"href":"https:\/\/www.europesays.com\/nl\/wp-json\/wp\/v2\/comments?post=63892"}],"version-history":[{"count":0,"href":"https:\/\/www.europesays.com\/nl\/wp-json\/wp\/v2\/posts\/63892\/revisions"}],"wp:featuredmedia":[{"embeddable":true,"href":"https:\/\/www.europesays.com\/nl\/wp-json\/wp\/v2\/media\/63893"}],"wp:attachment":[{"href":"https:\/\/www.europesays.com\/nl\/wp-json\/wp\/v2\/media?parent=63892"}],"wp:term":[{"taxonomy":"category","embeddable":true,"href":"https:\/\/www.europesays.com\/nl\/wp-json\/wp\/v2\/categories?post=63892"},{"taxonomy":"post_tag","embeddable":true,"href":"https:\/\/www.europesays.com\/nl\/wp-json\/wp\/v2\/tags?post=63892"}],"curies":[{"name":"wp","href":"https:\/\/api.w.org\/{rel}","templated":true}]}}