{"id":63925,"date":"2025-11-23T14:14:38","date_gmt":"2025-11-23T14:14:38","guid":{"rendered":"https:\/\/www.europesays.com\/nl\/63925\/"},"modified":"2025-11-23T14:14:38","modified_gmt":"2025-11-23T14:14:38","slug":"jan-smit-op-fatbike-door-zwolle-de-peperbus-wordt-verlicht-en-meer-nieuws-van-deze-week","status":"publish","type":"post","link":"https:\/\/www.europesays.com\/nl\/63925\/","title":{"rendered":"Jan Smit op fatbike door Zwolle, de Peperbus wordt verlicht en meer nieuws van deze week"},"content":{"rendered":"<p>De week zit weer bomvol leuke, bijzondere en inspirerende verhalen uit Zwolle. Zo scoorde onze stad goed bij het NK Tegelwippen, opent Anja een sfeervolle bloemenwinkel in Stadshagen en wordt de Peperbus binnenkort omgetoverd tot een lichtkunstwerk. Nieuwsgierig naar wat je niet mag missen? We zetten de hoogtepunten op een rijtje!<\/p>\n<p>Niek strikt Jan Smit voor fatbike-video<\/p>\n<p>Zwollenaar Niek is razendpopulair op Instagram en TikTok. Deze keer heeft hij niemand minder dan Jan Smit gestrikt voor een video over fatbikes. \u201cToch wel bijzonder,\u201d noemt Niek het zelf. Wil je zien wat hij en Jan Smit allemaal uitspoken op die stoere bikes?\u00a0<a href=\"https:\/\/indebuurt.nl\/zwolle\/nieuws\/opmerkelijk\/populaire-niek-uit-zwolle-strikt-jan-smit-voor-fatbike-video-toch-wel-bijzonder~357534\/\" target=\"_blank\" rel=\"noreferrer noopener nofollow\">Lees hier het hele verhaal.<\/a><\/p>\n<ul class=\"related-post__list\">\n<li>\n<p>                            Genieten van Zwolle, Nieuws, Opmerkelijk                        <\/p>\n<\/li>\n<\/ul>\n<p class=\"related-post__excerpt\">Je kent het vast wel: fatbikers die soms op de weg langs je heen razen of\u2026<\/p>\n<p>        <img decoding=\"async\" width=\"680\" height=\"380\" src=\"https:\/\/www.europesays.com\/nl\/wp-content\/uploads\/2025\/11\/niek-velner-jan-smit-fatbike-680x380.jpeg\" class=\"attachment-680x380 size-680x380\" alt=\"niek velner-jan smit fatbike\" loading=\"lazy\"  \/>    <\/p>\n<p>\n                Advertentie wordt geladen\u2026            <\/p>\n<p>Peperbus wordt canvas voor lichtkunst<\/p>\n<p>In december wordt \u00e9\u00e9n van de meest iconische plekken van Zwolle n\u00f3g specialer: de Peperbus wordt verlicht met kunstwerken! En het mooiste? Jouw eigen creatie kan straks prijken op dit Zwolse symbool. Doe mee en laat jouw artistieke kant zien.\u00a0<a href=\"https:\/\/indebuurt.nl\/zwolle\/nieuws\/de-peperbus-wordt-in-december-verlicht-met-kunstwerken-en-die-van-jou-kan-erop-komen~357241\/\" target=\"_blank\" rel=\"noreferrer noopener nofollow\">Meer weten? Klik hier.<\/a><\/p>\n<ul class=\"related-post__list\">\n<li>\n<p>                            Genieten van Zwolle, Nieuws                        <\/p>\n<\/li>\n<\/ul>\n<p class=\"related-post__excerpt\">Normaal is-ie al van heinde en verre te zien, maar deze winter valt de Peperbus extra\u2026<\/p>\n<p>        <img decoding=\"async\" width=\"680\" height=\"380\" src=\"https:\/\/www.europesays.com\/nl\/wp-content\/uploads\/2025\/11\/peperbus-verlicht-kunstprojectie-1-680x380.jpg\" class=\"attachment-680x380 size-680x380\" alt=\"peperbus verlicht kunstprojectie\" loading=\"lazy\"  \/>    <\/p>\n<p>\n                Advertentie wordt geladen\u2026            <\/p>\n<p>Koffiecorner tussen de bloemen<\/p>\n<p>In Stadshagen is er iets bijzonders te ontdekken: Anja heeft een bloemenwinkel geopend waar een koffiecorner in zit. Terwijl je je bloemen uitzoekt, geniet je van een kopje koffie. Een perfecte plek voor een relaxmomentje tussen de geuren en kleuren. Nieuwsgierig hoe de zaak eruitziet?\u00a0<a href=\"https:\/\/indebuurt.nl\/zwolle\/nieuws\/nieuw-in\/koffiecorner-tussen-de-bloemen-anja-opent-bijzondere-bloemenwinkel-in-stadshagen~357230\/\" target=\"_blank\" rel=\"noreferrer noopener nofollow\">Lees hier meer!<\/a><\/p>\n<ul class=\"related-post__list\">\n<li>\n<p>                            Bedrijvigheid, Nieuw in Zwolle, Nieuws                        <\/p>\n<\/li>\n<\/ul>\n<p class=\"related-post__excerpt\">Bewoners in de Zwolse wijk Stadshagen kunnen een fleurig boeketje halen op een nieuw adres, want\u2026<\/p>\n<p>        <img decoding=\"async\" width=\"680\" height=\"380\" src=\"https:\/\/www.europesays.com\/nl\/wp-content\/uploads\/2025\/11\/anja-bloementrends-zwolle-680x380.jpg\" class=\"attachment-680x380 size-680x380\" alt=\"anja bloementrends\" loading=\"lazy\"  \/>    <\/p>\n<p>\n                Advertentie wordt geladen\u2026            <\/p>\n<p>Tegels eruit, groen erin<\/p>\n<p>Zwolle heeft zich van haar duurzame kant laten zien: onze stad scoorde ontzettend goed bij het NK Tegelwippen. Dankzij de wedstrijd werden honderden tegels vervangen door groen. Benieuwd naar de resultaten en wat voor groene plannen er nog zijn?\u00a0<a href=\"https:\/\/indebuurt.nl\/zwolle\/nieuws\/tegels-weg-groen-erin-zo-goed-scoorde-zwolle-bij-het-nk-tegelwippen~357262\/\" target=\"_blank\" rel=\"noreferrer noopener nofollow\">Lees hier verder.<\/a><\/p>\n<p class=\"related-post__excerpt\">Zoveel mogelijk tegels vervangen door gras, bloemenperken, bomen of geveltuinen: dat is het doel van het\u2026<\/p>\n<p>        <img decoding=\"async\" width=\"680\" height=\"380\" src=\"https:\/\/www.europesays.com\/nl\/wp-content\/uploads\/2025\/11\/01-NK-Tegelwippen-Grote-Plantdag-scaled-680x380.jpg\" class=\"attachment-680x380 size-680x380\" alt=\"\" loading=\"lazy\"  \/>    <\/p>\n<p>\n                Advertentie wordt geladen\u2026            <\/p>\n<p>Hotspots van Emma<\/p>\n<p>Emma neemt je mee naar haar favoriete Zwolse plekken. Van gezellige eettentjes tot bijzondere winkels: met Emma\u2019s tips ontdek je een nieuwe kant van Zwolle. Zin om je stad met andere ogen te bekijken?\u00a0<a href=\"https:\/\/indebuurt.nl\/zwolle\/zwollenaren\/favorieten-van\/de-zwolse-favorieten-van-emma-je-vindt-hier-gegarandeerd-iets-unieks~356552\/\" target=\"_blank\" rel=\"noreferrer noopener nofollow\">Lees haar tips hier.<\/a><\/p>\n<ul class=\"related-post__list\">\n<li>\n<p>                            Favorieten van, Genieten van Zwolle, Getipt, Zwollenaren                        <\/p>\n<\/li>\n<\/ul>\n<p class=\"related-post__excerpt\">Emma Jonkhout (28) is geboren en getogen in Zwolle en woonde bijna haar hele leven in\u2026<\/p>\n<p>        <img decoding=\"async\" width=\"680\" height=\"380\" src=\"https:\/\/www.europesays.com\/nl\/wp-content\/uploads\/2025\/11\/image0-4-1-680x380.jpeg\" class=\"attachment-680x380 size-680x380\" alt=\"\" loading=\"lazy\"  \/>    <\/p>\n<p>\n                Advertentie wordt geladen\u2026            <\/p>\n<p>\n                Advertentie wordt geladen\u2026            <\/p>\n","protected":false},"excerpt":{"rendered":"De week zit weer bomvol leuke, bijzondere en inspirerende verhalen uit Zwolle. Zo scoorde onze stad goed bij&hellip;\n","protected":false},"author":2,"featured_media":63926,"comment_status":"","ping_status":"","sticky":false,"template":"","format":"standard","meta":{"footnotes":""},"categories":[12],"tags":[39,40,48,43,44,34,35,41,42,46,47,49,45,32,33,50,36,37,38],"class_list":{"0":"post-63925","1":"post","2":"type-post","3":"status-publish","4":"format-standard","5":"has-post-thumbnail","7":"category-nederland","8":"tag-breaking-news","9":"tag-breakingnews","10":"tag-dutch","11":"tag-featured-news","12":"tag-featurednews","13":"tag-headlines","14":"tag-hoofdpunten","15":"tag-latest-news","16":"tag-latestnews","17":"tag-nederland","18":"tag-nederlanden","19":"tag-nederlands","20":"tag-netherlands","21":"tag-news","22":"tag-nieuws","23":"tag-nl","24":"tag-top-stories","25":"tag-topstories","26":"tag-voorpaginanieuws"},"share_on_mastodon":{"url":"https:\/\/pubeurope.com\/@nl\/115599433126772068","error":""},"_links":{"self":[{"href":"https:\/\/www.europesays.com\/nl\/wp-json\/wp\/v2\/posts\/63925","targetHints":{"allow":["GET"]}}],"collection":[{"href":"https:\/\/www.europesays.com\/nl\/wp-json\/wp\/v2\/posts"}],"about":[{"href":"https:\/\/www.europesays.com\/nl\/wp-json\/wp\/v2\/types\/post"}],"author":[{"embeddable":true,"href":"https:\/\/www.europesays.com\/nl\/wp-json\/wp\/v2\/users\/2"}],"replies":[{"embeddable":true,"href":"https:\/\/www.europesays.com\/nl\/wp-json\/wp\/v2\/comments?post=63925"}],"version-history":[{"count":0,"href":"https:\/\/www.europesays.com\/nl\/wp-json\/wp\/v2\/posts\/63925\/revisions"}],"wp:featuredmedia":[{"embeddable":true,"href":"https:\/\/www.europesays.com\/nl\/wp-json\/wp\/v2\/media\/63926"}],"wp:attachment":[{"href":"https:\/\/www.europesays.com\/nl\/wp-json\/wp\/v2\/media?parent=63925"}],"wp:term":[{"taxonomy":"category","embeddable":true,"href":"https:\/\/www.europesays.com\/nl\/wp-json\/wp\/v2\/categories?post=63925"},{"taxonomy":"post_tag","embeddable":true,"href":"https:\/\/www.europesays.com\/nl\/wp-json\/wp\/v2\/tags?post=63925"}],"curies":[{"name":"wp","href":"https:\/\/api.w.org\/{rel}","templated":true}]}}