{"id":63933,"date":"2025-11-23T14:26:30","date_gmt":"2025-11-23T14:26:30","guid":{"rendered":"https:\/\/www.europesays.com\/nl\/63933\/"},"modified":"2025-11-23T14:26:30","modified_gmt":"2025-11-23T14:26:30","slug":"de-rol-van-nrc-in-de-kwestie-wijers","status":"publish","type":"post","link":"https:\/\/www.europesays.com\/nl\/63933\/","title":{"rendered":"De rol van NRC in de kwestie-Wijers"},"content":{"rendered":"<p>Deze week was NRC zelf in het nieuws, na publicaties over informateur Hans Wijers. Die stapte vorige week vrijdag op. De informatieperiode gaat verder met nog maar \u00e9\u00e9n informateur, Sybrand Buma. Omdat Haagse Zaken over politiek gaat, \u00e9n over onze journalistieke afwegingen, gaan we in deze aflevering in op de berichtgeving over Wijers. Ombudsman Herman Staal licht zijn conclusies over die berichtgeving toe. En we praten verder over hoe de formatie de afgelopen week verder is verlopen met politiek verslaggever Lamyae Aharouay.<\/p>\n<p>\u00a0Verder lezen<\/p>\n<p><a href=\"https:\/\/www.nrc.nl\/nieuws\/2025\/11\/21\/verslaggeving-van-nrc-over-wijers-was-gerechtvaardigd-maar-er-ging-te-veel-fout-a4913245\" rel=\"nofollow noopener\" target=\"_blank\">De column van ombudsman Herman Staal: Verslaggeving van NRC over Wijers was gerechtvaardigd maar er ging te veel fout<\/a><\/p>\n<p><a href=\"https:\/\/www.nrc.nl\/nieuws\/2025\/07\/11\/een-club-van-ondernemers-gaat-campagne-voeren-voor-een-kabinet-van-vvd-cda-en-d66-dus-zonder-pvv-of-groenlinks-pvda-a4900031\" rel=\"nofollow noopener\" target=\"_blank\">Het artikel van Guus Valk: Een club van ondernemers gaat campagne voeren voor een kabinet van VVD, CDA en D66 \u2013 dus zonder PVV of GroenLinks-PvdA<\/a><\/p>\n<p>\u00a0<\/p>\n<p>\u00a0<\/p>\n<p>Heeft u vragen, suggesties of idee\u00ebn over onze journalistiek? Mail dan naar onze redactie via podcast@nrc.nl.<\/p>\n<dl class=\"dmt-podcast-credits\">\n<dt>Gasten:<\/dt>\n<dd>Herman Staal en Lamyae Aharouay<\/dd>\n<dt>Presentatie:<\/dt>\n<dd>Guus Valk<\/dd>\n<dt>Redactie &amp; productie:<\/dt>\n<dd>Iris Verhulsdonk<\/dd>\n<dt>Montage:<\/dt>\n<dd>Pieter Bakker<\/dd>\n<dt>Foto:<\/dt>\n<dd>Sem van der Wal \/ ANP<\/dd>\n<\/dl>\n<p>Geef cadeau<\/p>\n<p>Deel<\/p>\n<p>Mail de redactie<\/p>\n<p>\nNIEUW: Geef dit artikel cadeau<br \/>\n\t\t\tAls NRC-abonnee kun je elke maand 10 artikelen cadeau geven aan iemand zonder NRC-abonnement. De ontvanger kan het artikel direct lezen, zonder betaalmuur.\n\t\t<\/p>\n","protected":false},"excerpt":{"rendered":"Deze week was NRC zelf in het nieuws, na publicaties over informateur Hans Wijers. Die stapte vorige week&hellip;\n","protected":false},"author":2,"featured_media":63934,"comment_status":"","ping_status":"","sticky":false,"template":"","format":"standard","meta":{"footnotes":""},"categories":[17],"tags":[73,74,48,46,47,49,45,50,75],"class_list":{"0":"post-63933","1":"post","2":"type-post","3":"status-publish","4":"format-standard","5":"has-post-thumbnail","7":"category-zakelijk","8":"tag-business","9":"tag-commercial","10":"tag-dutch","11":"tag-nederland","12":"tag-nederlanden","13":"tag-nederlands","14":"tag-netherlands","15":"tag-nl","16":"tag-zakelijk"},"share_on_mastodon":{"url":"https:\/\/pubeurope.com\/@nl\/115599480278485803","error":""},"_links":{"self":[{"href":"https:\/\/www.europesays.com\/nl\/wp-json\/wp\/v2\/posts\/63933","targetHints":{"allow":["GET"]}}],"collection":[{"href":"https:\/\/www.europesays.com\/nl\/wp-json\/wp\/v2\/posts"}],"about":[{"href":"https:\/\/www.europesays.com\/nl\/wp-json\/wp\/v2\/types\/post"}],"author":[{"embeddable":true,"href":"https:\/\/www.europesays.com\/nl\/wp-json\/wp\/v2\/users\/2"}],"replies":[{"embeddable":true,"href":"https:\/\/www.europesays.com\/nl\/wp-json\/wp\/v2\/comments?post=63933"}],"version-history":[{"count":0,"href":"https:\/\/www.europesays.com\/nl\/wp-json\/wp\/v2\/posts\/63933\/revisions"}],"wp:featuredmedia":[{"embeddable":true,"href":"https:\/\/www.europesays.com\/nl\/wp-json\/wp\/v2\/media\/63934"}],"wp:attachment":[{"href":"https:\/\/www.europesays.com\/nl\/wp-json\/wp\/v2\/media?parent=63933"}],"wp:term":[{"taxonomy":"category","embeddable":true,"href":"https:\/\/www.europesays.com\/nl\/wp-json\/wp\/v2\/categories?post=63933"},{"taxonomy":"post_tag","embeddable":true,"href":"https:\/\/www.europesays.com\/nl\/wp-json\/wp\/v2\/tags?post=63933"}],"curies":[{"name":"wp","href":"https:\/\/api.w.org\/{rel}","templated":true}]}}