{"id":63968,"date":"2025-11-23T15:09:09","date_gmt":"2025-11-23T15:09:09","guid":{"rendered":"https:\/\/www.europesays.com\/nl\/63968\/"},"modified":"2025-11-23T15:09:09","modified_gmt":"2025-11-23T15:09:09","slug":"eu-moet-centrale-rol-spelen-in-vredesakkoord-oekraine","status":"publish","type":"post","link":"https:\/\/www.europesays.com\/nl\/63968\/","title":{"rendered":"&#8216;EU moet centrale rol spelen in vredesakkoord Oekra\u00efne&#8217;"},"content":{"rendered":"\n<p>Von der Leyens verklaring komt op de dag van overleg tussen topfunctionarissen van de Verenigde Staten, Oekra\u00efne en Europese bondgenoten in het Zwitserse Gen\u00e8ve. De besprekingen gaan over het Amerikaanse conceptvoorstel voor vrede, waarin onder meer staat dat Oekra\u00efne grondgebied moet opgeven.\u00a0<\/p>\n<p>De Commissievoorzitter vindt ook dat de Europese Unie een centrale rol moet spelen in een vredesakkoord voor Oekra\u00efne.<\/p>\n<p>Deze punten zijn volgens haar belangrijk voor een rechtvaardige en blijvende vrede en de Oekra\u00efense soevereiniteit. De terugkeer van alle Oekra\u00efense kinderen die sinds de invasie &#8216;zijn ontvoerd door Rusland&#8217;, moet volgens haar ook worden opgenomen in een vredesakkoord. Volgens Oekra\u00efne gaat het om ongeveer 20.000 kinderen.<\/p>\n<p> Duurzaam vredesplan <\/p>\n<p>&#8220;Elk geloofwaardig en duurzaam vredesplan moet allereerst het doden stoppen en een einde maken aan de oorlog, zonder zaden te zaaien voor een toekomstig conflict&#8221;, vindt Von der Leyen. Ze wijst erop dat Oekra\u00efne voor een Europese toekomst heeft gekozen, verwijzend naar de Oekra\u00efense wens om lid te worden van de Europese Unie.<\/p>\n<p>De voorzitter zegt dat Brussel samen met Oekra\u00efne, de lidstaten, de coalitie van bereidwilligen en de Verenigde Staten zal blijven samenwerken om stappen naar vrede te zetten. Ze laat ook weten dat met Oekra\u00efne en Canada wordt gewerkt aan een top over het terughalen van de Oekra\u00efense kinderen.<\/p>\n<p>Onze correspondent Jeroen Akkermans vroeg Oekra\u00efeners zelf wat ze van het plan vonden:<\/p>\n<p>Het <a href=\"https:\/\/www.rtl.nl\/nieuws\/buitenland\/artikel\/5539908\/oekraine-rusland-oorlog-amerika-puntenplan-trump-poetin-zelensky\" target=\"_blank\" rel=\"nofollow noopener\">zogeheten 28-puntenplan<\/a> is samengesteld door de VS en Rusland en bevat meerdere punten die de Oekra\u00efense president Volodymyr Zelensky al meerdere malen heeft afgewezen. Het gaat onder meer om het afstaan van Oekra\u00efens grondgebied aan Rusland en het inperken van de omvang van het Oekra\u00efense leger.\u00a0<\/p>\n<p>De Amerikaanse president Trump heeft de Oekra\u00efense president Zelensky inmiddels flink onder druk gezet. Hij wil dat Zelensky het plan uiterlijk komende week accepteert.\u00a0<\/p>\n","protected":false},"excerpt":{"rendered":"Von der Leyens verklaring komt op de dag van overleg tussen topfunctionarissen van de Verenigde Staten, Oekra\u00efne en&hellip;\n","protected":false},"author":2,"featured_media":63969,"comment_status":"","ping_status":"","sticky":false,"template":"","format":"standard","meta":{"footnotes":""},"categories":[15],"tags":[39,40,48,43,44,34,35,41,42,46,47,49,45,32,33,50,321,1374,155,36,37,4274,38,67,64,65,66],"class_list":{"0":"post-63968","1":"post","2":"type-post","3":"status-publish","4":"format-standard","5":"has-post-thumbnail","7":"category-wereld","8":"tag-breaking-news","9":"tag-breakingnews","10":"tag-dutch","11":"tag-featured-news","12":"tag-featurednews","13":"tag-headlines","14":"tag-hoofdpunten","15":"tag-latest-news","16":"tag-latestnews","17":"tag-nederland","18":"tag-nederlanden","19":"tag-nederlands","20":"tag-netherlands","21":"tag-news","22":"tag-nieuws","23":"tag-nl","24":"tag-oekraine","25":"tag-oorlog-in-oekraine","26":"tag-rusland","27":"tag-top-stories","28":"tag-topstories","29":"tag-ursula-von-der-leyen","30":"tag-voorpaginanieuws","31":"tag-wereld","32":"tag-world","33":"tag-world-news","34":"tag-worldnews"},"share_on_mastodon":{"url":"https:\/\/pubeurope.com\/@nl\/115599649369471137","error":""},"_links":{"self":[{"href":"https:\/\/www.europesays.com\/nl\/wp-json\/wp\/v2\/posts\/63968","targetHints":{"allow":["GET"]}}],"collection":[{"href":"https:\/\/www.europesays.com\/nl\/wp-json\/wp\/v2\/posts"}],"about":[{"href":"https:\/\/www.europesays.com\/nl\/wp-json\/wp\/v2\/types\/post"}],"author":[{"embeddable":true,"href":"https:\/\/www.europesays.com\/nl\/wp-json\/wp\/v2\/users\/2"}],"replies":[{"embeddable":true,"href":"https:\/\/www.europesays.com\/nl\/wp-json\/wp\/v2\/comments?post=63968"}],"version-history":[{"count":0,"href":"https:\/\/www.europesays.com\/nl\/wp-json\/wp\/v2\/posts\/63968\/revisions"}],"wp:featuredmedia":[{"embeddable":true,"href":"https:\/\/www.europesays.com\/nl\/wp-json\/wp\/v2\/media\/63969"}],"wp:attachment":[{"href":"https:\/\/www.europesays.com\/nl\/wp-json\/wp\/v2\/media?parent=63968"}],"wp:term":[{"taxonomy":"category","embeddable":true,"href":"https:\/\/www.europesays.com\/nl\/wp-json\/wp\/v2\/categories?post=63968"},{"taxonomy":"post_tag","embeddable":true,"href":"https:\/\/www.europesays.com\/nl\/wp-json\/wp\/v2\/tags?post=63968"}],"curies":[{"name":"wp","href":"https:\/\/api.w.org\/{rel}","templated":true}]}}