{"id":64519,"date":"2025-11-24T09:32:08","date_gmt":"2025-11-24T09:32:08","guid":{"rendered":"https:\/\/www.europesays.com\/nl\/64519\/"},"modified":"2025-11-24T09:32:08","modified_gmt":"2025-11-24T09:32:08","slug":"roxeanne-hazes-woest-om-foto-met-grote-worst-in-mond-tring","status":"publish","type":"post","link":"https:\/\/www.europesays.com\/nl\/64519\/","title":{"rendered":"Roxeanne Hazes woest om foto met grote worst in mond: &#8216;T*ring!&#8217;"},"content":{"rendered":"<p>Roxeanne Hazes is tijdens haar ruzie met broertje Andr\u00e9 Hazes jr. gefotografeerd met een grote HEMA-worst in haar mond, en dat maakte haar echt p\u00edslink. De fotograaf in kwestie? Andr\u00e9. Huh?!<\/p>\n<p>        Door onze entertainmentredactie<\/p>\n<p>        <img fetchpriority=\"high\" decoding=\"async\" width=\"1280\" height=\"720\" src=\"https:\/\/www.europesays.com\/nl\/wp-content\/uploads\/2025\/11\/0226-Roxeanne-Hazes.jpg\" class=\"attachment-post-thumbnail size-post-thumbnail wp-post-image\" alt=\"Roxeanne Hazes\"  \/>        \u00a9 SBS    <\/p>\n<p>Wat een rare snuiter is Andr\u00e9 Hazes jr. kennelijk af en toe: in de periode dat hij in de clinch lag met zijn zus Roxeanne Hazes, heeft hij haar gefotografeerd met een enorme HEMA-worst in haar mond. Een bijzonder merkwaardige actie, en Roxeanne was daar dan ook totaal niet van gediend. Het heeft hun conflict alleen maar verder verdiept.<\/p>\n<p>HEMA-worst<\/p>\n<p>Waarom deed Andr\u00e9 dit? \u201cNa die tijd in de kliniek was ik wel afgekickt, maar ik leefde nog met veel verdriet. Iemand die mij soms adviezen geeft, zei alleen maar: \u2018je zus\u2019. Eerst dacht ik nog: nee, dat is het niet. Tot ik op een gegeven moment door had: ja, dat is het w\u00e9l\u201d, vertelt hij in de <a href=\"https:\/\/www.linda.nl\/\" rel=\"nofollow noopener\" target=\"_blank\">LINDA<\/a>. <\/p>\n<p>Hij vervolgt: \u201cVervolgens heb ik Rox een aantal onhandige appjes gestuurd en \u00e9\u00e9n keer zag ik haar lopen terwijl ze een Hema-worst at. Daar heb ik toen een filmpje van gemaakt, helemaal ingezoomd terwijl zij die worst in haar mond stak, en dat naar haar gestuurd. Daar zit niemand op te wachten natuurlijk.\u201d<\/p>\n<p>Rox pissig<\/p>\n<p>Roxeanne vond dat dus echt niet normaal. \u201cHeb je elkaar zo lang niet gesproken, krijg je zo\u2019n filmpje toegestuurd\u2026 Maar goed, toen we elkaar weer zagen, wist ik meteen weer waarom ik zo veel van hem houd.\u201d<\/p>\n<p>Andr\u00e9: \u201cIk voelde ook meteen: tering, d\u00edt is wat ik zo heb gemist. Zij is echt mijn hart.\u201d<\/p>\n<p>Het gaat inmiddels z\u00f3 goed, dat de twee ook weer allebei gaan optreden tijdens Holland Zingt Hazes.<\/p>\n<p>Samen op podium<\/p>\n<p>Hoe zien Andr\u00e9 en Rox die re\u00fcnie precies voor zich? Gaan ze in duet? Andr\u00e9: \u201cJa, tuurlijk. Ik denk dat dat de opening wordt. Ik weet nog dat er van ons werd gevraagd om de opening van Holland Zingt Hazes te doen in een jaar dat wij niet met elkaar spraken. Of we dan hand in hand konden opkomen? Ik was toen nog een snotaap, maar zei dat ik dat \u00e9cht niet ging doen.\u201d<\/p>\n<p>\u201cToen kwamen er allemaal mensen, onder wie Joop van den Ende, die vonden dat dat mooi was voor het beeld. Maar ik hield voet bij stuk. Ik was tenslotte zanger geworden, geen acteur.\u201d <\/p>\n<p>Verschrikkelijk<\/p>\n<p>En hoe ziet Roxeanne dit? \u201cMentaal vond ik het verschrikkelijk om daar rond te lopen. Er waren allemaal kampen, iedereen was gebrouilleerd met elkaar. Ik heb er dus wel even over na moeten denken of ik \u00e9cht weer wilde.\u201d<\/p>\n<p>\u201cMaar Fender luistert inmiddels vaak naar de muziek van zijn \u2018liedjesopa\u2019, zoals wij mijn vader thuis noemen. En daardoor ben ik eigenlijk trotser dan ooit dat ik zijn muziek mag zingen. Zeker met mijn broertje naast me.\u201d<\/p>\n","protected":false},"excerpt":{"rendered":"Roxeanne Hazes is tijdens haar ruzie met broertje Andr\u00e9 Hazes jr. gefotografeerd met een grote HEMA-worst in haar&hellip;\n","protected":false},"author":2,"featured_media":64520,"comment_status":"","ping_status":"","sticky":false,"template":"","format":"standard","meta":{"footnotes":""},"categories":[25],"tags":[99,2497,48,98,46,47,49,45,50,655],"class_list":{"0":"post-64519","1":"post","2":"type-post","3":"status-publish","4":"format-standard","5":"has-post-thumbnail","7":"category-amusement","8":"tag-amusement","9":"tag-andre-hazes-jr","10":"tag-dutch","11":"tag-entertainment","12":"tag-nederland","13":"tag-nederlanden","14":"tag-nederlands","15":"tag-netherlands","16":"tag-nl","17":"tag-roxeanne-hazes"},"share_on_mastodon":{"url":"https:\/\/pubeurope.com\/@nl\/115603986533494622","error":""},"_links":{"self":[{"href":"https:\/\/www.europesays.com\/nl\/wp-json\/wp\/v2\/posts\/64519","targetHints":{"allow":["GET"]}}],"collection":[{"href":"https:\/\/www.europesays.com\/nl\/wp-json\/wp\/v2\/posts"}],"about":[{"href":"https:\/\/www.europesays.com\/nl\/wp-json\/wp\/v2\/types\/post"}],"author":[{"embeddable":true,"href":"https:\/\/www.europesays.com\/nl\/wp-json\/wp\/v2\/users\/2"}],"replies":[{"embeddable":true,"href":"https:\/\/www.europesays.com\/nl\/wp-json\/wp\/v2\/comments?post=64519"}],"version-history":[{"count":0,"href":"https:\/\/www.europesays.com\/nl\/wp-json\/wp\/v2\/posts\/64519\/revisions"}],"wp:featuredmedia":[{"embeddable":true,"href":"https:\/\/www.europesays.com\/nl\/wp-json\/wp\/v2\/media\/64520"}],"wp:attachment":[{"href":"https:\/\/www.europesays.com\/nl\/wp-json\/wp\/v2\/media?parent=64519"}],"wp:term":[{"taxonomy":"category","embeddable":true,"href":"https:\/\/www.europesays.com\/nl\/wp-json\/wp\/v2\/categories?post=64519"},{"taxonomy":"post_tag","embeddable":true,"href":"https:\/\/www.europesays.com\/nl\/wp-json\/wp\/v2\/tags?post=64519"}],"curies":[{"name":"wp","href":"https:\/\/api.w.org\/{rel}","templated":true}]}}