{"id":64659,"date":"2025-11-24T12:12:13","date_gmt":"2025-11-24T12:12:13","guid":{"rendered":"https:\/\/www.europesays.com\/nl\/64659\/"},"modified":"2025-11-24T12:12:13","modified_gmt":"2025-11-24T12:12:13","slug":"belgische-regering-bereikt-langverwacht-begrotingsakkoord","status":"publish","type":"post","link":"https:\/\/www.europesays.com\/nl\/64659\/","title":{"rendered":"Belgische regering bereikt langverwacht begrotingsakkoord"},"content":{"rendered":"<p>De Belgische overheid heeft een akkoord bereikt over een nieuwe begroting, na maanden van overleg die het voortbestaan van de coalitie onzeker maakten. Maandagochtend, na twintig uur vergaderen, waren de Vlaams-nationalistische conservatief-liberalen (N-VA), christendemocraten (CD&amp;V), socialisten (Vooruit), Franstalige liberalen (MR) en middenpartij Les Engag\u00e9s eruit, <a href=\"https:\/\/www.standaard.be\/politiek\/premier-de-wever-heeft-begrotingsakkoord-na-marathonvergadering-dit-weten-we-al\/107209395.html\" rel=\"nofollow noopener\" target=\"_blank\">schrijft<\/a> De Standaard. Premier Bart De Wever noemt het \u201eeen tweede regeerakkoord\u201d.<\/p>\n<p>De Belgische overheid heeft een begrotingstekort van 25,5 miljard euro\u00a0\u2013 5,5 procent van het bruto binnenlands product (bbp) \u2013 het grootste begrotingsgat <a href=\"https:\/\/www.tijd.be\/politiek-economie\/belgie\/economie\/belgie-heeft-grootste-begrotingstekort-in-eurozone\/10631471.html\" rel=\"nofollow noopener\" target=\"_blank\">in de eurozone<\/a>. Volgens EU-regels mogen lidstaten hun tekort niet laten oplopen tot meer dan 3 procent van het bbp. Om aan die regel te voldoen, moest Belgi\u00eb minimaal 9,2 miljard euro bezuinigen v\u00f3\u00f3r 2030.<\/p>\n<p>Maar over de kostenposten waarop bezuinigd moest worden, werden de vijf coalitiepartijen het niet eens: eerder deze maand ging De Wever nog langs bij koning Filip om uitstel te vragen tot Kerst. Zo waren de liberalen tegen een btw-verhoging en wilden zij de bijna 10 miljard euro geheel op sociale zekerheid besparen. <\/p>\n<p>Een algemene btw-verhoging komt er niet, schrijft De Standaard, maar er komt wel een btw-stijging op bepaalde producten waaronder hotelovernachtingen, campings en pesticiden. Er komt een \u2018pakjestaks\u2019 voor kleine pakketten van niet-Europese webshops zoals Shein. Verder is er een afspraak gemaakt om 100.000 langdurig zieken weer aan het werk te krijgen, wat 1,9 miljard moet opleveren. <\/p>\n<p>Wat gedeeltelijk verdwijnt is de automatische indexatie van lonen en uitkeringen met de inflatie \u2013 Belgi\u00eb is een van de weinige Europese landen die zo\u2019n maatregel nog heeft. In het begrotingsakkoord van maandag is besloten dat lonen vanaf 4.000 euro bruto niet meer ge\u00efndexeerd worden, maar dat dat die inkomens 2026 en 2028 een vast bedrag krijgen. Lonen in de politiek, van parlementsleden en ministers, worden ook niet meer ge\u00efndexeerd.<\/p>\n<p>Geef cadeau<\/p>\n<p>Deel<\/p>\n<p>Mail de redactie<\/p>\n<p>\nNIEUW: Geef dit artikel cadeau<br \/>\n\t\t\tAls NRC-abonnee kun je elke maand 10 artikelen cadeau geven aan iemand zonder NRC-abonnement. De ontvanger kan het artikel direct lezen, zonder betaalmuur.\n\t\t<\/p>\n","protected":false},"excerpt":{"rendered":"De Belgische overheid heeft een akkoord bereikt over een nieuwe begroting, na maanden van overleg die het voortbestaan&hellip;\n","protected":false},"author":2,"featured_media":64660,"comment_status":"","ping_status":"","sticky":false,"template":"","format":"standard","meta":{"footnotes":""},"categories":[17],"tags":[73,74,48,46,47,49,45,50,75],"class_list":{"0":"post-64659","1":"post","2":"type-post","3":"status-publish","4":"format-standard","5":"has-post-thumbnail","7":"category-zakelijk","8":"tag-business","9":"tag-commercial","10":"tag-dutch","11":"tag-nederland","12":"tag-nederlanden","13":"tag-nederlands","14":"tag-netherlands","15":"tag-nl","16":"tag-zakelijk"},"share_on_mastodon":{"url":"https:\/\/pubeurope.com\/@nl\/115604615535541013","error":""},"_links":{"self":[{"href":"https:\/\/www.europesays.com\/nl\/wp-json\/wp\/v2\/posts\/64659","targetHints":{"allow":["GET"]}}],"collection":[{"href":"https:\/\/www.europesays.com\/nl\/wp-json\/wp\/v2\/posts"}],"about":[{"href":"https:\/\/www.europesays.com\/nl\/wp-json\/wp\/v2\/types\/post"}],"author":[{"embeddable":true,"href":"https:\/\/www.europesays.com\/nl\/wp-json\/wp\/v2\/users\/2"}],"replies":[{"embeddable":true,"href":"https:\/\/www.europesays.com\/nl\/wp-json\/wp\/v2\/comments?post=64659"}],"version-history":[{"count":0,"href":"https:\/\/www.europesays.com\/nl\/wp-json\/wp\/v2\/posts\/64659\/revisions"}],"wp:featuredmedia":[{"embeddable":true,"href":"https:\/\/www.europesays.com\/nl\/wp-json\/wp\/v2\/media\/64660"}],"wp:attachment":[{"href":"https:\/\/www.europesays.com\/nl\/wp-json\/wp\/v2\/media?parent=64659"}],"wp:term":[{"taxonomy":"category","embeddable":true,"href":"https:\/\/www.europesays.com\/nl\/wp-json\/wp\/v2\/categories?post=64659"},{"taxonomy":"post_tag","embeddable":true,"href":"https:\/\/www.europesays.com\/nl\/wp-json\/wp\/v2\/tags?post=64659"}],"curies":[{"name":"wp","href":"https:\/\/api.w.org\/{rel}","templated":true}]}}