{"id":64687,"date":"2025-11-24T12:55:10","date_gmt":"2025-11-24T12:55:10","guid":{"rendered":"https:\/\/www.europesays.com\/nl\/64687\/"},"modified":"2025-11-24T12:55:10","modified_gmt":"2025-11-24T12:55:10","slug":"witte-huis-samen-met-oekraine-gewerkt-aan-aangepast-vredesplan","status":"publish","type":"post","link":"https:\/\/www.europesays.com\/nl\/64687\/","title":{"rendered":"Witte Huis: samen met Oekra\u00efne gewerkt aan aangepast vredesplan"},"content":{"rendered":"<p>Costa: EU moet besluitvormende stem hebben bij vrede in Oekra\u00efne<\/p>\n<p>Vredesbesprekingen over Oekra\u00efne vereisen &#8220;volledige betrokkenheid en besluitvorming van de Europese Unie&#8221;, zei voorzitter van de EU-leiders Ant\u00f3nio Costa maandag. Het gaat daarbij om kwesties die de EU rechtstreeks aangaan, zoals sancties tegen Rusland, uitbreiding van de EU of de inzet van Russische bevroren tegoeden. Dat zei Costa na afloop van een bijeenkomst van 27 EU-leiders en voorzitter Ursula von der Leyen van de Europese Commissie in de Angolese hoofdstad Luanda.<\/p>\n<p>&#8220;De Europese Unie is vastbesloten om president Zelenski alle steun te blijven bieden die hij nodig heeft&#8221;, herhaalde Costa. Het gaat om financi\u00eble, militaire, economische en diplomatieke steun, zei hij.<\/p>\n<p>Volgens voorzitter Ursula von der Leyen van de Europese Commissie is er &#8220;goede vooruitgang geboekt in de onderhandelingen&#8221; dankzij een &#8220;effici\u00ebnte en geco\u00f6rdineerde Europese betrokkenheid, evenals een sterke Europese aanwezigheid in Gen\u00e8ve&#8221;, zei ze na Costa in Luanda. &#8220;Er ligt een goede basis om verder te gaan, al is er nog werk aan de winkel.&#8221;<\/p>\n<p>Net zoals Costa eerder maandag had gezegd, riep ook Von der Leyen op om verenigd te blijven en de belangen van Oekra\u00efne centraal te blijven stellen. &#8220;Dit gaat over de veiligheid van ons hele continent, nu en in de toekomst.&#8221;Ze benadrukte dat het grondgebied en de soevereiniteit van Oekra\u00efne gerespecteerd moeten worden. Daarnaast kan alleen Oekra\u00efne, &#8220;als soeverein land, beslissingen nemen over zijn strijdkrachten. De keuze van hun lot ligt in hun eigen handen&#8221;, zei de politica.<\/p>\n<p>Ze herhaalde dat vermiste en door Rusland ontvoerde Oekra\u00efense kinderen terug naar huis moeten. &#8220;Ieder van hen moet naar huis komen&#8221;, zei Von der Leyen.\u00a0<\/p>\n","protected":false},"excerpt":{"rendered":"Costa: EU moet besluitvormende stem hebben bij vrede in Oekra\u00efne Vredesbesprekingen over Oekra\u00efne vereisen &#8220;volledige betrokkenheid en besluitvorming&hellip;\n","protected":false},"author":2,"featured_media":64688,"comment_status":"","ping_status":"","sticky":false,"template":"","format":"standard","meta":{"footnotes":""},"categories":[15],"tags":[39,40,48,43,44,34,35,41,42,46,47,49,45,32,33,50,36,37,38,67,64,65,66],"class_list":{"0":"post-64687","1":"post","2":"type-post","3":"status-publish","4":"format-standard","5":"has-post-thumbnail","7":"category-wereld","8":"tag-breaking-news","9":"tag-breakingnews","10":"tag-dutch","11":"tag-featured-news","12":"tag-featurednews","13":"tag-headlines","14":"tag-hoofdpunten","15":"tag-latest-news","16":"tag-latestnews","17":"tag-nederland","18":"tag-nederlanden","19":"tag-nederlands","20":"tag-netherlands","21":"tag-news","22":"tag-nieuws","23":"tag-nl","24":"tag-top-stories","25":"tag-topstories","26":"tag-voorpaginanieuws","27":"tag-wereld","28":"tag-world","29":"tag-world-news","30":"tag-worldnews"},"share_on_mastodon":{"url":"https:\/\/pubeurope.com\/@nl\/115604784718712329","error":""},"_links":{"self":[{"href":"https:\/\/www.europesays.com\/nl\/wp-json\/wp\/v2\/posts\/64687","targetHints":{"allow":["GET"]}}],"collection":[{"href":"https:\/\/www.europesays.com\/nl\/wp-json\/wp\/v2\/posts"}],"about":[{"href":"https:\/\/www.europesays.com\/nl\/wp-json\/wp\/v2\/types\/post"}],"author":[{"embeddable":true,"href":"https:\/\/www.europesays.com\/nl\/wp-json\/wp\/v2\/users\/2"}],"replies":[{"embeddable":true,"href":"https:\/\/www.europesays.com\/nl\/wp-json\/wp\/v2\/comments?post=64687"}],"version-history":[{"count":0,"href":"https:\/\/www.europesays.com\/nl\/wp-json\/wp\/v2\/posts\/64687\/revisions"}],"wp:featuredmedia":[{"embeddable":true,"href":"https:\/\/www.europesays.com\/nl\/wp-json\/wp\/v2\/media\/64688"}],"wp:attachment":[{"href":"https:\/\/www.europesays.com\/nl\/wp-json\/wp\/v2\/media?parent=64687"}],"wp:term":[{"taxonomy":"category","embeddable":true,"href":"https:\/\/www.europesays.com\/nl\/wp-json\/wp\/v2\/categories?post=64687"},{"taxonomy":"post_tag","embeddable":true,"href":"https:\/\/www.europesays.com\/nl\/wp-json\/wp\/v2\/tags?post=64687"}],"curies":[{"name":"wp","href":"https:\/\/api.w.org\/{rel}","templated":true}]}}