{"id":64821,"date":"2025-11-24T15:18:21","date_gmt":"2025-11-24T15:18:21","guid":{"rendered":"https:\/\/www.europesays.com\/nl\/64821\/"},"modified":"2025-11-24T15:18:21","modified_gmt":"2025-11-24T15:18:21","slug":"aanpassing-in-afscheid-overleden-rene-karst","status":"publish","type":"post","link":"https:\/\/www.europesays.com\/nl\/64821\/","title":{"rendered":"Aanpassing in afscheid overleden Ren\u00e9 Karst"},"content":{"rendered":"<p class=\"mui-173mato e10ntc2u0\">De plannen voor het afscheid van Ren\u00e9 Karst zijn vanwege de grote publieke belangstelling aangepast. Het management van de <a rel=\"noopener noreferrer nofollow\" target=\"_blank\" class=\"mui-1i4zqbr e1bmvyuj0\" href=\"https:\/\/www.shownieuws.nl\/entertainment\/bners\/artikelen\/renekarst-zanger-overleden-59\">vrijdag overleden<\/a> zanger laat weten dat voor het openbare afscheid woensdag meer tijd is vrijgemaakt en dat aansluitend een besloten afscheid voor genodigden plaatsvindt.<\/p>\n<p class=\"mui-173mato e10ntc2u0\">Het publiek is tussen 15:00 en 19:00 uur welkom om in theater De Tamboer in Hoogeveen langs de kist van Ren\u00e9 te lopen. In eerste instantie zouden belangstellenden in de avond naar het theater mogen komen om afscheid van de zanger te nemen, maar in overleg met de gemeente Hoogeveen is het tijdstip vervroegd.<\/p>\n<p class=\"mui-173mato e10ntc2u0\">Ren\u00e9 overleed onverwacht op 59-jarige leeftijd aan een hartstilstand. Hij zou woensdag in De Tamboer beginnen aan zijn nieuwe theatertournee, die Karst De Afterparty had genoemd. Voor de theatershow had Ren\u00e9 een groot exemplaar van zijn kenmerkende groene bril laten maken. Zijn management laat weten dat die bril nu bij het afscheid in het theater hangt. De uitvaart van de zanger vindt later deze week in kleine, besloten kring plaats.<\/p>\n<p class=\"mui-173mato e10ntc2u0\">Lees verder na de Instagram-post&#8230;<\/p>\n<p>Zus Erika Karst gaat zingen<\/p>\n<p class=\"mui-173mato e10ntc2u0\">Zus Erika Karst heeft het heel zwaar met het\u00a0overlijden\u00a0van haar broer, zo <a class=\"mui-1i4zqbr e1bmvyuj0\" href=\"http:\/\/shownieuws.nl\/entertainment\/bners\/artikelen\/zus-rene-karst-in-diepe-rouw-zo-zwaar\" rel=\"nofollow noopener\" target=\"_blank\">vertelde ze zondag nog<\/a> aan\u00a0Shownieuws. &#8220;Ik kan het nog steeds niet geloven.&#8221; Tijdens zijn afscheid aankomende woensdag zal zij voor hem zingen. &#8220;Dat wordt heel zwaar.&#8221;<\/p>\n<p class=\"mui-173mato e10ntc2u0\">&#8220;Hij was mijn beste vriend en een fantastische broer. We hadden dezelfde humor en we hebben z\u00f3 veel mooie dingen gedaan&#8221;, blikte Erika terug. &#8220;Ik was z\u00f3 trots op het succes dat hij had.&#8221; Ren\u00e9 was donderdagavond nog op bezoek geweest bij zijn zus. &#8220;Toen hij wegging kreeg ik een dikke kus en zei hij: &#8216;Tot woensdag'&#8221;, vertelde ze in tranen.<\/p>\n<p class=\"mui-173mato e10ntc2u0\">Maar de volgende ochtend kreeg Erika verschrikkelijk nieuws te horen van haar schoonzus. &#8220;Ik zat in de trein naar mijn werk en om 09:11 belt mijn schoonzusje: &#8216;Ren\u00e9 is dood! Ren\u00e9 is dood!&#8217; Dan draait alles om je heen. Het is bizar&#8230; En dan loop je een huis binnen dat ondergedompeld is in rouw.&#8221; Omdat Ren\u00e9 zo geliefd was, stroomde het huis binnen enkele uren vol met mensen, vertelt zijn zus. &#8220;Mensen vielen elkaar in de armen. Huilen. Ongeloof.&#8221;<\/p>\n<p class=\"mui-173mato e10ntc2u0\">Lees verder na de video&#8230;<\/p>\n<p><img alt=\"In memoriam: Ren\u00e9 Karst (59)\" loading=\"lazy\" decoding=\"async\" data-nimg=\"fill\" class=\"mui-nacstu e1qtpq9e5\" style=\"position:absolute;height:100%;width:100%;left:0;top:0;right:0;bottom:0;color:transparent\"   src=\"https:\/\/www.europesays.com\/nl\/wp-content\/uploads\/2025\/11\/poster-1763797536261.jpg\"\/><\/p>\n<p>6:35<\/p>\n<p>In memoriam: Ren\u00e9 Karst (59)<\/p>\n<p>Collega-zangers rouwen<\/p>\n<p class=\"mui-173mato e10ntc2u0\">Onder meer bevriende collega&#8217;s uit het vak <a rel=\"noopener noreferrer nofollow\" target=\"_blank\" class=\"mui-1i4zqbr e1bmvyuj0\" href=\"https:\/\/www.shownieuws.nl\/entertainment\/bners\/artikelen\/rene-karst-overleden-bners\">heerst een grote verslagenheid<\/a>. Bekijk meer daarover in de\u00a0video hieronder&#8230;<\/p>\n<p><img alt=\"Artiesten rouwen om plotselinge overlijden Ren\u00e9 Karst\" loading=\"lazy\" decoding=\"async\" data-nimg=\"fill\" class=\"mui-nacstu e1qtpq9e5\" style=\"position:absolute;height:100%;width:100%;left:0;top:0;right:0;bottom:0;color:transparent\"   src=\"https:\/\/www.europesays.com\/nl\/wp-content\/uploads\/2025\/11\/artiesten-rouwen-om-plotselinge-overlijden-rene-karst.jpg\"\/><\/p>\n<p>3:10<\/p>\n<p>Artiesten rouwen om plotselinge overlijden Ren\u00e9 Karst<\/p>\n","protected":false},"excerpt":{"rendered":"De plannen voor het afscheid van Ren\u00e9 Karst zijn vanwege de grote publieke belangstelling aangepast. Het management van&hellip;\n","protected":false},"author":2,"featured_media":64822,"comment_status":"","ping_status":"","sticky":false,"template":"","format":"standard","meta":{"footnotes":""},"categories":[5],"tags":[39,40,48,43,44,34,35,41,42,46,47,49,45,32,33,50,36,37,38],"class_list":{"0":"post-64821","1":"post","2":"type-post","3":"status-publish","4":"format-standard","5":"has-post-thumbnail","7":"category-hoofdpunten","8":"tag-breaking-news","9":"tag-breakingnews","10":"tag-dutch","11":"tag-featured-news","12":"tag-featurednews","13":"tag-headlines","14":"tag-hoofdpunten","15":"tag-latest-news","16":"tag-latestnews","17":"tag-nederland","18":"tag-nederlanden","19":"tag-nederlands","20":"tag-netherlands","21":"tag-news","22":"tag-nieuws","23":"tag-nl","24":"tag-top-stories","25":"tag-topstories","26":"tag-voorpaginanieuws"},"share_on_mastodon":{"url":"https:\/\/pubeurope.com\/@nl\/115605347164914419","error":""},"_links":{"self":[{"href":"https:\/\/www.europesays.com\/nl\/wp-json\/wp\/v2\/posts\/64821","targetHints":{"allow":["GET"]}}],"collection":[{"href":"https:\/\/www.europesays.com\/nl\/wp-json\/wp\/v2\/posts"}],"about":[{"href":"https:\/\/www.europesays.com\/nl\/wp-json\/wp\/v2\/types\/post"}],"author":[{"embeddable":true,"href":"https:\/\/www.europesays.com\/nl\/wp-json\/wp\/v2\/users\/2"}],"replies":[{"embeddable":true,"href":"https:\/\/www.europesays.com\/nl\/wp-json\/wp\/v2\/comments?post=64821"}],"version-history":[{"count":0,"href":"https:\/\/www.europesays.com\/nl\/wp-json\/wp\/v2\/posts\/64821\/revisions"}],"wp:featuredmedia":[{"embeddable":true,"href":"https:\/\/www.europesays.com\/nl\/wp-json\/wp\/v2\/media\/64822"}],"wp:attachment":[{"href":"https:\/\/www.europesays.com\/nl\/wp-json\/wp\/v2\/media?parent=64821"}],"wp:term":[{"taxonomy":"category","embeddable":true,"href":"https:\/\/www.europesays.com\/nl\/wp-json\/wp\/v2\/categories?post=64821"},{"taxonomy":"post_tag","embeddable":true,"href":"https:\/\/www.europesays.com\/nl\/wp-json\/wp\/v2\/tags?post=64821"}],"curies":[{"name":"wp","href":"https:\/\/api.w.org\/{rel}","templated":true}]}}