{"id":65434,"date":"2025-11-25T06:26:09","date_gmt":"2025-11-25T06:26:09","guid":{"rendered":"https:\/\/www.europesays.com\/nl\/65434\/"},"modified":"2025-11-25T06:26:09","modified_gmt":"2025-11-25T06:26:09","slug":"ondernemers-vrezen-stilstand-door-storingen-helft-zonder-noodplan","status":"publish","type":"post","link":"https:\/\/www.europesays.com\/nl\/65434\/","title":{"rendered":"Ondernemers vrezen stilstand door storingen, helft zonder noodplan"},"content":{"rendered":"<p class=\"Paragraph_paragraph__exhQA Paragraph_paragraph--default-lg-default__8QZrI articleParagraph\">Ondernemers in Nederland worden zich steeds bewuster van de gevolgen van grootschalige uitval. Denk aan stroomstoringen, internetproblemen of stilvallende processen. Zeven op de tien hebben nagedacht over wat incidenten als stroom- of internetuitval betekenen voor hun bedrijfsvoering. Al na \u00e9\u00e9n dag zonder stroom voorziet \u00e9\u00e9n op de tien serieuze schade. Bij een verstoring van meerdere dagen verwacht bijna een kwart grote problemen, en bij uitval van \u00e9\u00e9n tot twee weken voorziet bijna de helft ernstige gevolgen.<\/p>\n<p class=\"Paragraph_paragraph__exhQA Paragraph_paragraph--default-lg-default__8QZrI articleParagraph\">Vooral het wegvallen van klantcontact en stilvallende processen door niet-werkende systemen of machines worden gezien als de grootste risico\u2019s. Ook betalingsverkeer en problemen met cloudsoftware baren ondernemers zorgen.<\/p>\n<p>Noodplan<\/p>\n<p class=\"Paragraph_paragraph__exhQA Paragraph_paragraph--default-lg-default__8QZrI articleParagraph\">Ondanks het groeiende bewustzijn blijft actie beperkt. Veel bedrijven hebben geen noodplan of voorzieningen zoals back-ups, extra IT-beveiliging of noodstroom.<\/p>\n<p><a href=\"https:\/\/www.telegraaf.nl\/binnenland\/kans-op-noodsituatie-groter-voorbereiding-nodig-op-72-uur-zonder-water-stroom-of-internet\/101499018.html\" class=\"RelatedTeaser_related-teaser__w3AgI RelatedTeaser_related-teaser--image__GJcRr read-more_withImage__1YJa_\" data-article-id=\"101499018\" rel=\"nofollow noopener\" target=\"_blank\"><\/p>\n<p>Kans op noodsituatie groter: voorbereiding nodig op 72 uur zonder water, stroom of internet <\/p>\n<p><\/a><\/p>\n<p class=\"Paragraph_paragraph__exhQA Paragraph_paragraph--default-lg-default__8QZrI articleParagraph\">Daarnaast dringen wereldwijde spanningen door in het bedrijfsleven. Bijna een kwart van de ondernemers ervaart directe gevolgen van internationale onrust, waarvan twee derde aangeeft dat de impact het afgelopen jaar is toegenomen. Ook digitale risico\u2019s worden serieuzer genomen: waar in 2022 nog \u00e9\u00e9n op de tien ondernemers cyberdreiging serieus achtte, is dat nu bijna een kwart.<\/p>\n<p class=\"Paragraph_paragraph__exhQA Paragraph_paragraph--default-lg-default__8QZrI articleParagraph\">Christiaan Hazelaar, ondernemersadviseur bij KVK, benadrukt dat de huidige situatie een bredere context van risico\u2019s laat zien. \u201eEr is veel aan de hand in de wereld; oorlogen, handelsoorlogen, discussies rond im- en exporttarieven. Ook ondernemers kunnen daardoor direct de gevolgen ondervinden. Het gaat erom dat je weet welke risico\u2019s je loopt en wat dat betekent voor je bedrijf.\u201d<\/p>\n","protected":false},"excerpt":{"rendered":"Ondernemers in Nederland worden zich steeds bewuster van de gevolgen van grootschalige uitval. Denk aan stroomstoringen, internetproblemen of&hellip;\n","protected":false},"author":2,"featured_media":65435,"comment_status":"","ping_status":"","sticky":false,"template":"","format":"standard","meta":{"footnotes":""},"categories":[17],"tags":[73,74,48,46,47,49,45,50,75],"class_list":{"0":"post-65434","1":"post","2":"type-post","3":"status-publish","4":"format-standard","5":"has-post-thumbnail","7":"category-zakelijk","8":"tag-business","9":"tag-commercial","10":"tag-dutch","11":"tag-nederland","12":"tag-nederlanden","13":"tag-nederlands","14":"tag-netherlands","15":"tag-nl","16":"tag-zakelijk"},"share_on_mastodon":{"url":"https:\/\/pubeurope.com\/@nl\/115608917340181673","error":""},"_links":{"self":[{"href":"https:\/\/www.europesays.com\/nl\/wp-json\/wp\/v2\/posts\/65434","targetHints":{"allow":["GET"]}}],"collection":[{"href":"https:\/\/www.europesays.com\/nl\/wp-json\/wp\/v2\/posts"}],"about":[{"href":"https:\/\/www.europesays.com\/nl\/wp-json\/wp\/v2\/types\/post"}],"author":[{"embeddable":true,"href":"https:\/\/www.europesays.com\/nl\/wp-json\/wp\/v2\/users\/2"}],"replies":[{"embeddable":true,"href":"https:\/\/www.europesays.com\/nl\/wp-json\/wp\/v2\/comments?post=65434"}],"version-history":[{"count":0,"href":"https:\/\/www.europesays.com\/nl\/wp-json\/wp\/v2\/posts\/65434\/revisions"}],"wp:featuredmedia":[{"embeddable":true,"href":"https:\/\/www.europesays.com\/nl\/wp-json\/wp\/v2\/media\/65435"}],"wp:attachment":[{"href":"https:\/\/www.europesays.com\/nl\/wp-json\/wp\/v2\/media?parent=65434"}],"wp:term":[{"taxonomy":"category","embeddable":true,"href":"https:\/\/www.europesays.com\/nl\/wp-json\/wp\/v2\/categories?post=65434"},{"taxonomy":"post_tag","embeddable":true,"href":"https:\/\/www.europesays.com\/nl\/wp-json\/wp\/v2\/tags?post=65434"}],"curies":[{"name":"wp","href":"https:\/\/api.w.org\/{rel}","templated":true}]}}