{"id":65914,"date":"2025-11-25T16:12:07","date_gmt":"2025-11-25T16:12:07","guid":{"rendered":"https:\/\/www.europesays.com\/nl\/65914\/"},"modified":"2025-11-25T16:12:07","modified_gmt":"2025-11-25T16:12:07","slug":"huijsen-onderwerp-van-gesprek-bij-real-blessureprobleem-en-ophef-na-insta-post-voetbalprimeur-nl","status":"publish","type":"post","link":"https:\/\/www.europesays.com\/nl\/65914\/","title":{"rendered":"Huijsen onderwerp van gesprek bij Real: blessureprobleem \u00e9n ophef na Insta-post &#8211; VoetbalPrimeur.nl"},"content":{"rendered":"<ol>\n<li><a href=\"https:\/\/news.google.com\/rss\/articles\/CBMivgFBVV95cUxPMjlMMnlkdFVHZXZMbm53eDRVNHpYLVd2QW9lY2FnRWk4OFM3TXdUbEMtdWw1N0d2T1BUczlGQjBvYkZwNjMtSVNhUm9jVWdQb1VCa01uUHp6M3U4RTJRUFF5dHNrWTRna2djNHotN3dqbWVKTHhCeUliWGhzZ0VzSVRlWkdNWXkwS0pfTHFlVGRPR3FhN21zdXJ3eFdxekN2TURjalI3UmVsSUpocmxvTTZlSWdULXlrSXBpZWx3?oc=5\" target=\"_blank\" rel=\"nofollow noopener\">Huijsen onderwerp van gesprek bij Real: blessureprobleem \u00e9n ophef na Insta-post<\/a>&nbsp;&nbsp;VoetbalPrimeur.nl<\/li>\n<li><a href=\"https:\/\/news.google.com\/rss\/articles\/CBMisAFBVV95cUxQS3BZbVNqVVlnZ09OUkJRR2RQZzhhVVM0OHpZOE1ha01pZ1piM0ZQWDJidzFfdUZ6d1BkT01uNFNSdWZMWmxLamo3UzRMR1NZWmpoZVJncXpiMTNPZ2VpWC0yN0pGRHE0NzFvTGZFTW1rMUYwNEYzd1V0cXhPdk9TVnh0NEVCcThISzRPT2h1UUhveXBNcHd6MnM4czdSU3VXRjhqQklBcHlRRVIyOFJGTA?oc=5\" target=\"_blank\" rel=\"nofollow noopener\">Real Madrid heeft nog maar \u00e9\u00e9n centrumverdediger over na afhaken Huijsen<\/a>&nbsp;&nbsp;NU<\/li>\n<li><a href=\"https:\/\/news.google.com\/rss\/articles\/CBMinwFBVV95cUxQZDdVSFZ5LS12b3h6WS1JM2xQNGp0Q0NfaDZWNXhnQnFTYTdtS2k3TkFyNENkR1VQSW9OVTZjODVmZWNiX0J4R0c0cEd0T3RHVVQ2UEhIcUp5WEpURkcyM3ZVMjQtbllDdjQ2akp2SHRHa19KYVdnX2VvUmdMR0UwaTNBVExHTTNxSi1GTjhtZUNVcjh1YXNHemZRVFNDWHc?oc=5\" target=\"_blank\" rel=\"nofollow noopener\">Blessureproblemen bij Real Madrid: slechts \u00e9\u00e9n centrale verdediger inzetbaar<\/a>&nbsp;&nbsp;Vi.nl<\/li>\n<li><a href=\"https:\/\/news.google.com\/rss\/articles\/CBMisAFBVV95cUxPOV9KNnI1R20zTzRfUFFMUWlOYzB3SHNZRVJDak9LM1A1Z2tIWl9FX25vSVVFeXZHZVE2TDZ6SHBXamhBc3dUaWlad0l1UEdfT2dMUklhejBvNC0zTTlFd3MxN2lEX0UwLXVlc2ctTHV3SlhqaDZESDNuSzhDYjNvWXpIamZZNEpYcVZPRFRZZFZBZV9XX01QQnFkRWFBZmw3SlhoVk1CR2FuR3o0NGN0Vw?oc=5\" target=\"_blank\" rel=\"nofollow noopener\">La Liga &#8211; Real-verdediger Milit\u00e3o loopt spierblessure op in interland met Brazili\u00eb<\/a>&nbsp;&nbsp;StarSportTV<\/li>\n<li><a href=\"https:\/\/news.google.com\/rss\/articles\/CBMiwgFBVV95cUxONjd6T01MNHVNUDc2SFFIWUY2NnVMRG54alcweUxNMDM4aTJHNmtUSlhwdzRsUVhCWTd3eElwNGoxb1FtdVUwaGhlRmwxdFlCS1lUY01EVEdEZklYa3BBNXM5S1FiZkhyc1hRXzZrSDhpUU9fMnM5RjV0Zmt6LW8yVGFOQnZtTWNLRDE0V0VTeE9nNXF4aTZhR3R0ZXFCanZ1MU4tM3R1R0Zxb0N6SFhaNlBHRkM1ZF95SzJUU3ZtT0gtUQ?oc=5\" target=\"_blank\" rel=\"nofollow noopener\">Real Madrid moet vaste basisspeler wekenlang missen door nieuwe blessure<\/a>&nbsp;&nbsp;MSN<\/li>\n<\/ol>\n","protected":false},"excerpt":{"rendered":"Huijsen onderwerp van gesprek bij Real: blessureprobleem \u00e9n ophef na Insta-post&nbsp;&nbsp;VoetbalPrimeur.nl Real Madrid heeft nog maar \u00e9\u00e9n centrumverdediger&hellip;\n","protected":false},"author":2,"featured_media":65915,"comment_status":"","ping_status":"","sticky":false,"template":"","format":"standard","meta":{"footnotes":""},"categories":[21],"tags":[48,46,47,49,45,50,92,91],"class_list":{"0":"post-65914","1":"post","2":"type-post","3":"status-publish","4":"format-standard","5":"has-post-thumbnail","7":"category-sport","8":"tag-dutch","9":"tag-nederland","10":"tag-nederlanden","11":"tag-nederlands","12":"tag-netherlands","13":"tag-nl","14":"tag-sport","15":"tag-sports"},"share_on_mastodon":{"url":"https:\/\/pubeurope.com\/@nl\/115611221597175767","error":""},"_links":{"self":[{"href":"https:\/\/www.europesays.com\/nl\/wp-json\/wp\/v2\/posts\/65914","targetHints":{"allow":["GET"]}}],"collection":[{"href":"https:\/\/www.europesays.com\/nl\/wp-json\/wp\/v2\/posts"}],"about":[{"href":"https:\/\/www.europesays.com\/nl\/wp-json\/wp\/v2\/types\/post"}],"author":[{"embeddable":true,"href":"https:\/\/www.europesays.com\/nl\/wp-json\/wp\/v2\/users\/2"}],"replies":[{"embeddable":true,"href":"https:\/\/www.europesays.com\/nl\/wp-json\/wp\/v2\/comments?post=65914"}],"version-history":[{"count":0,"href":"https:\/\/www.europesays.com\/nl\/wp-json\/wp\/v2\/posts\/65914\/revisions"}],"wp:featuredmedia":[{"embeddable":true,"href":"https:\/\/www.europesays.com\/nl\/wp-json\/wp\/v2\/media\/65915"}],"wp:attachment":[{"href":"https:\/\/www.europesays.com\/nl\/wp-json\/wp\/v2\/media?parent=65914"}],"wp:term":[{"taxonomy":"category","embeddable":true,"href":"https:\/\/www.europesays.com\/nl\/wp-json\/wp\/v2\/categories?post=65914"},{"taxonomy":"post_tag","embeddable":true,"href":"https:\/\/www.europesays.com\/nl\/wp-json\/wp\/v2\/tags?post=65914"}],"curies":[{"name":"wp","href":"https:\/\/api.w.org\/{rel}","templated":true}]}}