{"id":66101,"date":"2025-11-25T19:33:12","date_gmt":"2025-11-25T19:33:12","guid":{"rendered":"https:\/\/www.europesays.com\/nl\/66101\/"},"modified":"2025-11-25T19:33:12","modified_gmt":"2025-11-25T19:33:12","slug":"heerlijk-dit-straalt-vertrouwen-uit","status":"publish","type":"post","link":"https:\/\/www.europesays.com\/nl\/66101\/","title":{"rendered":"&#8216;Heerlijk, dit straalt vertrouwen uit&#8217;"},"content":{"rendered":"<p class=\"intro\">Wesley Sneijder staat te popelen om Rayane Bounida dinsdagavond in actie te zien tegen Benfica. Eerstgenoemde waardeert het dat zijn trainer Fred Grim hem die kans durft te geven, uitgerekend in de Champions League. <\/p>\n<p>&#8220;Heerlijk dat hij hem een kans geeft&#8221;, zegt Ziggo Sport-analist Sneijder over Grim, die Bounida (op papier althans) op de rechterflank heeft geposteerd. &#8220;Daar hou ik van. Een goede speler. Hij durft Gloukh op de bank te zetten, en zet Bounida erin. Laat het dan maar een keer zien&#8221;, vervolgt de oud-topmiddenvelder enthousiast. <\/p>\n<ul class=\"BettingMatch_team-elements__ZArEL\">\n<li class=\"TeamElement_TeamElement__j6nbC team-element TeamElement_is-right__beid4\"><a class=\"team-link undefined\" href=\"https:\/\/www.voetbalprimeur.nl\/clubs\/ajax\" rel=\"nofollow noopener\" target=\"_blank\"><img alt=\"Ajax\" loading=\"lazy\" width=\"110\" height=\"110\" decoding=\"async\" data-nimg=\"1\" class=\"TeamElement_logo__vnPRl\" style=\"color:transparent;aspect-ratio:1;object-fit:cover;object-position:top center\"  src=\"https:\/\/www.europesays.com\/nl\/wp-content\/uploads\/2025\/11\/72bc0b590a3b179d0633e4b0c7973e4b07308cf9.png\"\/><\/a><\/li>\n<li class=\"TeamElement_TeamElement__j6nbC team-element TeamElement_is-right__beid4\"><a class=\"team-link undefined\" href=\"https:\/\/www.voetbalprimeur.nl\/clubs\/fc-groningen\" rel=\"nofollow noopener\" target=\"_blank\"><img alt=\"FC Groningen\" loading=\"lazy\" width=\"110\" height=\"110\" decoding=\"async\" data-nimg=\"1\" class=\"TeamElement_logo__vnPRl\" style=\"color:transparent;aspect-ratio:1;object-fit:cover;object-position:top center\"  src=\"https:\/\/www.europesays.com\/nl\/wp-content\/uploads\/2025\/11\/cos9hxi16eitbcbthof7zrm4m.png\"\/><\/a><\/li>\n<\/ul>\n<p>Even later komt de negentienjarige Belg het veld opgelopen. Sneijder kijkt er met bewondering naar. &#8220;Als je nu \u00e9\u00e9n speler moet aanwijzen die vanavond (dinsdagavond, red.) w\u00e9l het vertrouwen heeft&#8230; Ook in hoe hij het veld komt opgelopen. Met een balletje, helemaal alleen, een beetje zigzaggen over het veld, balletje achter zijn standbeen. Dat straalt vertrouwen uit.&#8221;<\/p>\n<p>&#8220;Het is nergens op gebaseerd, want met Jong Ajax gaat het ook niet best, maar zo&#8217;n speler geniet hiervan. Dat is fantastisch. Ik hoop dat hij een geweldige wedstrijd speelt. Dat gun ik hem.&#8221;<\/p>\n<p>Bounida maakte op 9 december 2024 zijn debuut in de hoofdmacht van Ajax. Sindsdien moet de aanvallende middenvelder het doen met spaarzame kansen. Dit seizoen maakte hij \u00e9\u00e9n keer eerder zijn opwachting in de Champions League. Dat was op 5 november, thuis tegen Galatasaray (0-3). <\/p>\n<p>Bekijk Meer<\/p>\n","protected":false},"excerpt":{"rendered":"Wesley Sneijder staat te popelen om Rayane Bounida dinsdagavond in actie te zien tegen Benfica. Eerstgenoemde waardeert het&hellip;\n","protected":false},"author":2,"featured_media":66102,"comment_status":"","ping_status":"","sticky":false,"template":"","format":"standard","meta":{"footnotes":""},"categories":[5],"tags":[39,40,48,43,44,34,35,41,42,46,47,49,45,32,33,50,36,37,38],"class_list":{"0":"post-66101","1":"post","2":"type-post","3":"status-publish","4":"format-standard","5":"has-post-thumbnail","7":"category-hoofdpunten","8":"tag-breaking-news","9":"tag-breakingnews","10":"tag-dutch","11":"tag-featured-news","12":"tag-featurednews","13":"tag-headlines","14":"tag-hoofdpunten","15":"tag-latest-news","16":"tag-latestnews","17":"tag-nederland","18":"tag-nederlanden","19":"tag-nederlands","20":"tag-netherlands","21":"tag-news","22":"tag-nieuws","23":"tag-nl","24":"tag-top-stories","25":"tag-topstories","26":"tag-voorpaginanieuws"},"share_on_mastodon":{"url":"https:\/\/pubeurope.com\/@nl\/115612012153807961","error":""},"_links":{"self":[{"href":"https:\/\/www.europesays.com\/nl\/wp-json\/wp\/v2\/posts\/66101","targetHints":{"allow":["GET"]}}],"collection":[{"href":"https:\/\/www.europesays.com\/nl\/wp-json\/wp\/v2\/posts"}],"about":[{"href":"https:\/\/www.europesays.com\/nl\/wp-json\/wp\/v2\/types\/post"}],"author":[{"embeddable":true,"href":"https:\/\/www.europesays.com\/nl\/wp-json\/wp\/v2\/users\/2"}],"replies":[{"embeddable":true,"href":"https:\/\/www.europesays.com\/nl\/wp-json\/wp\/v2\/comments?post=66101"}],"version-history":[{"count":0,"href":"https:\/\/www.europesays.com\/nl\/wp-json\/wp\/v2\/posts\/66101\/revisions"}],"wp:featuredmedia":[{"embeddable":true,"href":"https:\/\/www.europesays.com\/nl\/wp-json\/wp\/v2\/media\/66102"}],"wp:attachment":[{"href":"https:\/\/www.europesays.com\/nl\/wp-json\/wp\/v2\/media?parent=66101"}],"wp:term":[{"taxonomy":"category","embeddable":true,"href":"https:\/\/www.europesays.com\/nl\/wp-json\/wp\/v2\/categories?post=66101"},{"taxonomy":"post_tag","embeddable":true,"href":"https:\/\/www.europesays.com\/nl\/wp-json\/wp\/v2\/tags?post=66101"}],"curies":[{"name":"wp","href":"https:\/\/api.w.org\/{rel}","templated":true}]}}