{"id":66113,"date":"2025-11-25T19:45:25","date_gmt":"2025-11-25T19:45:25","guid":{"rendered":"https:\/\/www.europesays.com\/nl\/66113\/"},"modified":"2025-11-25T19:45:25","modified_gmt":"2025-11-25T19:45:25","slug":"chauffeur-omgekomen-na-explosie-van-vrachtwagen-op-franse-d915-fotos","status":"publish","type":"post","link":"https:\/\/www.europesays.com\/nl\/66113\/","title":{"rendered":"Chauffeur omgekomen na explosie van vrachtwagen op Franse D915 [+foto\u2019s]"},"content":{"rendered":"<p>POMMER\u00c9VAL (FR) \u2013 In het Franse departement Seine-Maritime is maandag aan het einde van de ochtend een vrachtwagenchauffeur om het leven gekomen nadat zijn voertuig op de D915 in Pommer\u00e9val explodeerde. De vrachtwagen vervoerde levende vis. De explosie leidde tot een felle brand en een volledige afsluiting van de route.<\/p>\n<p>Het incident gebeurde rond 11.30 uur toen de vrachtwagen met lage snelheid door het dorp reed en onverwachts explodeerde. Het voertuig vatte direct vlam. De chauffeur kon niet meer worden bevrijd en is in het vuur omgekomen. Een gemeentemedewerker die te hulp schoot, raakte lichtgewond, zo meldt de prefectuur.<\/p>\n<p>Tweede vrachtwagen geraakt<\/p>\n<p>Op de tegenoverliggende rijstrook werd een tweede vrachtwagen geraakt door rondvliegende projectdelen. De bestuurder daarvan stond hevig onder shock en is overgebracht naar het ziekenhuis in Dieppe.<\/p>\n<p>In totaal werden ongeveer 80 brandweerlieden ingezet om de brand te bestrijden en de omgeving te beveiligen.<\/p>\n<p>School in de buurt: leerlingen korte tijd opgesloten<\/p>\n<p>De explosie vond plaats vlak bij de basisschool van Pommer\u00e9val. Een klas van 19 leerlingen werd direct opgesloten voor hun veiligheid en later overgebracht naar een andere locatie. Voor de leerlingen en het schoolpersoneel wordt vanaf dinsdag psychologische ondersteuning aangeboden. Voor getuigen van het incident heeft de medische hulpdienst (SAMU) een speciaal nummer geopend voor medische en psychologische hulp.<\/p>\n<p>Onderzoek en wegafsluiting<\/p>\n<p>De gendarmerie onderzoekt onder leiding van het parket van Dieppe wat precies de oorzaak is geweest van de explosie. De D915 is volledig afgesloten tussen Ardouval (RD48) en de rotonde van Les Hayons (RD928). In de regio zijn omleidingen ingesteld.<\/p>\n<p>Opletten bij zuurstoffles<\/p>\n<p>In de loop van de middag waren veiligheidsoperaties nog steeds bezig. Een lek in een zuurstoffles aan boord van het voertuig \u2013 gebruikt voor het vervoer van de vissen \u2013 vereiste extra voorzorgsmaatregelen. Volgens de autoriteiten is er geen gevaar voor omwonenden of het milieu.<\/p>\n<p>De weg blijft gesloten totdat de gehele zone volledig is veiliggesteld.<\/p>\n<blockquote class=\"twitter-tweet\">\n<p lang=\"fr\" dir=\"ltr\">Accident du travail \u2013 <a href=\"https:\/\/twitter.com\/JPFarandou?ref_src=twsrc%5Etfw\" rel=\"nofollow noopener\" target=\"_blank\">@JPFarandou<\/a> \u2013 <a href=\"https:\/\/twitter.com\/CollectifStop?ref_src=twsrc%5Etfw\" rel=\"nofollow noopener\" target=\"_blank\">@CollectifStop<\/a> \u2013 215 morts recens\u00e9s en 2025<\/p>\n<p>Pommer\u00e9val (76) : le chauffeur d&#8217;un camion est d\u00e9c\u00e9d\u00e9 apr\u00e8s l&#8217;explosion de son poids lourd sur la route d\u00e9partementale D915. <a href=\"https:\/\/t.co\/JXZRxBUQlk\" rel=\"nofollow\">https:\/\/t.co\/JXZRxBUQlk<\/a><\/p>\n<p>\u2014 Accident du travail : silence des ouvriers meurent (@DuAccident) <a href=\"https:\/\/twitter.com\/DuAccident\/status\/1993252613572436222?ref_src=twsrc%5Etfw\" rel=\"nofollow noopener\" target=\"_blank\">November 25, 2025<\/a><\/p>\n<\/blockquote>\n<blockquote class=\"twitter-tweet\">\n<p lang=\"fr\" dir=\"ltr\">Un tragique accident a secou\u00e9 Pommer\u00e9val ce lundi. Un camion a explos\u00e9 sur la D915, emportant la vie de son chauffeur.<br \/>\ud83d\udc49 <a href=\"https:\/\/t.co\/PvJJvhhBAr\" rel=\"nofollow\">https:\/\/t.co\/PvJJvhhBAr<\/a> <a href=\"https:\/\/t.co\/EMj0BhHfRW\" rel=\"nofollow\">pic.twitter.com\/EMj0BhHfRW<\/a><\/p>\n<p>\u2014 H24 News France (@_H24news) <a href=\"https:\/\/twitter.com\/_H24news\/status\/1992958841676316976?ref_src=twsrc%5Etfw\" rel=\"nofollow noopener\" target=\"_blank\">November 24, 2025<\/a><\/p>\n<\/blockquote>\n<p><script async src=\"https:\/\/platform.twitter.com\/widgets.js\" charset=\"utf-8\"><\/script><\/p>\n","protected":false},"excerpt":{"rendered":"POMMER\u00c9VAL (FR) \u2013 In het Franse departement Seine-Maritime is maandag aan het einde van de ochtend een vrachtwagenchauffeur&hellip;\n","protected":false},"author":2,"featured_media":30544,"comment_status":"","ping_status":"","sticky":false,"template":"","format":"standard","meta":{"footnotes":""},"categories":[15],"tags":[39,40,48,43,44,34,35,41,42,46,47,49,45,32,33,50,36,37,38,67,64,65,66],"class_list":{"0":"post-66113","1":"post","2":"type-post","3":"status-publish","4":"format-standard","5":"has-post-thumbnail","7":"category-wereld","8":"tag-breaking-news","9":"tag-breakingnews","10":"tag-dutch","11":"tag-featured-news","12":"tag-featurednews","13":"tag-headlines","14":"tag-hoofdpunten","15":"tag-latest-news","16":"tag-latestnews","17":"tag-nederland","18":"tag-nederlanden","19":"tag-nederlands","20":"tag-netherlands","21":"tag-news","22":"tag-nieuws","23":"tag-nl","24":"tag-top-stories","25":"tag-topstories","26":"tag-voorpaginanieuws","27":"tag-wereld","28":"tag-world","29":"tag-world-news","30":"tag-worldnews"},"share_on_mastodon":{"url":"https:\/\/pubeurope.com\/@nl\/115612059076170786","error":""},"_links":{"self":[{"href":"https:\/\/www.europesays.com\/nl\/wp-json\/wp\/v2\/posts\/66113","targetHints":{"allow":["GET"]}}],"collection":[{"href":"https:\/\/www.europesays.com\/nl\/wp-json\/wp\/v2\/posts"}],"about":[{"href":"https:\/\/www.europesays.com\/nl\/wp-json\/wp\/v2\/types\/post"}],"author":[{"embeddable":true,"href":"https:\/\/www.europesays.com\/nl\/wp-json\/wp\/v2\/users\/2"}],"replies":[{"embeddable":true,"href":"https:\/\/www.europesays.com\/nl\/wp-json\/wp\/v2\/comments?post=66113"}],"version-history":[{"count":0,"href":"https:\/\/www.europesays.com\/nl\/wp-json\/wp\/v2\/posts\/66113\/revisions"}],"wp:featuredmedia":[{"embeddable":true,"href":"https:\/\/www.europesays.com\/nl\/wp-json\/wp\/v2\/media\/30544"}],"wp:attachment":[{"href":"https:\/\/www.europesays.com\/nl\/wp-json\/wp\/v2\/media?parent=66113"}],"wp:term":[{"taxonomy":"category","embeddable":true,"href":"https:\/\/www.europesays.com\/nl\/wp-json\/wp\/v2\/categories?post=66113"},{"taxonomy":"post_tag","embeddable":true,"href":"https:\/\/www.europesays.com\/nl\/wp-json\/wp\/v2\/tags?post=66113"}],"curies":[{"name":"wp","href":"https:\/\/api.w.org\/{rel}","templated":true}]}}