{"id":66324,"date":"2025-11-26T01:02:09","date_gmt":"2025-11-26T01:02:09","guid":{"rendered":"https:\/\/www.europesays.com\/nl\/66324\/"},"modified":"2025-11-26T01:02:09","modified_gmt":"2025-11-26T01:02:09","slug":"manager-rene-karst-over-publiek-afscheid-we-gaan-zijn-leven-vieren","status":"publish","type":"post","link":"https:\/\/www.europesays.com\/nl\/66324\/","title":{"rendered":"Manager Ren\u00e9 Karst over publiek afscheid: &#8216;We gaan zijn leven vieren&#8217;"},"content":{"rendered":"<p class=\"mui-173mato e10ntc2u0\">Woensdag kan het publiek afscheid nemen van Ren\u00e9\u00a0Karst in\u00a0theater De Tamboer in Hoogeveen. Het publiek is tussen 15.00 en 19.00 uur welkom en later die avond is een besloten dienst. Volgens zijn manager en goede vriend mag het &#8220;geen triest afscheid worden, we gaan zijn leven vieren&#8221;, aldus Marcel Wentink dinsdagavond tegen De Telegraaf.<\/p>\n<p class=\"mui-173mato e10ntc2u0\">Marcel: &#8220;Volgens zijn vrouw en kinderen zou Ren\u00e9 het op die manier hebben gewild. Al is het natuurlijk niet te voorkomen dat er tranen zullen vloeien. We zijn nu eenmaal met zijn allen heel erg verdrietig en dat is heel moeilijk te onderdrukken.&#8221;<\/p>\n<p class=\"mui-173mato e10ntc2u0\">Lees hieronder verder&#8230;<\/p>\n<p><img alt=\"Laatste voorbereidingen publiek afscheid Ren\u00e9 Karst\" loading=\"lazy\" decoding=\"async\" data-nimg=\"fill\" class=\"mui-nacstu e1qtpq9e5\" style=\"position:absolute;height:100%;width:100%;left:0;top:0;right:0;bottom:0;color:transparent\"   src=\"https:\/\/www.europesays.com\/nl\/wp-content\/uploads\/2025\/11\/laatste-voorbereidingen-publiek-afscheid-rene-karst.jpg\"\/><\/p>\n<p>0:41<\/p>\n<p>Laatste voorbereidingen publiek afscheid Ren\u00e9 Karst<\/p>\n<p>De Afterparty <\/p>\n<p class=\"mui-173mato e10ntc2u0\">Ren\u00e9\u00a0overleed afgelopen vrijdag geheel onverwacht op 59-jarige leeftijd aan een hartstilstand. Hij zou woensdag in De Tamboer beginnen aan zijn nieuwe theatertournee, die\u00a0hij De Afterparty had genoemd. Voor de theatershow had\u00a0hij\u00a0een groot exemplaar van zijn kenmerkende groene bril laten maken. Zijn management laat weten dat die bril nu bij het afscheid in het theater hangt.<\/p>\n<p class=\"mui-173mato e10ntc2u0\">Lees hieronder verder&#8230;<\/p>\n<p><img alt=\"Aangepast afscheid Ren\u00e9 Karst vanwege grote publieke belangstelling\" loading=\"lazy\" decoding=\"async\" data-nimg=\"fill\" class=\"mui-nacstu e1qtpq9e5\" style=\"position:absolute;height:100%;width:100%;left:0;top:0;right:0;bottom:0;color:transparent\"   src=\"https:\/\/www.europesays.com\/nl\/wp-content\/uploads\/2025\/11\/aangepast-afscheid-rene-karst-vanwege-grote-publieke-belangstelling.jpg\"\/><\/p>\n<p>2:12<\/p>\n<p>Aangepast afscheid Ren\u00e9 Karst vanwege grote publieke belangstelling<\/p>\n<p class=\"mui-173mato e10ntc2u0\">Vanwege de grote publieke belangstelling is het openbare afscheid dus aangepast. In eerste instantie zouden belangstellenden in de avond naar het theater mogen komen om afscheid van de zanger te nemen, maar in overleg met de gemeente Hoogeveen is het tijdstip dus vervroegd.<\/p>\n<p class=\"mui-173mato e10ntc2u0\">De manager van Ren\u00e9 is ook nog altijd vol ongeloof dat de zanger er niet meer is. &#8220;De dag v\u00f3\u00f3r zijn overlijden ben ik nog met hem op pad geweest, hij moest voor een interview bij Radio Noordzee zijn. \u2019s Nachts om \u00e9\u00e9n uur hebben we nog met elkaar geappt, niet wetende dat we daarna nooit meer contact zouden hebben. Bizar&#8230;. Het is niet te bevatten dat Ren\u00e9 er niet meer is&#8221;, <a rel=\"noopener noreferrer nofollow\" target=\"_blank\" class=\"mui-1i4zqbr e1bmvyuj0\" href=\"https:\/\/www.telegraaf.nl\/entertainment\/sterren\/artiestenmanager-marcel-wentink-week-acht-jaar-lang-niet-van-de-zijde-van-rene-karst-de-klap-van-zijn-overlijden-moet-nog-komen\/107642167.html\">zegt hij<\/a> tegen De Telegraaf.<\/p>\n<p class=\"mui-173mato e10ntc2u0\">Lees hieronder verder&#8230;<\/p>\n<p><img alt=\"Radio Noordzee-dj's reageren op onverwachts overlijden Ren\u00e9 Karst\" loading=\"lazy\" decoding=\"async\" data-nimg=\"fill\" class=\"mui-nacstu e1qtpq9e5\" style=\"position:absolute;height:100%;width:100%;left:0;top:0;right:0;bottom:0;color:transparent\"   src=\"https:\/\/www.europesays.com\/nl\/wp-content\/uploads\/2025\/11\/radio-noordzee-djs-reageren-op-onverwachts-overlijden-rene-karst.jpg\"\/><\/p>\n<p>2:06<\/p>\n<p>Radio Noordzee-dj&#8217;s reageren op onverwachts overlijden Ren\u00e9 Karst<\/p>\n<p>Boze droom<\/p>\n<p class=\"mui-173mato e10ntc2u0\">Marcel: &#8220;Zijn vrouw Wendy heeft dat ook. Gisteren zei ze nog dat het voor haar voelt alsof Ren\u00e9 \u2019even een paar dagen in Hilversum is\u2019, waar hij zijn eigen opnamestudio had, en dat hij zo weer thuis zou binnenlopen.&#8221; <\/p>\n<p class=\"mui-173mato e10ntc2u0\">En emotioneel: &#8220;Alles moet nog bezinken. We zijn met z\u2019n allen heel verdrietig en beseffen nog niet zo goed wat het overlijden van Ren\u00e9 met ons doet. De boze droom is nog niet goed tot ons doorgedrongen\u2026 de klap moet nog komen. Af en toe schiet ik vol en laat ik me even gaan. En wat denk je van zijn naaste familie? Voor hen kan het niet anders zijn dan een nachtmerrie waaruit ze nog moeten ontwaken. We gaan een heel lieve man missen.&#8221;<\/p>\n<p class=\"mui-173mato e10ntc2u0\">Lees hieronder verder&#8230;<\/p>\n<p><img alt=\"In memoriam: Ren\u00e9 Karst (59)\" loading=\"lazy\" decoding=\"async\" data-nimg=\"fill\" class=\"mui-nacstu e1qtpq9e5\" style=\"position:absolute;height:100%;width:100%;left:0;top:0;right:0;bottom:0;color:transparent\"   src=\"https:\/\/www.europesays.com\/nl\/wp-content\/uploads\/2025\/11\/1764118929_730_poster-1763797536261.jpg\"\/><\/p>\n<p>6:35<\/p>\n<p>In memoriam: Ren\u00e9 Karst (59)<\/p>\n<p>Zus Erika<\/p>\n<p class=\"mui-173mato e10ntc2u0\">Erika Karst, de zus van Ren\u00e9, heeft het uiteraard ook heel zwaar met het\u00a0<a rel=\"noopener noreferrer nofollow\" target=\"_blank\" class=\"mui-1i4zqbr e1bmvyuj0\" href=\"https:\/\/www.shownieuws.nl\/entertainment\/bners\/artikelen\/renekarst-zanger-overleden-59\">overlijden\u00a0<\/a>van haar 59-jarige broer. &#8220;Ik kan het nog steeds niet geloven&#8221;, zei zondag tegen Shownieuws. Tijdens zijn afscheid aankomende woensdag zal zij voor hem zingen. &#8220;Dat wordt heel zwaar.&#8221;<\/p>\n<p class=\"mui-173mato e10ntc2u0\">&#8220;Hij was mijn beste vriend en een fantastische broer. We hadden dezelfde humor en we hebben z\u00f3 veel mooie dingen gedaan&#8221;, blikt Erika terug. &#8220;Ik was z\u00f3 trots op het succes dat hij had.&#8221;<\/p>\n<p><img alt=\"Erika Karst rouwt om overleden broer Rren\u00e9\" loading=\"lazy\" decoding=\"async\" data-nimg=\"fill\" class=\"mui-nacstu e1qtpq9e5\" style=\"position:absolute;height:100%;width:100%;left:0;top:0;right:0;bottom:0;color:transparent\"   src=\"https:\/\/www.europesays.com\/nl\/wp-content\/uploads\/2025\/11\/WhatsApp_Image_2025-11-24_at_08.16.11.jpeg\"\/><\/p>\n<p>2:10<\/p>\n<p>Erika Karst rouwt om overleden broer Rren\u00e9<\/p>\n","protected":false},"excerpt":{"rendered":"Woensdag kan het publiek afscheid nemen van Ren\u00e9\u00a0Karst in\u00a0theater De Tamboer in Hoogeveen. Het publiek is tussen 15.00&hellip;\n","protected":false},"author":2,"featured_media":66325,"comment_status":"","ping_status":"","sticky":false,"template":"","format":"standard","meta":{"footnotes":""},"categories":[25],"tags":[99,48,98,46,47,49,45,50],"class_list":{"0":"post-66324","1":"post","2":"type-post","3":"status-publish","4":"format-standard","5":"has-post-thumbnail","7":"category-amusement","8":"tag-amusement","9":"tag-dutch","10":"tag-entertainment","11":"tag-nederland","12":"tag-nederlanden","13":"tag-nederlands","14":"tag-netherlands","15":"tag-nl"},"share_on_mastodon":{"url":"https:\/\/pubeurope.com\/@nl\/115613305801194061","error":""},"_links":{"self":[{"href":"https:\/\/www.europesays.com\/nl\/wp-json\/wp\/v2\/posts\/66324","targetHints":{"allow":["GET"]}}],"collection":[{"href":"https:\/\/www.europesays.com\/nl\/wp-json\/wp\/v2\/posts"}],"about":[{"href":"https:\/\/www.europesays.com\/nl\/wp-json\/wp\/v2\/types\/post"}],"author":[{"embeddable":true,"href":"https:\/\/www.europesays.com\/nl\/wp-json\/wp\/v2\/users\/2"}],"replies":[{"embeddable":true,"href":"https:\/\/www.europesays.com\/nl\/wp-json\/wp\/v2\/comments?post=66324"}],"version-history":[{"count":0,"href":"https:\/\/www.europesays.com\/nl\/wp-json\/wp\/v2\/posts\/66324\/revisions"}],"wp:featuredmedia":[{"embeddable":true,"href":"https:\/\/www.europesays.com\/nl\/wp-json\/wp\/v2\/media\/66325"}],"wp:attachment":[{"href":"https:\/\/www.europesays.com\/nl\/wp-json\/wp\/v2\/media?parent=66324"}],"wp:term":[{"taxonomy":"category","embeddable":true,"href":"https:\/\/www.europesays.com\/nl\/wp-json\/wp\/v2\/categories?post=66324"},{"taxonomy":"post_tag","embeddable":true,"href":"https:\/\/www.europesays.com\/nl\/wp-json\/wp\/v2\/tags?post=66324"}],"curies":[{"name":"wp","href":"https:\/\/api.w.org\/{rel}","templated":true}]}}