{"id":66469,"date":"2025-11-26T07:53:09","date_gmt":"2025-11-26T07:53:09","guid":{"rendered":"https:\/\/www.europesays.com\/nl\/66469\/"},"modified":"2025-11-26T07:53:09","modified_gmt":"2025-11-26T07:53:09","slug":"klimaattop-peperduur-tandeloos-en-niet-meer-van-deze-tijd","status":"publish","type":"post","link":"https:\/\/www.europesays.com\/nl\/66469\/","title":{"rendered":"Klimaattop peperduur, tandeloos en niet meer van deze tijd"},"content":{"rendered":"<p>PremiumLeon de Winter: de pijnlijke waarheid luidt dat Rusland niet kan verliezen en Oekra\u00efne niet kan winnen<\/p>\n<p class=\"TeaserContent_teaser-content__introduction__aJrQA\">Vanuit mijn leunstoel kijk ik naar de oorlog in Oekra\u00efne, en moedig ik de Oekra\u00efners aan. Ze zijn daar heldhaftig, oneindig veel heldhaftiger dan ik. Wat had ik gedaan als ik Oekra\u00efner was geweest? Had ik ook de benen genomen naar een veilig land, zoals miljoenen Oekra\u00efners hebben gedaan?<\/p>\n","protected":false},"excerpt":{"rendered":"PremiumLeon de Winter: de pijnlijke waarheid luidt dat Rusland niet kan verliezen en Oekra\u00efne niet kan winnen Vanuit&hellip;\n","protected":false},"author":2,"featured_media":66470,"comment_status":"","ping_status":"","sticky":false,"template":"","format":"standard","meta":{"footnotes":""},"categories":[15],"tags":[39,40,48,43,44,34,35,41,42,46,47,49,45,32,33,50,36,37,38,67,64,65,66],"class_list":{"0":"post-66469","1":"post","2":"type-post","3":"status-publish","4":"format-standard","5":"has-post-thumbnail","7":"category-wereld","8":"tag-breaking-news","9":"tag-breakingnews","10":"tag-dutch","11":"tag-featured-news","12":"tag-featurednews","13":"tag-headlines","14":"tag-hoofdpunten","15":"tag-latest-news","16":"tag-latestnews","17":"tag-nederland","18":"tag-nederlanden","19":"tag-nederlands","20":"tag-netherlands","21":"tag-news","22":"tag-nieuws","23":"tag-nl","24":"tag-top-stories","25":"tag-topstories","26":"tag-voorpaginanieuws","27":"tag-wereld","28":"tag-world","29":"tag-world-news","30":"tag-worldnews"},"share_on_mastodon":{"url":"https:\/\/pubeurope.com\/@nl\/115614921750986522","error":""},"_links":{"self":[{"href":"https:\/\/www.europesays.com\/nl\/wp-json\/wp\/v2\/posts\/66469","targetHints":{"allow":["GET"]}}],"collection":[{"href":"https:\/\/www.europesays.com\/nl\/wp-json\/wp\/v2\/posts"}],"about":[{"href":"https:\/\/www.europesays.com\/nl\/wp-json\/wp\/v2\/types\/post"}],"author":[{"embeddable":true,"href":"https:\/\/www.europesays.com\/nl\/wp-json\/wp\/v2\/users\/2"}],"replies":[{"embeddable":true,"href":"https:\/\/www.europesays.com\/nl\/wp-json\/wp\/v2\/comments?post=66469"}],"version-history":[{"count":0,"href":"https:\/\/www.europesays.com\/nl\/wp-json\/wp\/v2\/posts\/66469\/revisions"}],"wp:featuredmedia":[{"embeddable":true,"href":"https:\/\/www.europesays.com\/nl\/wp-json\/wp\/v2\/media\/66470"}],"wp:attachment":[{"href":"https:\/\/www.europesays.com\/nl\/wp-json\/wp\/v2\/media?parent=66469"}],"wp:term":[{"taxonomy":"category","embeddable":true,"href":"https:\/\/www.europesays.com\/nl\/wp-json\/wp\/v2\/categories?post=66469"},{"taxonomy":"post_tag","embeddable":true,"href":"https:\/\/www.europesays.com\/nl\/wp-json\/wp\/v2\/tags?post=66469"}],"curies":[{"name":"wp","href":"https:\/\/api.w.org\/{rel}","templated":true}]}}