{"id":66756,"date":"2025-11-26T13:26:06","date_gmt":"2025-11-26T13:26:06","guid":{"rendered":"https:\/\/www.europesays.com\/nl\/66756\/"},"modified":"2025-11-26T13:26:06","modified_gmt":"2025-11-26T13:26:06","slug":"feyenoord-wrijft-in-zijn-handen-santiago-gimenez-in-gesprek-over-transfer","status":"publish","type":"post","link":"https:\/\/www.europesays.com\/nl\/66756\/","title":{"rendered":"Feyenoord wrijft in zijn handen: Santiago Gim\u00e9nez in gesprek over transfer"},"content":{"rendered":"<p>                                                        <img loading=\"lazy\" decoding=\"async\" data-image-size=\"not_specified\" class=\"\" width=\"112\" height=\"112\" alt=\"Willem Leijgraf\" src=\"https:\/\/www.europesays.com\/nl\/wp-content\/uploads\/2025\/09\/w=112,h=112,quality=75,fit=cover,format=auto.jpeg\"\/>                                                    <\/p>\n<p>                                                  <img decoding=\"async\" data-image-size=\"retina\" class=\"\" width=\"1200\" height=\"675\" alt=\"Santiago Gim\u00e9nez, Feyenoord\" src=\"https:\/\/www.europesays.com\/nl\/wp-content\/uploads\/2025\/11\/1764163566_583_w=1200,h=675,quality=75,fit=cover,format=auto.jpeg\" fetchpriority=\"high\"\/><br \/>\n                                                                                                                                                                                                        \u00a9 IMAGO\/FootballTransfers <\/p>\n<p><a href=\"https:\/\/www.footballtransfers.com\/nl\/spelers\/santiago-tomas-gimenez\" title=\"Santiago Gim\u00e9nez\" data-skill=\"70.8\" data-pot=\"75.3\" data-position=\"A (C)\" data-estimates=\"\u20ac25.2M\" data-xtvrange=\"\u20ac22.7M - \u20ac27.7M\" data-team=\"Milan\" data-team-image=\"https:\/\/static.footballtransfers.com\/resources\/teams\/263.png\" data-profile-image=\"https:\/\/images.footballtransfers.com\/?url=https:\/\/static.footballtransfers.com\/resources\/players\/249638-alt.webp&amp;h=200\" data-player-tooltip=\"1\" rel=\"nofollow noopener\" target=\"_blank\">Santiago Gim\u00e9nez<\/a> maakte begin dit kalenderjaar de overstap van <a href=\"https:\/\/www.footballtransfers.com\/nl\/teams\/nl\/feyenoord\" title=\"Feyenoord Rotterdam\" rel=\"nofollow noopener\" target=\"_blank\">Feyenoord<\/a> naar <a href=\"https:\/\/www.footballtransfers.com\/nl\/teams\/it\/milan\" title=\"AC Milan\" rel=\"nofollow noopener\" target=\"_blank\">AC Milan<\/a>. Nog geen twaalf maanden later lijkt de Mexicaanse spits al voor een vertrek de staan en volgens de laatste berichtgeving uit Engeland heeft <a href=\"https:\/\/www.footballtransfers.com\/nl\/teams\/uk\/sunderland\" title=\"Sunderland AFC\" rel=\"nofollow noopener\" target=\"_blank\">Sunderland<\/a> de gesprekken geopend met zijn management. AC Milan hoopt zijn investering terug te kunnen verdienen bij de verkoop van Gim\u00e9nez en dat kan goed nieuws betekenen voor Feyenoord.<\/p>\n<p>Feyenoord nam na twee\u00ebnhalf seizoen afscheid van Gim\u00e9nez, die een uiterst succesvolle periode kende in De Kuip. AC Milan sloeg toe in februari en betaalde een vaste transfersom van 32 miljoen euro. Een bedrag dat middels bonussen nog op kan lopen tot 35 miljoen euro. Het avontuur van Gim\u00e9nez in Milaan is vooralsnog echter geen succes gebleken. De 24-jarige spits startte voortvarend, maar kon deze vorm niet doortrekken.<\/p>\n<p>Artikel gaat verder onder de video <\/p>\n<p>Gim\u00e9nez scoorde drie keer in zijn eerste vier wedstrijden namens AC Milan, maar bleef daarna twee maanden doelpuntloos. Zijn eerste half jaar in Milanese dienst sloot de aanvalsleider uiteindelijk toch nog af met zes goals en drie assists in negentien duels. Dit seizoen draait Gim\u00e9nez beduidend slechter en staat de teller pas op \u00e9\u00e9n treffer in elf optredens. Daarnaast is de spits sinds begin deze maand uitgeschakeld met een enkelblessure.<\/p>\n<p>Gesprekken met Santiago Gim\u00e9nez geopend<\/p>\n<p>Bij AC Milan heeft men na een klein jaar genoeg gezien en wil met met de verkoop van Santiago Gim\u00e9nez ruimte maken voor een nieuwe spits. Eerder werd de interesse van Sunderland en Brentford al genoemd. Eerstgenoemde club heeft volgens de laatste berichtgeving uit Engeland inmiddels ook de gesprekken geopend met het management van Gim\u00e9nez. Sunderland zou een huurdeal met optie tot koop opteren.<\/p>\n<p>Plannen AC Milan laten kassa Feyenoord rinkelen<\/p>\n<p>AC Milan lijkt naar verluidt uiteindelijk meer te voelen voor een definitieve transfer en mikt erop om zijn investering terug te verdienen. Hierbij zou dus gedacht moeten worden aan een transfersom van ongeveer 35 miljoen euro. Indien Gim\u00e9nez voor een dergelijk bedrag wordt verkocht, krijgt Feyenoord in ieder geval 350.000 euro als opleidingsvergoeding. Daarnaast zou er ook sprake zijn van een doorverkooppercentage van tien procent, wat neerkomt op een extra 3,5 miljoen euro. Mits dit over de volledige transfersom wordt berekend.<\/p>\n<p>Het is echter de vraag of AC Milan daadwerkelijk 35 miljoen euro incasseert voor Gim\u00e9nez, die zijn Estimated Transfer Value (ETV) zag zakken naar 25,2 miljoen euro. Bij een transfer voor dit bedrag ontvangt Feyenoord 252.000 euro aan solidariteitsbijdrage en 2,52 miljoen euro door de doorverkooppercentage die is bedongen. Bij een winterse verhuur aan Sunderland met optie tot koop blijft Feyenoord in spanning en laten de extra inkomsten mogelijk tot komende zomer op zich wachten, indien Gim\u00e9nez weet te overtuigen.<\/p>\n","protected":false},"excerpt":{"rendered":"\u00a9 IMAGO\/FootballTransfers Santiago Gim\u00e9nez maakte begin dit kalenderjaar de overstap van Feyenoord naar AC Milan. Nog geen twaalf&hellip;\n","protected":false},"author":2,"featured_media":66757,"comment_status":"","ping_status":"","sticky":false,"template":"","format":"standard","meta":{"footnotes":""},"categories":[21],"tags":[1377,2549,48,165,169,867,46,47,49,45,50,1477,1375,807,92,91,4901,6701,869,868],"class_list":{"0":"post-66756","1":"post","2":"type-post","3":"status-publish","4":"format-standard","5":"has-post-thumbnail","7":"category-sport","8":"tag-ac-milan","9":"tag-brentford","10":"tag-dutch","11":"tag-eredivisie","12":"tag-feyenoord","13":"tag-feyenoord-rotterdam","14":"tag-nederland","15":"tag-nederlanden","16":"tag-nederlands","17":"tag-netherlands","18":"tag-nl","19":"tag-premier-league","20":"tag-santiago-gimenez","21":"tag-serie-a","22":"tag-sport","23":"tag-sports","24":"tag-sunderland","25":"tag-sunderland-afc","26":"tag-transfernieuws","27":"tag-voetbaltransfers"},"share_on_mastodon":{"url":"https:\/\/pubeurope.com\/@nl\/115616231336556144","error":""},"_links":{"self":[{"href":"https:\/\/www.europesays.com\/nl\/wp-json\/wp\/v2\/posts\/66756","targetHints":{"allow":["GET"]}}],"collection":[{"href":"https:\/\/www.europesays.com\/nl\/wp-json\/wp\/v2\/posts"}],"about":[{"href":"https:\/\/www.europesays.com\/nl\/wp-json\/wp\/v2\/types\/post"}],"author":[{"embeddable":true,"href":"https:\/\/www.europesays.com\/nl\/wp-json\/wp\/v2\/users\/2"}],"replies":[{"embeddable":true,"href":"https:\/\/www.europesays.com\/nl\/wp-json\/wp\/v2\/comments?post=66756"}],"version-history":[{"count":0,"href":"https:\/\/www.europesays.com\/nl\/wp-json\/wp\/v2\/posts\/66756\/revisions"}],"wp:featuredmedia":[{"embeddable":true,"href":"https:\/\/www.europesays.com\/nl\/wp-json\/wp\/v2\/media\/66757"}],"wp:attachment":[{"href":"https:\/\/www.europesays.com\/nl\/wp-json\/wp\/v2\/media?parent=66756"}],"wp:term":[{"taxonomy":"category","embeddable":true,"href":"https:\/\/www.europesays.com\/nl\/wp-json\/wp\/v2\/categories?post=66756"},{"taxonomy":"post_tag","embeddable":true,"href":"https:\/\/www.europesays.com\/nl\/wp-json\/wp\/v2\/tags?post=66756"}],"curies":[{"name":"wp","href":"https:\/\/api.w.org\/{rel}","templated":true}]}}