{"id":67563,"date":"2025-11-27T09:25:20","date_gmt":"2025-11-27T09:25:20","guid":{"rendered":"https:\/\/www.europesays.com\/nl\/67563\/"},"modified":"2025-11-27T09:25:20","modified_gmt":"2025-11-27T09:25:20","slug":"alles-wat-je-moet-weten-over-de-nieuwe-kro-ncrv-dramaserie-badgast","status":"publish","type":"post","link":"https:\/\/www.europesays.com\/nl\/67563\/","title":{"rendered":"Alles wat je moet weten over de nieuwe KRO-NCRV dramaserie Badgast"},"content":{"rendered":"<p>                                Badgast<\/p>\n<p>In de nieuwe KRO-NCRV-serie Badgast speelt <a href=\"https:\/\/www.tvgids.nl\/tag\/tom-waes\" rel=\"nofollow noopener\" target=\"_blank\">Tom Waes<\/a> de rol van Vince, een gescheiden vader die probeert zijn dochter Zo\u00eb terug te winnen en daarbij steeds dieper in de problemen komt. Hij belooft haar een eerste duikles op Cura\u00e7ao, maar vlak voor vertrek draait hij de plannen om. Het wordt geen avontuur in Cura\u00e7ao, maar op het Nederlandse eiland Terschelling. <\/p>\n<p>Vince raakt daar verstrikt in duistere zaken, waar uiteindelijk ook zijn dochter mee te maken krijgt. De band tussen vader en dochter wordt hierdoor alleen maar slechter. De grote vraag is of Vince uiteindelijk de moed heeft om eerlijk tegen haar te zijn.<\/p>\n<p>Naast Tom Waes zijn er ook rollen weggelegd voor <a href=\"https:\/\/www.tvgids.nl\/tag\/freya-van-campenhout\" rel=\"nofollow noopener\" target=\"_blank\">Freya van Campenhout<\/a> (Zo\u00eb), Anneke Blok, Ferdi Stofmeel, Hannah van Lunteren, Matsen Montsma, Werner Kolf, Jack Wouterse, Romijn Conen en Lotje van Lunteren.<\/p>\n<p>De trailer<\/p>\n<p>KRO-NCRV heeft vandaag de offici\u00eble trailer gedeeld. Benieuwd? Bekijk &#8216;m hieronder!<\/p>\n<p>Badgast is vanaf 11 december in zijn geheel te streamen bij KRO-NCRV op NPO Start.<\/p>\n","protected":false},"excerpt":{"rendered":"Badgast In de nieuwe KRO-NCRV-serie Badgast speelt Tom Waes de rol van Vince, een gescheiden vader die probeert&hellip;\n","protected":false},"author":2,"featured_media":67564,"comment_status":"","ping_status":"","sticky":false,"template":"","format":"standard","meta":{"footnotes":""},"categories":[28],"tags":[99,10328,48,98,16060,1763,46,47,49,45,50,634,14879,10329,124],"class_list":{"0":"post-67563","1":"post","2":"type-post","3":"status-publish","4":"format-standard","5":"has-post-thumbnail","7":"category-tv","8":"tag-amusement","9":"tag-badgast","10":"tag-dutch","11":"tag-entertainment","12":"tag-freya-van-campenhout","13":"tag-kro-ncrv","14":"tag-nederland","15":"tag-nederlanden","16":"tag-nederlands","17":"tag-netherlands","18":"tag-nl","19":"tag-npo-start","20":"tag-streamen","21":"tag-tom-waes","22":"tag-tv"},"share_on_mastodon":{"url":"https:\/\/pubeurope.com\/@nl\/115620945978295217","error":""},"_links":{"self":[{"href":"https:\/\/www.europesays.com\/nl\/wp-json\/wp\/v2\/posts\/67563","targetHints":{"allow":["GET"]}}],"collection":[{"href":"https:\/\/www.europesays.com\/nl\/wp-json\/wp\/v2\/posts"}],"about":[{"href":"https:\/\/www.europesays.com\/nl\/wp-json\/wp\/v2\/types\/post"}],"author":[{"embeddable":true,"href":"https:\/\/www.europesays.com\/nl\/wp-json\/wp\/v2\/users\/2"}],"replies":[{"embeddable":true,"href":"https:\/\/www.europesays.com\/nl\/wp-json\/wp\/v2\/comments?post=67563"}],"version-history":[{"count":0,"href":"https:\/\/www.europesays.com\/nl\/wp-json\/wp\/v2\/posts\/67563\/revisions"}],"wp:featuredmedia":[{"embeddable":true,"href":"https:\/\/www.europesays.com\/nl\/wp-json\/wp\/v2\/media\/67564"}],"wp:attachment":[{"href":"https:\/\/www.europesays.com\/nl\/wp-json\/wp\/v2\/media?parent=67563"}],"wp:term":[{"taxonomy":"category","embeddable":true,"href":"https:\/\/www.europesays.com\/nl\/wp-json\/wp\/v2\/categories?post=67563"},{"taxonomy":"post_tag","embeddable":true,"href":"https:\/\/www.europesays.com\/nl\/wp-json\/wp\/v2\/tags?post=67563"}],"curies":[{"name":"wp","href":"https:\/\/api.w.org\/{rel}","templated":true}]}}