{"id":67582,"date":"2025-11-27T09:47:30","date_gmt":"2025-11-27T09:47:30","guid":{"rendered":"https:\/\/www.europesays.com\/nl\/67582\/"},"modified":"2025-11-27T09:47:30","modified_gmt":"2025-11-27T09:47:30","slug":"de-servische-regering-omarmt-chinese-investeringen-maar-serviers-zien-vooral-nadelen","status":"publish","type":"post","link":"https:\/\/www.europesays.com\/nl\/67582\/","title":{"rendered":"De Servische regering omarmt Chinese investeringen, maar Servi\u00ebrs zien vooral nadelen"},"content":{"rendered":"<p class=\"has-drop-cap\">Zodra Miodrag Zivkovic (61) zijn land ziet, valt de spraakzame boer stil. Hij gebaart met zijn hand dat hij niet kan praten. Daar waar ooit zijn mais , zijn fruitbomen groeiden en zijn schapen en koeien graasden, staan nu fonkelnieuwe fabrieksgebouwen en een waterdam. Erachter ligt een stuwmeer. Het is de meest recente uitbreiding van de koper- en goudmijn rondom de stad Bor, in het zuidoosten van Servi\u00eb. De mijn werd in 2018 overgenomen door het Chinese mijnbedrijf Zijin. Zivkovic keert de zeven hectare land die tot voor kort van hem was de rug toe en vecht tegen de tranen.<\/p>\n<p>Even daarvoor kwam hij nog vol bravoure op een motor aanrijden op het dorpsplein van Slatina, net buiten Bor. \u201eHet eerste probleem zijn de ecologische gevolgen van de mijn\u201d, stak Zivkovic meteen van wal. \u201eHet tweede probleem is de gezondheid van de bewoners \u2013 we leven hier gemiddeld tien jaar korter.\u201d Als een doorgewinterde actievoerder haalde hij documenten met bewijsstukken uit zijn multomap en somde het ene na het andere argument op tegen de mijn. \u201eHet derde probleem\u2026\u201d<\/p>\n<p>Nadat hij door zijn documenten heen was, vertelde Zivkovic waar het hem daadwerkelijk om ging: \u201eDit land was van mijn voorouders en dat is van mij afgepakt.\u201d<\/p>\n<p><img alt=\"De Servische boer Miodrag Zivkovic procedeert al vijf jaar tegen het Chinese mijnbedrijf om zijn land. \" data-description=\"De Servische boer Miodrag Zivkovic procedeert al vijf jaar tegen het Chinese mijnbedrijf om zijn land. \" data-open-in-lightbox=\"true\" src=\"https:\/\/www.europesays.com\/nl\/wp-content\/uploads\/2025\/11\/231125BUI_2020962641_12.jpg\" src-medium=\"https:\/\/s3.eu-west-1.amazonaws.com\/static.nrc.nl\/wp-content\/uploads\/2025\/11\/20151407\/231125BUI_2020962641_12.jpg\" decoding=\"async\" \/><\/p>\n<p class=\"caption\" id=\"figcaption-1\">De Servische boer Miodrag Zivkovic procedeert al vijf jaar tegen het Chinese mijnbedrijf om zijn land. <\/p>\n<p>Foto Sanja Knezevic<\/p>\n<p>Zoom in<\/p>\n<p><img alt=\"Boer Zivkovic toont de documenten met bewijsstukken uit zijn multomap\" data-description=\"Boer Zivkovic toont de documenten met bewijsstukken uit zijn multomap\" data-open-in-lightbox=\"true\" src=\"https:\/\/www.europesays.com\/nl\/wp-content\/uploads\/2025\/11\/231125BUI_2020962641_14.jpg\" src-medium=\"https:\/\/s3.eu-west-1.amazonaws.com\/static.nrc.nl\/wp-content\/uploads\/2025\/11\/20151533\/231125BUI_2020962641_14.jpg\" decoding=\"async\" \/><\/p>\n<p class=\"caption\" id=\"figcaption-2\">Boer Zivkovic toont de documenten met bewijsstukken uit zijn multomap<\/p>\n<p>Foto Sanja Knezevic<\/p>\n<p>Zoom in<\/p>\n<p>In 2020 klopten vertegenwoordigers van het mijnbedrijf aan bij Zivkovic. Of hij zijn land wilde verkopen? Hij weigerde. \u201eDit land, waar mijn voorouders voor gevochten hebben tijdens de vele oorlogen in de regio, kon ik niet verkopen\u201d, vertelt Zivkovic. Korte tijd later voerde de Servische regering nieuwe wetgeving in, waardoor privaat land makkelijker kon worden onteigend. Zivkovic: \u201eDrie dagen na de invoering van die wet was ik mijn land kwijt.\u201d<\/p>\n<p>Hij moest zijn drie koeien en twintig schapen verkopen. \u201eIk had nog maar vier hectare land over, te weinig om mijn dieren te voeden\u201d, vertelt Zivkovic. Zijn verhaal wordt continu onderbroken door voorbij denderende vrachtwagens vol grind \u2013 afkomstig van de mijn. Tot op de dag van vandaag heeft hij geen cent gekregen voor zijn land. Hij weigerde het bod van het Chinese bedrijf, dat volgens hem lager was dan de waarde van zijn grond, en voert al vijf jaar een rechtszaak. <\/p>\n<p>Boos op de Chinezen is hij niet. \u201eHet is de Servische regering\u201d, zegt Zivkovic. \u201eZij zouden moeten opkomen voor de eigen bewoners. Maar zij hebben mij verbannen van mijn eigen land.\u201d<\/p>\n<p>Versoepeling milieuregels<\/p>\n<p>De Chinese mijn in Bor is exemplarisch voor het Servische regeringsbeleid van de afgelopen jaren. Servi\u00eb liet Chinese bedrijven massaal investeren in oude mijnen, staalfabrieken \u00e9n grote infrastructurele projecten. Omdat Servi\u00eb geen lid is van de Europese Unie, gelden strenge EU-normen voor de leefomgeving niet. EU-kandidaat Servi\u00eb <a data-id=\"https:\/\/www.nrc.nl\/nieuws\/2021\/11\/03\/servische-milieuactivisten-knokken-voor-schoon-drinkwater-a4064145\" data-type=\"link\" href=\"https:\/\/www.nrc.nl\/nieuws\/2021\/11\/03\/servische-milieuactivisten-knokken-voor-schoon-drinkwater-a4064145\" rel=\"nofollow noopener\" target=\"_blank\">versoepelde<\/a> de afgelopen jaren zelfs veel milieumaatregelen ten faveure van de Chinese investeerders. Het Servische ministerie van Mijnbouw en Energie en Zijin Mining wilden niet reageren op vragen van NRC.<\/p>\n<p>Zivkovic zucht. \u00a0\u201eDit dorp zal over tien jaar niet meer bestaan\u201d, verwacht hij. \u201eDan is het opgeslokt door de mijn.\u201d <\/p>\n<p>\u201eNi hao\u201d, roept Dejan Lazar (34) vanuit de auto naar Chinezen die langs de kant van een kilometerslange weg staan  de Zijin-mijn. Ze dragen overalls en witte helmen en wachten op een busje dat hen oppikt. \u201eNiemand weet hoeveel Chinezen hier precies werken, maar uit gemeentedocumenten heb ik kunnen destilleren dat het om zeker zesduizend Chinese werknemers gaat\u201d, zegt . Hij is \u2019s middags IT\u2019er, \u2019s avonds activist en actief oppositielid in de lokale politiek van mijnstadje Bor.<\/p>\n<p>Veel contact tussen de lokale inwoners en de Chinezen is er niet. Ze wonen op het terrein van de mijn, waar sportvelden, restaurants en honderden wooncontainers zijn. De omgeving kent twee grote mijnen, waar al ruim honderd jaar goud en koper wordt gedolven.<\/p>\n<p><a class=\"dmt-article-suggestion\" href=\"https:\/\/www.nrc.nl\/nieuws\/2024\/05\/09\/met-zijn-bezoeken-aan-servie-en-hongarije-koos-xi-voor-twee-buitenbeentjes-in-europa-a4198417\" rel=\"nofollow noopener\" target=\"_blank\"><\/p>\n<p>\n\t\t\t\tLees ook\n\t\t\t<\/p>\n<p>Met zijn bezoeken aan Servi\u00eb en Hongarije kiest Xi voor twee buitenbeentjes in Europa<\/p>\n<p><img decoding=\"async\" alt=\"De Chinese president Xi Jinping (midden) en de Servische president Aleksandar Vucic (rechts) woensdag in Belgrado.\" class=\"dmt-article-suggestion__image\" src=\"https:\/\/www.europesays.com\/nl\/wp-content\/uploads\/2025\/11\/data115393647-5643e9.jpg\"\/><br \/>\n<\/a><br \/>\nVerscheept richting China<\/p>\n<p>Bor ademt mijnbouw. Een groot standbeeld van een mijnwerker verwelkomt alle bezoekers, even verderop pronkt een tien meter hoge kiepwagen. De stad floreerde decennialang dankzij de mijn, maar na het uiteenvallen van Joegoslavi\u00eb raakte de mijn in verval. Jaren van overnamepogingen volgden, totdat in 2018 de Chinezen kwamen. Zijin heeft een meerderheidsbelang in de ene mijn en is volledig eigenaar van de andere.<\/p>\n<p>\u201eDat betekent dat bijna alles wat hier wordt gedolven meteen naar China wordt verscheept\u201d, zegt activist Lazar, opgeleid als mijningenieur. \u201eNaast gezondheids- en milieuproblemen brengt deze mijn dus bijna geen geld op voor de lokale bevolking en Servi\u00eb. De winst verdwijnt in de zakken van de Chinezen, die hier vooral hun eigen mensen laten werken.\u201d<\/p>\n<p>Dat China zo profiteert van de mijn, komt doordat het land op het goede moment instapte. De mijn lag er jarenlang verwaarloosd bij en westerse maatschappijen wilden de verouderde mijn niet overnemen. Servi\u00eb was zelf ook niet in staat om de mijn te blijven exploiteren. En dus stapten de Chinezen in.<\/p>\n<p>\u201eDat zorgde ervoor dat de werkgelegenheid in de regio behouden bleef en de infrastructuur werd verbeterd\u201d, zegt Vuk Vuksanovic, China-expert bij de denktank Belgrade Centre for Security Policy. \u201eMaar de keerzijde is dat China weinig geeft om de milieuregels. Bovendien wordt het land van boeren en bewoners grootschalig onteigend\u201d, zegt Vuksanovic. \u201eDus het heeft voordelen voor de korte termijn, maar grote risico\u2019s voor de toekomst.\u201d<\/p>\n<blockquote class=\"dmt-quote\" data-styled=\"true\">\n<p>Het regime in Belgrado gebruikt zijn banden met Rusland en China om het Westen bang te maken. De boodschap is: \u2018Keer ons niet de rug toe, want dan vallen we in de handen van de Russen en Chinezen\u2019<\/p>\n<p>Vuk Vuksanovic<br \/>\nChina-expert<\/p>\n<\/blockquote>\n<p>China investeert niet alleen in de mijn in Bor. Het heeft ook een <a href=\"https:\/\/www.nrc.nl\/nieuws\/2021\/11\/03\/servische-milieuactivisten-knokken-voor-schoon-drinkwater-a4064145\" rel=\"nofollow noopener\" target=\"_blank\">staalfabriek in Smederevo<\/a> overgenomen, waar bewoners klagen over milieuvervuiling en daarmee verbonden gezondheidsklachten. Bovendien investeert China grootschalig in de Servische infrastructuur. Met <a data-id=\"https:\/\/www.nrc.nl\/nieuws\/2020\/09\/11\/een-klein-stukje-chinese-zijderoute-in-servie-a4011692\" data-type=\"link\" href=\"https:\/\/www.nrc.nl\/nieuws\/2020\/09\/11\/een-klein-stukje-chinese-zijderoute-in-servie-a4011692\" rel=\"nofollow noopener\" target=\"_blank\">\u2018de nieuwe Zijderoute\u2019<\/a> worden internationale spoorwegen en snelwegen aangelegd. Ook heeft het Chinese bedrijf Huawei het <a data-id=\"https:\/\/www.nrc.nl\/nieuws\/2019\/11\/29\/wat-wil-servie-met-zijn-nieuwe-chinese-cameras-a3982164\" data-type=\"link\" href=\"https:\/\/www.nrc.nl\/nieuws\/2019\/11\/29\/wat-wil-servie-met-zijn-nieuwe-chinese-cameras-a3982164\" rel=\"nofollow noopener\" target=\"_blank\">cameranetwerk voor gezichtsherkenning in Belgrado<\/a> aangelegd en vinden er sinds deze zomer <a href=\"https:\/\/www.rferl.org\/a\/serbia-china-military-exercises-eu-alarm-russia\/33476628.html\" rel=\"nofollow noopener\" target=\"_blank\">militaire trainingen<\/a> plaats tussen Chinese en Servische commandotroepen.<\/p>\n<p>Grote Chinese investeringen in Europa, zoals de batterijfabrieken in Hongarije, nemen de laatste jaren juist af vanwege geopolitieke spanningen, schreef <a href=\"https:\/\/www.ft.com\/content\/093de2c1-162a-44c4-b954-15db3c856047\" rel=\"nofollow noopener\" target=\"_blank\">de Britse krant Financial Times<\/a> onlangs. \u201eChina wil in Servi\u00eb blijven om invloed in Europa te houden\u201d, zegt Vuksanovic. \u201eHet regime in Belgrado gebruikt zijn banden met Rusland en China om het Westen bang te maken. De boodschap is: \u2018Keer ons niet de rug toe, want dan vallen we in de handen van de Russen en Chinezen\u2019.\u201d En daardoor blijft de EU vaak lankmoedig over de vervallende rechtsstaat in Servi\u00eb.<\/p>\n<p><img alt=\"Een bord bij de ingang van de Zijin-mijn met de tekst: \u2018U bent op het terrein van de mijnbouwafdeling. Draag beschermende kleding\u2019.\" data-lightbox-highres=\"https:\/\/images.nrc.nl\/XziVKt36-87I35CLULgs7MTjFT8=\/1920x\/filters:no_upscale()\/s3\/static.nrc.nl\/wp-content\/uploads\/2025\/11\/20151223\/231125BUI_2020962641_4.jpg\" data-lightbox-highres-webp=\"https:\/\/images.nrc.nl\/KgKrl6HiGwugn2pLGULXXDAopA8=\/1920x\/filters:no_upscale():format(webp)\/s3\/static.nrc.nl\/wp-content\/uploads\/2025\/11\/20151223\/231125BUI_2020962641_4.jpg\" data-lightbox-zoom=\"https:\/\/images.nrc.nl\/XziVKt36-87I35CLULgs7MTjFT8=\/1920x\/filters:no_upscale()\/s3\/static.nrc.nl\/wp-content\/uploads\/2025\/11\/20151223\/231125BUI_2020962641_4.jpg\" data-lightbox-zoom-webp=\"https:\/\/images.nrc.nl\/KgKrl6HiGwugn2pLGULXXDAopA8=\/1920x\/filters:no_upscale():format(webp)\/s3\/static.nrc.nl\/wp-content\/uploads\/2025\/11\/20151223\/231125BUI_2020962641_4.jpg\" data-open-in-lightbox=\"true\" decoding=\"async\" height=\"4000\" loading=\"lazy\" src=\"https:\/\/www.europesays.com\/nl\/wp-content\/uploads\/2025\/11\/231125BUI_2020962641_4.jpg\"  width=\"5994\"\/><\/p>\n<p class=\"caption\" id=\"figcaption-3\">Een bord bij de ingang van de Zijin-mijn met de tekst: \u2018U bent op het terrein van de mijnbouwafdeling. Draag beschermende kleding\u2019.<\/p>\n<p>Foto Sanja Knezevic<\/p>\n<p>Zoom in<\/p>\n<p><img alt=\"Een steengroeve in het gebied van het Chinese mijnbouwbedrijf Zijin\" data-description=\"Een steengroeve in het gebied van het Chinese mijnbouwbedrijf Zijin\" data-open-in-lightbox=\"true\" src=\"https:\/\/www.europesays.com\/nl\/wp-content\/uploads\/2025\/11\/231125BUI_2020962641_7.jpg\" src-medium=\"https:\/\/s3.eu-west-1.amazonaws.com\/static.nrc.nl\/wp-content\/uploads\/2025\/11\/20151309\/231125BUI_2020962641_7.jpg\" decoding=\"async\" \/><\/p>\n<p class=\"caption\" id=\"figcaption-4\">Een steengroeve in het gebied van het Chinese mijnbouwbedrijf Zijin<\/p>\n<p>FOTO Sanja Knezevic<\/p>\n<p>Zoom in<\/p>\n<p><img alt=\"De Krivelj-mijn bij nacht. \" data-description=\"De Krivelj-mijn bij nacht. \" data-open-in-lightbox=\"true\" src=\"https:\/\/www.europesays.com\/nl\/wp-content\/uploads\/2025\/11\/231125BUI_2020962641_2.jpg\" src-medium=\"https:\/\/s3.eu-west-1.amazonaws.com\/static.nrc.nl\/wp-content\/uploads\/2025\/11\/20151108\/231125BUI_2020962641_2.jpg\" decoding=\"async\" \/><\/p>\n<p class=\"caption\" id=\"figcaption-5\">De Krivelj-mijn bij nacht. <\/p>\n<p>Foto Sanja Knezevic<\/p>\n<p>Zoom in<\/p>\n<p><a class=\"dmt-article-suggestion\" href=\"https:\/\/www.nrc.nl\/nieuws\/2025\/10\/30\/repressie-in-servie-krijgt-nieuwe-vorm-de-persoonlijke-intimidatie-van-demonstranten-a4911188\" rel=\"nofollow noopener\" target=\"_blank\"><\/p>\n<p>\n\t\t\t\tLees ook deze reportage over de protesten in Servi\u00eb\n\t\t\t<\/p>\n<p>Repressie in Servi\u00eb krijgt nieuwe vorm: de persoonlijke  intimidatie van demonstranten<\/p>\n<p><img decoding=\"async\" alt=\"Student Nikolina Sindelic (22) werd mishandeld in detentie en na vrijlating ge\u00efntimideerd met openbaarmaking van haar priv\u00e9foto's. \" class=\"dmt-article-suggestion__image\" src=\"https:\/\/www.europesays.com\/nl\/wp-content\/uploads\/2025\/11\/301025BUI_2020901852_1.jpg\"\/><br \/>\n<\/a><br \/>\nDrie beveiligers<\/p>\n<p>Hoe de toekomst van het dorp van boer Zivkovic eruitziet, is een halfuurtje noordwaarts al zichtbaar. Het dorp Krivelj wordt opgeslokt door de mijn. Een van de vroegere hoofdstraten houdt plots op  bij een dam waarachter een enorm stuwmeer ligt, laat bewoonster Jasna Tomic (53) zien. \u201eAlle huizen hier zijn opgekocht en staan leeg\u201d, zegt Tomic aan het einde van de straat uitkijkend op de tientallen meters hoge dam. Binnen drie minuten komt een auto met drie beveiligers aangesjeesd.<\/p>\n<p>\u201eHoezo mag ik hier niet staan?\u201d roept Tomic naar de beveiligers, die in dienst zijn van de mijn. Een paar jaar geleden liep deze straat nog twee kilometer door en stonden er tientallen huizen aan weerszijden. \u201eEr staat hier nergens een bordje dat we hier niet mogen komen. Bel je baas\u201d, snauwt Tomic naar de beveiligers. Even later krijgt ze iemand aan de lijn en foetert hem uit: \u201eIk woon hier en ik sta op een openbare weg.\u201d<\/p>\n<p>De beveiligers willen niet dat Tomic met NRC dichtbij de mijn komt om foto\u2019s te maken. \u201eDe baas dreigde de politie te bellen\u201d, zegt Tomic nadat ze heeft opgehangen. \u201eDan belt \u2019ie maar, dit is mijn land.\u201d<\/p>\n<p><img alt=\"Inwoonster Jasna Tomic wordt omringd door particuliere beveiligers van het Chinese mijnbouwbedrijf Zijin. \" data-lightbox-highres=\"https:\/\/images.nrc.nl\/S7hf6urzmab48edcndY9pIaDEok=\/1920x\/filters:no_upscale()\/s3\/static.nrc.nl\/wp-content\/uploads\/2025\/11\/20151637\/231125BUI_2020962641_16.jpg\" data-lightbox-highres-webp=\"https:\/\/images.nrc.nl\/Ogzhxi7yLb73x0VRJSWI6aJbDr8=\/1920x\/filters:no_upscale():format(webp)\/s3\/static.nrc.nl\/wp-content\/uploads\/2025\/11\/20151637\/231125BUI_2020962641_16.jpg\" data-lightbox-zoom=\"https:\/\/images.nrc.nl\/S7hf6urzmab48edcndY9pIaDEok=\/1920x\/filters:no_upscale()\/s3\/static.nrc.nl\/wp-content\/uploads\/2025\/11\/20151637\/231125BUI_2020962641_16.jpg\" data-lightbox-zoom-webp=\"https:\/\/images.nrc.nl\/Ogzhxi7yLb73x0VRJSWI6aJbDr8=\/1920x\/filters:no_upscale():format(webp)\/s3\/static.nrc.nl\/wp-content\/uploads\/2025\/11\/20151637\/231125BUI_2020962641_16.jpg\" data-open-in-lightbox=\"true\" decoding=\"async\" height=\"4000\" loading=\"lazy\" src=\"https:\/\/www.europesays.com\/nl\/wp-content\/uploads\/2025\/11\/231125BUI_2020962641_16.jpg\"  width=\"5994\"\/><\/p>\n<p class=\"caption\" id=\"figcaption-6\">Inwoonster Jasna Tomic wordt omringd door particuliere beveiligers van het Chinese mijnbouwbedrijf Zijin. <\/p>\n<p>FOTO Sanja Knezevic<\/p>\n<p>Zoom in<\/p>\n<p><img alt=\"In het verlaten huis van Jasna Tomics oom zijn verschillende voorwerpen achtergebleven. \" data-description=\"In het verlaten huis van Jasna Tomics oom zijn verschillende voorwerpen achtergebleven. \" data-open-in-lightbox=\"true\" src=\"https:\/\/www.europesays.com\/nl\/wp-content\/uploads\/2025\/11\/231125BUI_2020962641_24.jpg\" src-medium=\"https:\/\/s3.eu-west-1.amazonaws.com\/static.nrc.nl\/wp-content\/uploads\/2025\/11\/20152054\/231125BUI_2020962641_24.jpg\" decoding=\"async\" \/><\/p>\n<p class=\"caption\" id=\"figcaption-7\">In het verlaten huis van Jasna Tomics oom zijn verschillende voorwerpen achtergebleven. <\/p>\n<p>Foto Sanja Knezevic<\/p>\n<p>Zoom in<\/p>\n<p><img alt=\"Dejan Lazar en Jasna Tomic staan op Tomics land naast de Zijin-mijn.\" data-description=\"Dejan Lazar en Jasna Tomic staan op Tomics land naast de Zijin-mijn.\" data-open-in-lightbox=\"true\" src=\"https:\/\/www.europesays.com\/nl\/wp-content\/uploads\/2025\/11\/231125BUI_2020962641_19.jpg\" src-medium=\"https:\/\/s3.eu-west-1.amazonaws.com\/static.nrc.nl\/wp-content\/uploads\/2025\/11\/20151802\/231125BUI_2020962641_19.jpg\" decoding=\"async\" \/><\/p>\n<p class=\"caption\" id=\"figcaption-8\">Dejan Lazar en Jasna Tomic staan op Tomics land naast de Zijin-mijn.<\/p>\n<p>Foto Sanja Knezevic<\/p>\n<p>Zoom in<\/p>\n<p>Tien meter verderop, net van de weg af achter het struikgewas, staan haar bijenkasten. \u201ehet dorp sterft langzaam uit\u201d, zegt Tomic. Zij weigert te vertrekken. \u201eIk ben de zevende generatie die in dit huis woont en de negende generatie, mijn kleinkind, is een paar maanden geleden geboren. Ik wil hier niet weg. De Chinezen betalen bovendien slechts een fractie van de woningwaarde.\u201d<\/p>\n<p>Ondertussen zijn de gevolgen van de mijnwerkzaamheden overal zichtbaar. Naast veel stof in de lucht en geluidsoverlast van gravende en piepende machines, hebben veel huizen scheuren in de muren door de kleine aardbevingen die ontstaan door de mijnwerkzaamheden. Tomic vindt net als boer Zivkovic dat de schuld bij de Servische regering ligt. \u201eHet komt allemaal door onze corrupte regering, zij staan dit toe\u201d, zegt Tomic.<\/p>\n<p>\u201eBewoners zijn omgekocht om andere bewoners te stimuleren hun huis te ver\u201d, beweert Tomic. Activist Lazar hoort het van een afstandje aan. Ook hij kent zo\u2019n verhaal. \u201eIk ben ook benaderd door een contactpersoon of ik wilde werken voor Zijin\u201d, vertelt hij. \u201eVoor een enorm salaris, maar dat zal ik nooit doen. Ik kan dat niet, dat is de ergste straf die ik kan krijgen.\u201d<\/p>\n<p>Ondanks haar standvastigheid en strijdlust kijkt bewoonster Tomic realistisch naar de toekomst.  \u201eEen tiende generatie van mijn familie zal er niet komen in Krivelj.\u201d<\/p>\n<p><img alt=\"Het dorp Krivelj dreigt te verdwijnen omdat het bedrijf de bewoners onder druk zet om hun land te verkopen voor een fractie van de waarde. \" data-lightbox-highres=\"https:\/\/images.nrc.nl\/TMuWdNHecKOGvUTnnSWuY0SCy2k=\/1920x\/filters:no_upscale()\/s3\/static.nrc.nl\/wp-content\/uploads\/2025\/11\/20152128\/231125BUI_2020962641_25.jpg\" data-lightbox-highres-webp=\"https:\/\/images.nrc.nl\/Qm4_tk24VvuEDSgYSo5yKueV0a8=\/1920x\/filters:no_upscale():format(webp)\/s3\/static.nrc.nl\/wp-content\/uploads\/2025\/11\/20152128\/231125BUI_2020962641_25.jpg\" data-lightbox-zoom=\"https:\/\/images.nrc.nl\/TMuWdNHecKOGvUTnnSWuY0SCy2k=\/1920x\/filters:no_upscale()\/s3\/static.nrc.nl\/wp-content\/uploads\/2025\/11\/20152128\/231125BUI_2020962641_25.jpg\" data-lightbox-zoom-webp=\"https:\/\/images.nrc.nl\/Qm4_tk24VvuEDSgYSo5yKueV0a8=\/1920x\/filters:no_upscale():format(webp)\/s3\/static.nrc.nl\/wp-content\/uploads\/2025\/11\/20152128\/231125BUI_2020962641_25.jpg\" data-open-in-lightbox=\"true\" decoding=\"async\" height=\"4000\" loading=\"lazy\" src=\"https:\/\/www.europesays.com\/nl\/wp-content\/uploads\/2025\/11\/231125BUI_2020962641_25.jpg\"  width=\"5994\"\/><\/p>\n<p class=\"caption\" id=\"figcaption-9\">Het dorp Krivelj dreigt te verdwijnen omdat het bedrijf de bewoners onder druk zet om hun land te verkopen voor een fractie van de waarde. <\/p>\n<p>foto Sanja Knezevic<\/p>\n<p>Zoom in<\/p>\n<p><img alt=\"Overlijdensberichten bij de bushalte in het dorp Krivelj\" data-lightbox-highres=\"https:\/\/images.nrc.nl\/5zTv2zh7d0KuUbwiJhRZq73LX80=\/1920x\/filters:no_upscale()\/s3\/static.nrc.nl\/wp-content\/uploads\/2025\/11\/20151949\/231125BUI_2020962641_22.jpg\" data-lightbox-highres-webp=\"https:\/\/images.nrc.nl\/ILf8r6Jeq_Y6CoVx-Q_GwVSIeic=\/1920x\/filters:no_upscale():format(webp)\/s3\/static.nrc.nl\/wp-content\/uploads\/2025\/11\/20151949\/231125BUI_2020962641_22.jpg\" data-lightbox-zoom=\"https:\/\/images.nrc.nl\/5zTv2zh7d0KuUbwiJhRZq73LX80=\/1920x\/filters:no_upscale()\/s3\/static.nrc.nl\/wp-content\/uploads\/2025\/11\/20151949\/231125BUI_2020962641_22.jpg\" data-lightbox-zoom-webp=\"https:\/\/images.nrc.nl\/ILf8r6Jeq_Y6CoVx-Q_GwVSIeic=\/1920x\/filters:no_upscale():format(webp)\/s3\/static.nrc.nl\/wp-content\/uploads\/2025\/11\/20151949\/231125BUI_2020962641_22.jpg\" data-open-in-lightbox=\"true\" decoding=\"async\" height=\"4000\" loading=\"lazy\" src=\"https:\/\/www.europesays.com\/nl\/wp-content\/uploads\/2025\/11\/231125BUI_2020962641_22.jpg\"  width=\"5994\"\/><\/p>\n<p class=\"caption\" id=\"figcaption-10\">Overlijdensberichten bij de bushalte in het dorp Krivelj<\/p>\n<p>Foto Sanja Knezevic<\/p>\n<p>Zoom in<\/p>\n<p>Geef cadeau<\/p>\n<p>Deel<\/p>\n<p>Mail de redactie<\/p>\n<p>\nNIEUW: Geef dit artikel cadeau<br \/>\n\t\t\tAls NRC-abonnee kun je elke maand 10 artikelen cadeau geven aan iemand zonder NRC-abonnement. De ontvanger kan het artikel direct lezen, zonder betaalmuur.\n\t\t<\/p>\n<p><a aria-label=\"The Trust Project, lees meer over NRC en waarom je NRC kan vertrouwen\" class=\"trust__message\" href=\"http:\/\/www.nrc.nl\/over-ons\/#vertrouwen\" rel=\"nofollow noopener\" target=\"_blank\"><\/p>\n<p>\tWaarom je NRC kan vertrouwen<br \/>\n<\/a> <\/p>\n","protected":false},"excerpt":{"rendered":"Zodra Miodrag Zivkovic (61) zijn land ziet, valt de spraakzame boer stil. Hij gebaart met zijn hand dat&hellip;\n","protected":false},"author":2,"featured_media":67583,"comment_status":"","ping_status":"","sticky":false,"template":"","format":"standard","meta":{"footnotes":""},"categories":[15],"tags":[39,40,48,43,44,34,35,41,42,46,47,49,45,32,33,50,36,37,38,67,64,65,66],"class_list":{"0":"post-67582","1":"post","2":"type-post","3":"status-publish","4":"format-standard","5":"has-post-thumbnail","7":"category-wereld","8":"tag-breaking-news","9":"tag-breakingnews","10":"tag-dutch","11":"tag-featured-news","12":"tag-featurednews","13":"tag-headlines","14":"tag-hoofdpunten","15":"tag-latest-news","16":"tag-latestnews","17":"tag-nederland","18":"tag-nederlanden","19":"tag-nederlands","20":"tag-netherlands","21":"tag-news","22":"tag-nieuws","23":"tag-nl","24":"tag-top-stories","25":"tag-topstories","26":"tag-voorpaginanieuws","27":"tag-wereld","28":"tag-world","29":"tag-world-news","30":"tag-worldnews"},"share_on_mastodon":{"url":"https:\/\/pubeurope.com\/@nl\/115621032546943743","error":""},"_links":{"self":[{"href":"https:\/\/www.europesays.com\/nl\/wp-json\/wp\/v2\/posts\/67582","targetHints":{"allow":["GET"]}}],"collection":[{"href":"https:\/\/www.europesays.com\/nl\/wp-json\/wp\/v2\/posts"}],"about":[{"href":"https:\/\/www.europesays.com\/nl\/wp-json\/wp\/v2\/types\/post"}],"author":[{"embeddable":true,"href":"https:\/\/www.europesays.com\/nl\/wp-json\/wp\/v2\/users\/2"}],"replies":[{"embeddable":true,"href":"https:\/\/www.europesays.com\/nl\/wp-json\/wp\/v2\/comments?post=67582"}],"version-history":[{"count":0,"href":"https:\/\/www.europesays.com\/nl\/wp-json\/wp\/v2\/posts\/67582\/revisions"}],"wp:featuredmedia":[{"embeddable":true,"href":"https:\/\/www.europesays.com\/nl\/wp-json\/wp\/v2\/media\/67583"}],"wp:attachment":[{"href":"https:\/\/www.europesays.com\/nl\/wp-json\/wp\/v2\/media?parent=67582"}],"wp:term":[{"taxonomy":"category","embeddable":true,"href":"https:\/\/www.europesays.com\/nl\/wp-json\/wp\/v2\/categories?post=67582"},{"taxonomy":"post_tag","embeddable":true,"href":"https:\/\/www.europesays.com\/nl\/wp-json\/wp\/v2\/tags?post=67582"}],"curies":[{"name":"wp","href":"https:\/\/api.w.org\/{rel}","templated":true}]}}