{"id":67847,"date":"2025-11-27T14:36:13","date_gmt":"2025-11-27T14:36:13","guid":{"rendered":"https:\/\/www.europesays.com\/nl\/67847\/"},"modified":"2025-11-27T14:36:13","modified_gmt":"2025-11-27T14:36:13","slug":"yvonne-coldeweijer-denkt-dat-talpa-goed-is-voor-haar-credibility","status":"publish","type":"post","link":"https:\/\/www.europesays.com\/nl\/67847\/","title":{"rendered":"Yvonne Coldeweijer denkt dat Talpa goed is voor haar credibility"},"content":{"rendered":"<p>Yvonne Coldeweijer denkt dat haar contract bij een grote mediapartij als Talpa goed is voor haar credibility, oftewel het vermogen om geloofd of vertrouwd te worden door anderen. \u201cOmarmd.\u201d<\/p>\n<p>        Door onze entertainmentredactie<\/p>\n<p>        <img fetchpriority=\"high\" decoding=\"async\" width=\"1280\" height=\"720\" src=\"https:\/\/www.europesays.com\/nl\/wp-content\/uploads\/2025\/11\/1117-Yvonne-Coldeweijer.jpg\" class=\"attachment-post-thumbnail size-post-thumbnail wp-post-image\" alt=\"Yvonne Coldeweijer\"  \/>        \u00a9 Talpa    <\/p>\n<p>Na de jaarwisseling is het zo ver: dan is de geabdiceerde juicekoningin Yvonne Coldeweijer \u00e9lke werkdag te zien op Net5 met een korte talkshow om acht uur \u2019s avonds, waarin ze allerlei showbizznieuwtjes bespreekt. Het wordt in elk geval g\u00e9\u00e9n slap aftreksel van RTL Boulevard of Shownieuws, benadrukt ze in gesprek met weekblad <a href=\"https:\/\/weekbladparty.nl\/\" rel=\"nofollow noopener\" target=\"_blank\">Party<\/a>.<\/p>\n<p>Vriendjespolitiek<\/p>\n<p>Yvonne moet er niet aan denken om zo\u2019n soort showrubriek te maken. \u201cIk ben zelf ook heel anders, dus dat moet dan ook vertaald worden naar het programma. Toen ik door Talpa werd gevraagd, heb ik gezegd: \u2018Als ik hier iets ga maken, dan wil ik wel iets maken wat ik zelf wil kijken.&#8217;\u201d<\/p>\n<p>Ze vervolgt: \u201cIk kijk zelf niet zo vaak RTL Boulevard of Shownieuws, om de reden dat zij \u00e9\u00e9n zijn met de sterren. Zij doen heel erg aan vriendjespolitiek en daar krijg ik niet de leukste content van, want het gaat niet alleen om nieuws.\u201d<\/p>\n<p>Hazes-juice<\/p>\n<p>Als Yvonne terugkijkt op haar juicecarri\u00e8re, waar is ze dan het meest trots op? \u201cHet meest trots was ik op het moment dat Andr\u00e9 Hazes op Schiphol aankwam. Ik had de hele tijd gezegd dat hij in Spanje in een afkickkliniek zat, maar verder in de media zei niemand dat.\u201d<\/p>\n<p>Ze vervolgt: \u201cDe media gingen mee in het verhaal dat hij in Spanje was voor professionele hulp op mediagebied. Ik heb toentertijd gepost: Nederlandse pers, jullie moeten zo laat op Schiphol zijn, want dan komt Andr\u00e9 daar met het vliegtuig aan. Andr\u00e9 kwam aan en het leek wel Elvis Presley die landt, z\u00f3veel media waren er.\u201d<\/p>\n<p>Credible<\/p>\n<p>Het was echt mega, aldus Yvonne. \u201cAndr\u00e9 wist zelf niet hoe groot hij was geworden in de tussentijd, denk ik. Voor mij was alle media die er stond een kers op de taart, want vanaf toen werd ik ook met naam en toenaam genoemd in de media als de bron van berichten. Daarvoor werd ik altijd vermeden, en daar heb ik lang voor gestreden.\u201d<\/p>\n<p>Haar Talpa-contract maakt geeft haar alleen maar nog maar meer credibility, besluit ze. \u201cNu, met mijn tv-contract, is dit maal drie. Ik word nu echt omarmd als iemand die erbij hoort, en dat is mooi.\u201d<\/p>\n","protected":false},"excerpt":{"rendered":"Yvonne Coldeweijer denkt dat haar contract bij een grote mediapartij als Talpa goed is voor haar credibility, oftewel&hellip;\n","protected":false},"author":2,"featured_media":67848,"comment_status":"","ping_status":"","sticky":false,"template":"","format":"standard","meta":{"footnotes":""},"categories":[25],"tags":[99,48,98,46,47,49,45,50,10251],"class_list":{"0":"post-67847","1":"post","2":"type-post","3":"status-publish","4":"format-standard","5":"has-post-thumbnail","7":"category-amusement","8":"tag-amusement","9":"tag-dutch","10":"tag-entertainment","11":"tag-nederland","12":"tag-nederlanden","13":"tag-nederlands","14":"tag-netherlands","15":"tag-nl","16":"tag-yvonne-coldeweijer"},"share_on_mastodon":{"url":"https:\/\/pubeurope.com\/@nl\/115622168735413352","error":""},"_links":{"self":[{"href":"https:\/\/www.europesays.com\/nl\/wp-json\/wp\/v2\/posts\/67847","targetHints":{"allow":["GET"]}}],"collection":[{"href":"https:\/\/www.europesays.com\/nl\/wp-json\/wp\/v2\/posts"}],"about":[{"href":"https:\/\/www.europesays.com\/nl\/wp-json\/wp\/v2\/types\/post"}],"author":[{"embeddable":true,"href":"https:\/\/www.europesays.com\/nl\/wp-json\/wp\/v2\/users\/2"}],"replies":[{"embeddable":true,"href":"https:\/\/www.europesays.com\/nl\/wp-json\/wp\/v2\/comments?post=67847"}],"version-history":[{"count":0,"href":"https:\/\/www.europesays.com\/nl\/wp-json\/wp\/v2\/posts\/67847\/revisions"}],"wp:featuredmedia":[{"embeddable":true,"href":"https:\/\/www.europesays.com\/nl\/wp-json\/wp\/v2\/media\/67848"}],"wp:attachment":[{"href":"https:\/\/www.europesays.com\/nl\/wp-json\/wp\/v2\/media?parent=67847"}],"wp:term":[{"taxonomy":"category","embeddable":true,"href":"https:\/\/www.europesays.com\/nl\/wp-json\/wp\/v2\/categories?post=67847"},{"taxonomy":"post_tag","embeddable":true,"href":"https:\/\/www.europesays.com\/nl\/wp-json\/wp\/v2\/tags?post=67847"}],"curies":[{"name":"wp","href":"https:\/\/api.w.org\/{rel}","templated":true}]}}