{"id":67882,"date":"2025-11-27T15:11:11","date_gmt":"2025-11-27T15:11:11","guid":{"rendered":"https:\/\/www.europesays.com\/nl\/67882\/"},"modified":"2025-11-27T15:11:11","modified_gmt":"2025-11-27T15:11:11","slug":"kamermeerderheid-schaart-zich-achter-2-miljard-euro-extra-steun-voor-oekraine","status":"publish","type":"post","link":"https:\/\/www.europesays.com\/nl\/67882\/","title":{"rendered":"Kamermeerderheid schaart zich achter 2 miljard euro extra steun voor Oekra\u00efne"},"content":{"rendered":"\n<p>Een deel van het geld is dit jaar al uitgegeven. Daardoor is er een gat van 2 miljard euro. &#8220;De situatie in Oekra\u00efne is heel, heel ernstig&#8221;, zei Jesse Klaver van GroenLinks-PvdA gisteren al. &#8220;Dat betekent dat we extra geld moeten vrijmaken om Oekra\u00efne te helpen.&#8221;<\/p>\n<p>De twee formerende partijen, D66 en CDA, schaarden zich gisteren al achter het voorstel. &#8220;We zien dat de situatie heel kritiek is&#8221;, zegt D66-Kamerlid Hanneke van der Werf. &#8220;Er zit een gat in de steun voor volgend jaar.\u00a0Ik denk dat het belangrijk is dat dit wordt gerepareerd.&#8221;<\/p>\n<p> Middelen raken op <\/p>\n<p>Ook CDA-Kamerlid Derk Boswijk wil dat het kabinet het tekort snel aanvult. &#8220;Zodat de bestellingen begin volgend jaar niet stilvallen. &#8220;We zien dat de middelen in Oekra\u00efne opraken, maar ook dat nieuwe bestellingen voor onder andere drones en lange afstandswapens nu stilvallen.&#8221;<\/p>\n<p>Met de steun van een aantal kleinere partijen \u2013 SGP, ChristenUnie, Partij voor de Dieren, 50Plus en Volt &#8211; is er een Kamermeerderheid voor deze oproep aan het kabinet. Regeringspartij VVD wil nog niet zeggen of ze extra geld voor Oekra\u00efne steunt.<\/p>\n<p>Klaver kwam gisteren met zijn voorstel:<\/p>\n<p>Lidmaatschap NAVO <\/p>\n<p>De Tweede Kamer debatteert later vandaag met het kabinet over de oorlog in Oekra\u00efne. Voor de verkiezingen stond een ruime Kamermeerderheid achter alle steun aan het land. Volgens het CDA is het goed als de nieuwe Tweede Kamer laat zien dat dit na de verkiezingen nog steeds het geval is.<\/p>\n<p>&#8220;Ik denk dat het ook belangrijk is voor aan de onderhandelingstafel dat Oekra\u00efne weet dat Nederland nog steeds achter het land staat&#8221;, zegt Boswijk. Hij wil dat de nieuwe Kamer opnieuw uitspreekt dat de toekomst van Oekra\u00efne in Europa en binnen de NAVO ligt.<\/p>\n<p>Onderdeel van het 28-puntenplan was dat Oekra\u00efne nooit lid zou mogen worden van de NAVO. Secretaris-generaal Mark Rutte van de NAVO zei gisteren al dat Moskou een NAVO-lidmaatschap van Oekra\u00efne niet kan veto\u00ebn. Het kabinet benadrukt ook steeds dat Oekra\u00efne uitzicht moet houden op toetreding tot de NAVO en de Europese Unie.<\/p>\n","protected":false},"excerpt":{"rendered":"Een deel van het geld is dit jaar al uitgegeven. Daardoor is er een gat van 2 miljard&hellip;\n","protected":false},"author":2,"featured_media":67883,"comment_status":"","ping_status":"","sticky":false,"template":"","format":"standard","meta":{"footnotes":"","_share_on_mastodon":"0"},"categories":[5],"tags":[39,40,1054,16129,1835,48,43,44,16130,34,35,2764,41,42,1057,5244,46,47,49,45,32,33,50,1374,4939,36,37,38],"class_list":["post-67882","post","type-post","status-publish","format-standard","has-post-thumbnail","category-hoofdpunten","tag-breaking-news","tag-breakingnews","tag-david-van-weel","tag-derk-boswijk","tag-dick-schoof","tag-dutch","tag-featured-news","tag-featurednews","tag-hanneke-van-der-werf","tag-headlines","tag-hoofdpunten","tag-jesse-klaver","tag-latest-news","tag-latestnews","tag-ministerie-van-buitenlandse-zaken","tag-ministerie-van-defensie","tag-nederland","tag-nederlanden","tag-nederlands","tag-netherlands","tag-news","tag-nieuws","tag-nl","tag-oorlog-in-oekraine","tag-ruben-brekelmans","tag-top-stories","tag-topstories","tag-voorpaginanieuws"],"share_on_mastodon":{"url":"https:\/\/pubeurope.com\/@nl\/115622306354253487","error":""},"_links":{"self":[{"href":"https:\/\/www.europesays.com\/nl\/wp-json\/wp\/v2\/posts\/67882","targetHints":{"allow":["GET"]}}],"collection":[{"href":"https:\/\/www.europesays.com\/nl\/wp-json\/wp\/v2\/posts"}],"about":[{"href":"https:\/\/www.europesays.com\/nl\/wp-json\/wp\/v2\/types\/post"}],"author":[{"embeddable":true,"href":"https:\/\/www.europesays.com\/nl\/wp-json\/wp\/v2\/users\/2"}],"replies":[{"embeddable":true,"href":"https:\/\/www.europesays.com\/nl\/wp-json\/wp\/v2\/comments?post=67882"}],"version-history":[{"count":0,"href":"https:\/\/www.europesays.com\/nl\/wp-json\/wp\/v2\/posts\/67882\/revisions"}],"wp:featuredmedia":[{"embeddable":true,"href":"https:\/\/www.europesays.com\/nl\/wp-json\/wp\/v2\/media\/67883"}],"wp:attachment":[{"href":"https:\/\/www.europesays.com\/nl\/wp-json\/wp\/v2\/media?parent=67882"}],"wp:term":[{"taxonomy":"category","embeddable":true,"href":"https:\/\/www.europesays.com\/nl\/wp-json\/wp\/v2\/categories?post=67882"},{"taxonomy":"post_tag","embeddable":true,"href":"https:\/\/www.europesays.com\/nl\/wp-json\/wp\/v2\/tags?post=67882"}],"curies":[{"name":"wp","href":"https:\/\/api.w.org\/{rel}","templated":true}]}}