{"id":68125,"date":"2025-11-27T19:27:11","date_gmt":"2025-11-27T19:27:11","guid":{"rendered":"https:\/\/www.europesays.com\/nl\/68125\/"},"modified":"2025-11-27T19:27:11","modified_gmt":"2025-11-27T19:27:11","slug":"cheyenne-lohnen-en-ingmar-van-den-broek-verlaten-gtst-voor-modellencarriere-in-mexico-2","status":"publish","type":"post","link":"https:\/\/www.europesays.com\/nl\/68125\/","title":{"rendered":"Cheyenne L\u00f6hnen en Ingmar van den Broek verlaten GTST voor modellencarri\u00e8re in Mexico"},"content":{"rendered":"<p>\n                                                                    GTST\u00a0raakt binnenkort opnieuw twee castleden kwijt. RTL bevestigt aan deze site dat zowel Ingmar van den Broek (21) als Cheyenne L\u00f6hnen (28) vertrekken uit &#8217;s lands langstlopende soap. De twee jonge acteurs werken inmiddels in Mexico aan hun doorbraak als fotomodel.\n                                                            <\/p>\n<p>Oplettende volgers op social media zagen al een tijdje dat Ingmar en Cheyenne bivakkeren in Mexico-City. Nu blijkt dat het niet gaat om een vakantie of sabbatical: <a href=\"https:\/\/www.tvgids.nl\/nieuws\/sterren\/gtst-acteur-ingmar-van-den-broek-gestrikt-door-mexicaans-modellenbureau\" target=\"_self\" rel=\"nofollow noopener\">het stel tekende onlangs bij het Mexicaanse bureau Prototyp3<\/a> en probeert nu voet aan de grond te krijgen in den vreemde. <\/p>\n<p>\n            Gaan jullie Steef en Bizou missen?\n        <\/p>\n<p>\n            Stem<br \/>\n            Aantal stemmers: 237\n        <\/p>\n<p>Acteercursus Cheyenne<\/p>\n<p>Het vertrek uit de serie verklaart niet alleen hun langdurige verblijf in het buitenland, maar ook waarom Cheyenne recent besloot via Instagram een centje bij te verdienen door haar eigen acteercursus aan te bieden. Voor enkele honderden euro&#8217;s belooft de relatief onervaren actrice een select gezelschap de basisbeginselen van het vak bij te brengen. De seminars vinden, vanzelfsprekend, virtueel plaats.  <\/p>\n<p>Reactie RTL Nederland<\/p>\n<p>Een woordvoerder van RTL Nederland laat weten: \u201cHet klopt dat <a href=\"https:\/\/www.tvgids.nl\/tag\/cheyenne-\" target=\"_self\" rel=\"nofollow noopener\">Cheyenne L\u00f6hnen<\/a> en<a href=\"https:\/\/www.tvgids.nl\/tag\/ingmar-van-den-broek\" target=\"_self\" rel=\"nofollow noopener\"> Ingmar van den Broek<\/a> niet terugkeren in <a href=\"https:\/\/www.tvgids.nl\/tag\/gtst\" target=\"_self\" rel=\"nofollow noopener\">GTST<\/a>.\u00a0 Zij zijn op dit moment nog in de serie te zien; wanneer hun laatste afleveringen precies worden uitgezonden, maken we later bekend. We kijken terug op een prettige samenwerking en wensen hen veel succes met hun volgende\u00a0stappen.&#8221; <\/p>\n<p>Ingmar en Cheyenne<\/p>\n<p>Ingmar en Cheyenne maakten afgelopen juni hun relatie wereldkundig. De vonk sloeg over toen zij eind vorig jaar in de serie kwam als Bizou Pascal, de halfzus van zijn personge Steef Verduyn. Al snel was het paar onafscheidelijk en ze gaan ook nu dit nieuwe avontuur in het buitenland aan.  <\/p>\n<p>Daarmee komt voor de ambitieuze L\u00f6hnen, ze is naast model en cursusleidster ook brand manager en content creator, al binnen \u00e9\u00e9n seizoen een eind aan haar soapavontuur. Ingmar was sinds 2022 in de serie te zien toen hij de rol van Steef overnam van <a href=\"https:\/\/www.tvgids.nl\/tag\/tommy-van-lent\" target=\"_self\" rel=\"nofollow noopener\">Tommy van Lent<\/a>.  <\/p>\n<p>Recast Steef en Bizou<\/p>\n<p>De RTL-woordvoerder laat verder nog weten dat de rollen van Steef en Bizou voor zover bekend niet worden gerecast. Dat betekent dat er met het vertrek van <a href=\"https:\/\/www.tvgids.nl\/tag\/jette-van-der-meij\" target=\"_self\" rel=\"nofollow noopener\">Jette van der Meij<\/a> en de exit van <a href=\"https:\/\/www.tvgids.nl\/tag\/vincent-visser\" target=\"_self\" rel=\"nofollow noopener\">Vincent Visser<\/a> ruimte is voor nieuwe aanwas.  <\/p>\n","protected":false},"excerpt":{"rendered":"GTST\u00a0raakt binnenkort opnieuw twee castleden kwijt. RTL bevestigt aan deze site dat zowel Ingmar van den Broek (21)&hellip;\n","protected":false},"author":2,"featured_media":68126,"comment_status":"","ping_status":"","sticky":false,"template":"","format":"standard","meta":{"footnotes":""},"categories":[28],"tags":[99,48,98,46,47,49,45,50,124],"class_list":{"0":"post-68125","1":"post","2":"type-post","3":"status-publish","4":"format-standard","5":"has-post-thumbnail","7":"category-tv","8":"tag-amusement","9":"tag-dutch","10":"tag-entertainment","11":"tag-nederland","12":"tag-nederlanden","13":"tag-nederlands","14":"tag-netherlands","15":"tag-nl","16":"tag-tv"},"share_on_mastodon":{"url":"https:\/\/pubeurope.com\/@nl\/115623312974145076","error":""},"_links":{"self":[{"href":"https:\/\/www.europesays.com\/nl\/wp-json\/wp\/v2\/posts\/68125","targetHints":{"allow":["GET"]}}],"collection":[{"href":"https:\/\/www.europesays.com\/nl\/wp-json\/wp\/v2\/posts"}],"about":[{"href":"https:\/\/www.europesays.com\/nl\/wp-json\/wp\/v2\/types\/post"}],"author":[{"embeddable":true,"href":"https:\/\/www.europesays.com\/nl\/wp-json\/wp\/v2\/users\/2"}],"replies":[{"embeddable":true,"href":"https:\/\/www.europesays.com\/nl\/wp-json\/wp\/v2\/comments?post=68125"}],"version-history":[{"count":0,"href":"https:\/\/www.europesays.com\/nl\/wp-json\/wp\/v2\/posts\/68125\/revisions"}],"wp:featuredmedia":[{"embeddable":true,"href":"https:\/\/www.europesays.com\/nl\/wp-json\/wp\/v2\/media\/68126"}],"wp:attachment":[{"href":"https:\/\/www.europesays.com\/nl\/wp-json\/wp\/v2\/media?parent=68125"}],"wp:term":[{"taxonomy":"category","embeddable":true,"href":"https:\/\/www.europesays.com\/nl\/wp-json\/wp\/v2\/categories?post=68125"},{"taxonomy":"post_tag","embeddable":true,"href":"https:\/\/www.europesays.com\/nl\/wp-json\/wp\/v2\/tags?post=68125"}],"curies":[{"name":"wp","href":"https:\/\/api.w.org\/{rel}","templated":true}]}}