{"id":68300,"date":"2025-11-27T23:22:15","date_gmt":"2025-11-27T23:22:15","guid":{"rendered":"https:\/\/www.europesays.com\/nl\/68300\/"},"modified":"2025-11-27T23:22:15","modified_gmt":"2025-11-27T23:22:15","slug":"maxima-hoopt-op-meer-werkreizen-met-amalia-in-de-toekomst","status":"publish","type":"post","link":"https:\/\/www.europesays.com\/nl\/68300\/","title":{"rendered":"M\u00e1xima hoopt op meer werkreizen met Amalia in de toekomst"},"content":{"rendered":"<p>Koningin M\u00e1xima hoopt dat prinses Amalia in de toekomst vaker met haar mee kan op werkreizen, maar benadrukt dat haar dochter daarin volledig haar eigen keuzes maakt. Dat zei de koningin in een reactie op vragen van Blauw Bloed tijdens haar VN-reis in Indonesi\u00eb.<\/p>\n<p>M\u00e1xima noemde de gezamenlijke reis naar New York in september in het kader van M\u00e1xima\u2019s VN-werk \u201cgeweldig\u201d. Ook zei de koningin dat Amalia, die meeging als \u201ctassendrager\u201d, \u201cheel veel geleerd heeft\u201d. De koningin maakte ook duidelijk dat Amalia haar eigen keuzes maakt. \u201cZij heeft haar eigen leven. Ze heeft haar studies. Dus ze heeft niet altijd een hele week om met haar moeder op pad te gaan. Maar ze zal ook haar eigen weg kiezen en dat vind ik heel belangrijk\u201d, aldus M\u00e1xima.<\/p>\n<p>M\u00e1xima was in Indonesi\u00eb in haar rol als speciaal pleitbezorger van de secretaris-generaal van de Verenigde Naties voor financi\u00eble gezondheid. Het was haar vierde bezoek aan het land voor haar VN-werk.<\/p>\n","protected":false},"excerpt":{"rendered":"Koningin M\u00e1xima hoopt dat prinses Amalia in de toekomst vaker met haar mee kan op werkreizen, maar benadrukt&hellip;\n","protected":false},"author":2,"featured_media":68301,"comment_status":"","ping_status":"","sticky":false,"template":"","format":"standard","meta":{"footnotes":""},"categories":[31],"tags":[99,147,48,98,46,47,49,45,33,50],"class_list":{"0":"post-68300","1":"post","2":"type-post","3":"status-publish","4":"format-standard","5":"has-post-thumbnail","7":"category-celebrities","8":"tag-amusement","9":"tag-celebrities","10":"tag-dutch","11":"tag-entertainment","12":"tag-nederland","13":"tag-nederlanden","14":"tag-nederlands","15":"tag-netherlands","16":"tag-nieuws","17":"tag-nl"},"share_on_mastodon":{"url":"https:\/\/pubeurope.com\/@nl\/115624237037416255","error":""},"_links":{"self":[{"href":"https:\/\/www.europesays.com\/nl\/wp-json\/wp\/v2\/posts\/68300","targetHints":{"allow":["GET"]}}],"collection":[{"href":"https:\/\/www.europesays.com\/nl\/wp-json\/wp\/v2\/posts"}],"about":[{"href":"https:\/\/www.europesays.com\/nl\/wp-json\/wp\/v2\/types\/post"}],"author":[{"embeddable":true,"href":"https:\/\/www.europesays.com\/nl\/wp-json\/wp\/v2\/users\/2"}],"replies":[{"embeddable":true,"href":"https:\/\/www.europesays.com\/nl\/wp-json\/wp\/v2\/comments?post=68300"}],"version-history":[{"count":0,"href":"https:\/\/www.europesays.com\/nl\/wp-json\/wp\/v2\/posts\/68300\/revisions"}],"wp:featuredmedia":[{"embeddable":true,"href":"https:\/\/www.europesays.com\/nl\/wp-json\/wp\/v2\/media\/68301"}],"wp:attachment":[{"href":"https:\/\/www.europesays.com\/nl\/wp-json\/wp\/v2\/media?parent=68300"}],"wp:term":[{"taxonomy":"category","embeddable":true,"href":"https:\/\/www.europesays.com\/nl\/wp-json\/wp\/v2\/categories?post=68300"},{"taxonomy":"post_tag","embeddable":true,"href":"https:\/\/www.europesays.com\/nl\/wp-json\/wp\/v2\/tags?post=68300"}],"curies":[{"name":"wp","href":"https:\/\/api.w.org\/{rel}","templated":true}]}}