{"id":68921,"date":"2025-11-28T15:12:26","date_gmt":"2025-11-28T15:12:26","guid":{"rendered":"https:\/\/www.europesays.com\/nl\/68921\/"},"modified":"2025-11-28T15:12:26","modified_gmt":"2025-11-28T15:12:26","slug":"kampen-in-regering-trump-rond-oekraine-plan-rubio-lijmt-scherven-met-europa","status":"publish","type":"post","link":"https:\/\/www.europesays.com\/nl\/68921\/","title":{"rendered":"Kampen in regering Trump rond Oekra\u00efne-plan: &#8216;Rubio lijmt scherven met Europa&#8217;"},"content":{"rendered":"<p>Een groep Amerikaanse senatoren heeft zaterdag gezegd dat Rubio hun heeft verteld dat het Oekra\u00efne-plan dat door de Amerikaanse regering is gepresenteerd niet het offici\u00eble standpunt van de Verenigde Staten weergeeft, maar de eisen van Rusland. Kort na dat bericht liet de regering van Trump weten dat het wel degelijk een door de VS gewenst plan betreft. Zij noemde het verhaal van de senatoren &#8220;regelrecht onwaar&#8221;.<\/p>\n<p>Even later reageerde ook Rubio zelf. Hij stelt dat het 28-puntenplan is &#8220;geautoriseerd door de VS&#8221;, schreef hij op X. Het plan vormt &#8220;een stevig kader voor lopende onderhandelingen&#8221;, zei hij. &#8220;Het is gebaseerd op inbreng van Russische zijde. Maar het is ook gebaseerd op eerdere en aanhoudende inbreng van Oekra\u00efne.&#8221;<\/p>\n<p>Jansen denkt dat Rubio met die woorden de schade wilde beperken. &#8220;Hij zegt dat hij het niet zo heeft bedoeld. Nou, dan weet je ongeveer wel wat er feitelijk is gebeurd&#8221;, begint de voormalig hoofdredacteur van De Telegraaf in gesprek met Sven Kockelmann. &#8220;Het lijkt er toch op dat hij zich een beetje heeft versproken.&#8221;<\/p>\n<p>Twee kampen in regering-Trump<\/p>\n<p>Helemaal verrassend zijn de geluiden rond het standpunt van Rubio niet, zegt Jansen. &#8220;Je ziet al langer dat er meerdere kampen zijn in het buitenlanddossier, waarbij Rubio, naast minister van Buitenlandse Zaken ook veiligheidsadviseur, het ene kamp aanvoert en vicepresident J.D. Vance met adviseur Steve Witkoff het andere kamp aanvoeren. Dat zie je terug met name in het Oekra\u00efne-dossier.&#8221;<\/p>\n<p>De Verenigde Staten willen de oorlog in Oekra\u00efne zo snel mogelijk be\u00ebindigen, zegt Jansen. &#8220;Volgens de Trump-regering dient dit geen nationaal veiligheidsbelang voor Amerika. De regering zegt: we hebben maar \u00e9\u00e9n grote vijand en rivaal, die huist niet in Moskou maar in Beijing. Onderaan de streep moet de oorlog in Oekra\u00efne linksom of rechtsom worden be\u00ebindigd.&#8221;<\/p>\n","protected":false},"excerpt":{"rendered":"Een groep Amerikaanse senatoren heeft zaterdag gezegd dat Rubio hun heeft verteld dat het Oekra\u00efne-plan dat door de&hellip;\n","protected":false},"author":2,"featured_media":68922,"comment_status":"","ping_status":"","sticky":false,"template":"","format":"standard","meta":{"footnotes":""},"categories":[15],"tags":[39,40,48,43,44,34,35,41,42,46,47,49,45,32,33,50,36,37,38,67,64,65,66],"class_list":{"0":"post-68921","1":"post","2":"type-post","3":"status-publish","4":"format-standard","5":"has-post-thumbnail","7":"category-wereld","8":"tag-breaking-news","9":"tag-breakingnews","10":"tag-dutch","11":"tag-featured-news","12":"tag-featurednews","13":"tag-headlines","14":"tag-hoofdpunten","15":"tag-latest-news","16":"tag-latestnews","17":"tag-nederland","18":"tag-nederlanden","19":"tag-nederlands","20":"tag-netherlands","21":"tag-news","22":"tag-nieuws","23":"tag-nl","24":"tag-top-stories","25":"tag-topstories","26":"tag-voorpaginanieuws","27":"tag-wereld","28":"tag-world","29":"tag-world-news","30":"tag-worldnews"},"share_on_mastodon":{"url":"https:\/\/pubeurope.com\/@nl\/115627972681136066","error":""},"_links":{"self":[{"href":"https:\/\/www.europesays.com\/nl\/wp-json\/wp\/v2\/posts\/68921","targetHints":{"allow":["GET"]}}],"collection":[{"href":"https:\/\/www.europesays.com\/nl\/wp-json\/wp\/v2\/posts"}],"about":[{"href":"https:\/\/www.europesays.com\/nl\/wp-json\/wp\/v2\/types\/post"}],"author":[{"embeddable":true,"href":"https:\/\/www.europesays.com\/nl\/wp-json\/wp\/v2\/users\/2"}],"replies":[{"embeddable":true,"href":"https:\/\/www.europesays.com\/nl\/wp-json\/wp\/v2\/comments?post=68921"}],"version-history":[{"count":0,"href":"https:\/\/www.europesays.com\/nl\/wp-json\/wp\/v2\/posts\/68921\/revisions"}],"wp:featuredmedia":[{"embeddable":true,"href":"https:\/\/www.europesays.com\/nl\/wp-json\/wp\/v2\/media\/68922"}],"wp:attachment":[{"href":"https:\/\/www.europesays.com\/nl\/wp-json\/wp\/v2\/media?parent=68921"}],"wp:term":[{"taxonomy":"category","embeddable":true,"href":"https:\/\/www.europesays.com\/nl\/wp-json\/wp\/v2\/categories?post=68921"},{"taxonomy":"post_tag","embeddable":true,"href":"https:\/\/www.europesays.com\/nl\/wp-json\/wp\/v2\/tags?post=68921"}],"curies":[{"name":"wp","href":"https:\/\/api.w.org\/{rel}","templated":true}]}}